{"id":8776,"date":"2023-12-18T22:56:14","date_gmt":"2023-12-18T22:56:14","guid":{"rendered":"https:\/\/abuelaenlacocina.com\/?p=8776"},"modified":"2023-12-18T22:56:15","modified_gmt":"2023-12-18T22:56:15","slug":"4-plantas-que-no-se-deben-podar-en-primavera","status":"publish","type":"post","link":"https:\/\/abuelaenlacocina.com\/index.php\/2023\/12\/18\/4-plantas-que-no-se-deben-podar-en-primavera\/","title":{"rendered":"&#8220;4 plantas que no se deben podar en primavera&#8221;"},"content":{"rendered":"\n<p>De manera creciente, muchos jardineros reducen la frecuencia de corte de sus c\u00e9spedes para preservar la diversidad, especialmente en el mes de mayo. Sin embargo, otras plantas tambi\u00e9n merecen un poco de descanso en primavera. Aunque el retorno del buen tiempo invita a las labores de jardiner\u00eda, es importante tener cuidado con el exceso de entusiasmo al usar las tijeras de podar. La poda puede ser beneficiosa para algunos \u00e1rboles y arbustos en esta \u00e9poca, pero no todas las plantas responden de la misma manera, y algunas podr\u00edan deteriorarse si no se tiene precauci\u00f3n. Aqu\u00ed hay 4 plantas que no deben podarse en primavera.<\/p>\n\n\n\n<ol class=\"wp-block-list\">\n<li>Seringat El jazm\u00edn de los poetas requiere toda la delicadeza y atenci\u00f3n que sugiere su encantador nombre. Esto incluye esperar a que termine la floraci\u00f3n antes de realizar la poda (el forsitia se encuentra en la misma situaci\u00f3n). Es un arbusto que florece a finales de primavera, y se desaconseja cortar tallos que a\u00fan no han florecido. Sin embargo, debe podarse tan pronto como se desvanezcan las flores, ya que en esos brotes aparecer\u00e1n los futuros brotes para las flores que florecer\u00e1n en mayo y junio del pr\u00f3ximo a\u00f1o.<\/li>\n\n\n\n<li>Setos La ley proh\u00edbe a los agricultores la poda de setos desde el 15 de marzo hasta el 31 de julio, y recomienda a los particulares no podar setos ni podar \u00e1rboles desde el 15 de marzo hasta el 31 de julio. A partir de mediados de marzo, comienza la temporada de anidaci\u00f3n para las aves. Podar en este momento puede destruir nidos y perturbar a estos animales durante una parte crucial de su ciclo de vida. Por lo tanto, la recomendaci\u00f3n de no podar en primavera no es tanto para las plantas en s\u00ed, sino para proteger la fauna local.<\/li>\n\n\n\n<li>Lilas Si se realiza una poda demasiado temprana, se corre el riesgo de pasar un a\u00f1o sin flores. Es esencial esperar hasta el final de la floraci\u00f3n, cuando las flores se vuelven marrones, para realizar la poda. Retire las flores marchitas, acorte las ramas invasivas o muertas que desequilibran el arbusto y elimine los brotes en la base del lila que lo debilitan. Airear el centro del arbusto permitir\u00e1 que circule el aire y la luz, lo que le permitir\u00e1 generar nuevos brotes durante el verano y obtener hermosas flores para la pr\u00f3xima primavera, incluso si la poda no fue perfecta.<\/li>\n\n\n\n<li>Arce japon\u00e9s Este \u00e1rbol ya tiene un crecimiento muy lento que puede arruinarse f\u00e1cilmente con una poda incorrecta, especialmente si se realiza en el momento equivocado. En general, se desaconseja podar el arce japon\u00e9s a menos que sea un ejemplar viejo que lo necesite. Lo cierto es que, si realmente desea podarlo, debe evitar hacerlo en primavera cuando necesitar\u00e1 toda su energ\u00eda. Prefiera realizar la poda durante el invierno o a fines del oto\u00f1o, evitando las \u00e9pocas de heladas. Es crucial respetar estrictamente el periodo de noviembre a marzo para podar un arce japon\u00e9s si se desea mantenerlo saludable.<\/li>\n<\/ol>\n","protected":false},"excerpt":{"rendered":"<p>De manera creciente, muchos jardineros reducen la frecuencia de corte de sus c\u00e9spedes para preservar la diversidad, especialmente en el mes de mayo. Sin embargo, otras plantas tambi\u00e9n merecen un &#8230; <\/p>\n<p class=\"read-more-container\"><a title=\"&#8220;4 plantas que no se deben podar en primavera&#8221;\" class=\"read-more button\" href=\"https:\/\/abuelaenlacocina.com\/index.php\/2023\/12\/18\/4-plantas-que-no-se-deben-podar-en-primavera\/#more-8776\" aria-label=\"More on &#8220;4 plantas que no se deben podar en primavera&#8221;\">Seguir leyendo<\/a><\/p>\n","protected":false},"author":5,"featured_media":8778,"comment_status":"closed","ping_status":"closed","sticky":false,"template":"","format":"standard","meta":{"footnotes":""},"categories":[3],"tags":[],"class_list":["post-8776","post","type-post","status-publish","format-standard","has-post-thumbnail","hentry","category-jardin-y-consejos","generate-columns","tablet-grid-50","mobile-grid-100","grid-parent","grid-50","no-featured-image-padding"],"_links":{"self":[{"href":"https:\/\/abuelaenlacocina.com\/index.php\/wp-json\/wp\/v2\/posts\/8776","targetHints":{"allow":["GET"]}}],"collection":[{"href":"https:\/\/abuelaenlacocina.com\/index.php\/wp-json\/wp\/v2\/posts"}],"about":[{"href":"https:\/\/abuelaenlacocina.com\/index.php\/wp-json\/wp\/v2\/types\/post"}],"author":[{"embeddable":true,"href":"https:\/\/abuelaenlacocina.com\/index.php\/wp-json\/wp\/v2\/users\/5"}],"replies":[{"embeddable":true,"href":"https:\/\/abuelaenlacocina.com\/index.php\/wp-json\/wp\/v2\/comments?post=8776"}],"version-history":[{"count":1,"href":"https:\/\/abuelaenlacocina.com\/index.php\/wp-json\/wp\/v2\/posts\/8776\/revisions"}],"predecessor-version":[{"id":8779,"href":"https:\/\/abuelaenlacocina.com\/index.php\/wp-json\/wp\/v2\/posts\/8776\/revisions\/8779"}],"wp:featuredmedia":[{"embeddable":true,"href":"https:\/\/abuelaenlacocina.com\/index.php\/wp-json\/wp\/v2\/media\/8778"}],"wp:attachment":[{"href":"https:\/\/abuelaenlacocina.com\/index.php\/wp-json\/wp\/v2\/media?parent=8776"}],"wp:term":[{"taxonomy":"category","embeddable":true,"href":"https:\/\/abuelaenlacocina.com\/index.php\/wp-json\/wp\/v2\/categories?post=8776"},{"taxonomy":"post_tag","embeddable":true,"href":"https:\/\/abuelaenlacocina.com\/index.php\/wp-json\/wp\/v2\/tags?post=8776"}],"curies":[{"name":"wp","href":"https:\/\/api.w.org\/{rel}","templated":true}]}}