{"id":7805,"date":"2023-12-08T11:11:44","date_gmt":"2023-12-08T11:11:44","guid":{"rendered":"https:\/\/abuelaenlacocina.com\/?p=7805"},"modified":"2024-03-24T17:49:07","modified_gmt":"2024-03-24T17:49:07","slug":"pothos-como-cultivarlo-en-un-tarro-el-procedimiento-paso-a-paso","status":"publish","type":"post","link":"https:\/\/abuelaenlacocina.com\/index.php\/2023\/12\/08\/pothos-como-cultivarlo-en-un-tarro-el-procedimiento-paso-a-paso\/","title":{"rendered":"POTHOS, C\u00d3MO CULTIVARLO EN UN TARRO: EL PROCEDIMIENTO PASO A PASO"},"content":{"rendered":"\n<p id=\"block-65fc5494-fb1d-4fb9-a9a3-9cf87c55ee51\"><strong>Desvelamos un m\u00e9todo revolucionario para cultivar tus Fotos directamente dentro de un tarro, aunque vivas en un piso.<\/strong><\/p>\n\n\n\n<p id=\"block-006f266a-0872-451f-bf2e-b10b45ef624e\">Aqu\u00ed tienes la forma m\u00e1s incre\u00edble de cultivar un <strong>Fotos<\/strong>&nbsp;sin ser un verdadero experto jardinero, el resultado ser\u00e1 realmente incre\u00edble.<\/p>\n\n\n\n<h2 class=\"wp-block-heading\" id=\"block-6a0e8a30-1301-46d9-a7b1-624f608ffe8a\"><strong>TODAS LAS PROPIEDADES DE LAS FOTOS<\/strong><\/h2>\n\n\n\n<p id=\"block-30746746-a859-41c9-bb64-5799ef379af1\">La <strong>fotos<\/strong>\u00a0es una planta perteneciente a la familia de las ar\u00e1ceas, originaria de los bosques tropicales de Am\u00e9rica. Esta planta es muy popular como planta de interior debido a su belleza y a sus propiedades purificadoras del aire. En este art\u00edculo, exploraremos sus propiedades y las razones por las que deber\u00edas considerar a\u00f1adir esta planta a tu colecci\u00f3n.<\/p>\n\n\n\n<figure class=\"wp-block-image size-large\"><img loading=\"lazy\" decoding=\"async\" width=\"1024\" height=\"576\" src=\"https:\/\/abuelaenlacocina.com\/wp-content\/uploads\/2024\/03\/image-874-1024x576.png\" alt=\"\" class=\"wp-image-16830\" srcset=\"https:\/\/abuelaenlacocina.com\/wp-content\/uploads\/2024\/03\/image-874-1024x576.png 1024w, https:\/\/abuelaenlacocina.com\/wp-content\/uploads\/2024\/03\/image-874-300x169.png 300w, https:\/\/abuelaenlacocina.com\/wp-content\/uploads\/2024\/03\/image-874-768x432.png 768w, https:\/\/abuelaenlacocina.com\/wp-content\/uploads\/2024\/03\/image-874.png 1280w\" sizes=\"auto, (max-width: 1024px) 100vw, 1024px\" \/><\/figure>\n\n\n\n<p id=\"block-c6e70eea-8eb8-464c-ac0e-3cf183c1e3ef\">Photos es una planta de aspecto <strong>elegante<\/strong> y sofisticado, con sus brillantes hojas ovaladas que crecen sobre tallos altos. Adem\u00e1s, es una planta f\u00e1cil de cultivar, apta incluso para principiantes. La planta necesita mucha luz, pero no directa, y un suelo bien drenado y abonado para crecer de forma \u00f3ptima.<\/p>\n\n\n\n<p id=\"block-cccbf79a-11cf-43e8-91d3-bb9569c36e44\">Una de las principales ventajas de las fotos es su <strong>capacidad para purificar el aire<\/strong>. La NASA realiz\u00f3 un estudio sobre la purificaci\u00f3n del aire con plantas y descubri\u00f3 que es capaz de eliminar contaminantes como el benceno, el formaldeh\u00eddo y el tricloroetileno. Estos contaminantes suelen encontrarse en interiores, por lo que tenerla en casa puede ayudar a mejorar la calidad del aire que respiras.<\/p>\n\n\n\n<p id=\"block-4e5896d7-191f-41c2-b4e3-4f08efcafd4a\">Adem\u00e1s de sus<strong>&nbsp;propiedades purificadoras del aire<\/strong>&nbsp;, las fotos tambi\u00e9n tienen propiedades medicinales. La planta contiene compuestos activos como el gluc\u00f3sido arudina, conocido por su efecto anticoagulante y que puede utilizarse para prevenir problemas cardiovasculares. Adem\u00e1s, el extracto de fotos se ha utilizado como remedio tradicional para el tratamiento de diversas dolencias, como dolores de cabeza, n\u00e1useas, fiebre y reumatismo.<\/p>\n\n\n\n<p id=\"block-f8308860-c2c8-41a4-a6fa-7003446168b0\">Por \u00faltimo, tambi\u00e9n es conocida por su capacidad para aumentar la productividad y <strong>reducir el estr\u00e9s<\/strong>. Un estudio demostr\u00f3 que la inclusi\u00f3n de plantas de oficina como las fotos provocaba un aumento de la productividad y el bienestar de los empleados.<\/p>\n\n\n\n<p id=\"block-fb664a6d-9881-4b88-8dff-05f9629b8fd2\">Las fotos son una planta <strong>hermosa<\/strong>&nbsp;<strong>y f\u00e1cil de cultivar que ofrece muchos beneficios para la salud y el medio ambiente. Si est\u00e1 buscando una planta para su hogar u oficina, sin duda es una buena opci\u00f3n a tener en cuenta. No s\u00f3lo es hermosa a la vista, sino que tambi\u00e9n puede mejorar la calidad del aire, proporcionar beneficios para la salud y aumentar la productividad.<\/strong><\/p>\n\n\n\n<h3 class=\"wp-block-heading\" id=\"block-204b2e61-c507-421b-9cdf-9f50d7ae6fb0\"><strong>As\u00ed se cultiva en un tarro<\/strong><\/h3>\n\n\n\n<p id=\"block-b4e7fbe4-6447-4237-bbeb-b1f0d5b2ba59\">La planta <strong>fotos<\/strong> es una opci\u00f3n popular para quienes buscan a\u00f1adir algo de verdor a su hogar u oficina. Una de sus caracter\u00edsticas distintivas es que puede crecer en tarros de cristal o terrarios, lo que la convierte en una planta ideal para quienes disponen de poco espacio. A continuaci\u00f3n te explicamos paso a paso c\u00f3mo cultivar una foto en un tarro.<\/p>\n\n\n\n<p id=\"block-b4f679aa-4243-43f8-b09e-d9cc47512f16\"><strong>Elige el tarro y la tierra para macetas<\/strong>. El tama\u00f1o del tarro depende del tama\u00f1o de la planta, pero un tarro de cristal transparente es ideal para mostrar las ra\u00edces y la tierra. Aseg\u00farate de utilizar tierra f\u00e9rtil y con buen drenaje, ya que las fotos necesitan un buen drenaje para evitar que las ra\u00edces se pudran.<\/p>\n\n\n\n<p id=\"block-741c2a56-363f-41f1-8a2f-e78a7e5cc242\"><strong>Plantar<\/strong>&nbsp;las fotos. Es una planta f\u00e1cil de cultivar y se puede plantar directamente en el tarro. Coloque la planta en el centro del tarro y c\u00fabrala con tierra para macetas, presionando suavemente alrededor de las ra\u00edces.<\/p>\n\n\n\n<figure class=\"wp-block-image\" id=\"block-f43c5e0f-76d0-41e9-99b5-d751f7b530ee\"><img decoding=\"async\" src=\"https:\/\/www.nanopress.it\/wp-content\/uploads\/2023\/02\/Photos-in-bicchiere.jpg\" alt=\"Photos in bicchiere\" \/><\/figure>\n\n\n\n<p id=\"block-698189d9-b632-4e83-80e1-e177dfe4559f\">A\u00f1ada <strong>grava<\/strong> o carb\u00f3n activado. La grava o el carb\u00f3n activado ayudar\u00e1n a mantener la tierra fresca y evitar\u00e1n la compactaci\u00f3n del suelo. A\u00f1ade una capa de grava o carb\u00f3n activado aproximadamente 1,5 cm por encima de la tierra vegetal.<\/p>\n\n\n\n<p id=\"block-99a87252-426b-4a27-8f89-973ee3f69531\">A\u00f1ada un poco de <strong>agua<\/strong>. Vierta agua en el fondo del tarro de forma que llegue al nivel de la grava o del carb\u00f3n activado. Aseg\u00farate de no verter demasiada agua, ya que podr\u00eda hacer que las ra\u00edces se pudrieran.<\/p>\n\n\n\n<p id=\"block-5c10add8-dae8-4911-bd5e-7bb838772945\">Coloque su planta en una <strong>zona luminosa<\/strong>. Las fotos necesitan mucha luz para la fotos\u00edntesis, as\u00ed que coloca el tarro en una zona luminosa, pero no a la luz directa del sol. La luz solar directa puede quemar las hojas de las fotos.<\/p>\n\n\n\n<p id=\"block-43adb2fd-6a45-471f-bab9-33b9d0ec803d\">Mant\u00e9n tus fotos&nbsp;<strong>hidratadas.<\/strong>&nbsp;Comprueba regularmente el nivel de agua del tarro y aseg\u00farate de que la tierra permanece h\u00fameda pero no demasiado mojada. Si la tierra se seca demasiado, a\u00f1ade un poco de agua al fondo del tarro.<\/p>\n\n\n\n<p id=\"block-ca30b255-f958-4f0c-8d82-421a9798c06e\"><strong>Planta y cuidados<\/strong>. Las fotos pueden llegar a ser un poco demasiado grandes para la lata, as\u00ed que poda la planta con regularidad para mantener su tama\u00f1o controlado. Adem\u00e1s, no olvide alimentar la planta con un abono para plantas cada 2-3 meses para ayudar a mantener su salud y vitalidad.<\/p>\n","protected":false},"excerpt":{"rendered":"<p>Desvelamos un m\u00e9todo revolucionario para cultivar tus Fotos directamente dentro de un tarro, aunque vivas en un piso. Aqu\u00ed tienes la forma m\u00e1s incre\u00edble de cultivar un Fotos&nbsp;sin ser un &#8230; <\/p>\n<p class=\"read-more-container\"><a title=\"POTHOS, C\u00d3MO CULTIVARLO EN UN TARRO: EL PROCEDIMIENTO PASO A PASO\" class=\"read-more button\" href=\"https:\/\/abuelaenlacocina.com\/index.php\/2023\/12\/08\/pothos-como-cultivarlo-en-un-tarro-el-procedimiento-paso-a-paso\/#more-7805\" aria-label=\"More on POTHOS, C\u00d3MO CULTIVARLO EN UN TARRO: EL PROCEDIMIENTO PASO A PASO\">Seguir leyendo<\/a><\/p>\n","protected":false},"author":5,"featured_media":7807,"comment_status":"closed","ping_status":"closed","sticky":false,"template":"","format":"standard","meta":{"footnotes":""},"categories":[3],"tags":[],"class_list":["post-7805","post","type-post","status-publish","format-standard","has-post-thumbnail","hentry","category-jardin-y-consejos","generate-columns","tablet-grid-50","mobile-grid-100","grid-parent","grid-50","no-featured-image-padding"],"_links":{"self":[{"href":"https:\/\/abuelaenlacocina.com\/index.php\/wp-json\/wp\/v2\/posts\/7805","targetHints":{"allow":["GET"]}}],"collection":[{"href":"https:\/\/abuelaenlacocina.com\/index.php\/wp-json\/wp\/v2\/posts"}],"about":[{"href":"https:\/\/abuelaenlacocina.com\/index.php\/wp-json\/wp\/v2\/types\/post"}],"author":[{"embeddable":true,"href":"https:\/\/abuelaenlacocina.com\/index.php\/wp-json\/wp\/v2\/users\/5"}],"replies":[{"embeddable":true,"href":"https:\/\/abuelaenlacocina.com\/index.php\/wp-json\/wp\/v2\/comments?post=7805"}],"version-history":[{"count":2,"href":"https:\/\/abuelaenlacocina.com\/index.php\/wp-json\/wp\/v2\/posts\/7805\/revisions"}],"predecessor-version":[{"id":16831,"href":"https:\/\/abuelaenlacocina.com\/index.php\/wp-json\/wp\/v2\/posts\/7805\/revisions\/16831"}],"wp:featuredmedia":[{"embeddable":true,"href":"https:\/\/abuelaenlacocina.com\/index.php\/wp-json\/wp\/v2\/media\/7807"}],"wp:attachment":[{"href":"https:\/\/abuelaenlacocina.com\/index.php\/wp-json\/wp\/v2\/media?parent=7805"}],"wp:term":[{"taxonomy":"category","embeddable":true,"href":"https:\/\/abuelaenlacocina.com\/index.php\/wp-json\/wp\/v2\/categories?post=7805"},{"taxonomy":"post_tag","embeddable":true,"href":"https:\/\/abuelaenlacocina.com\/index.php\/wp-json\/wp\/v2\/tags?post=7805"}],"curies":[{"name":"wp","href":"https:\/\/api.w.org\/{rel}","templated":true}]}}