{"id":7640,"date":"2023-12-05T21:46:32","date_gmt":"2023-12-05T21:46:32","guid":{"rendered":"https:\/\/abuelaenlacocina.com\/?p=7640"},"modified":"2023-12-05T21:46:34","modified_gmt":"2023-12-05T21:46:34","slug":"la-planta-que-todo-lo-cura-no-la-arranques-del-jardin-porque-se-considera-valiosa","status":"publish","type":"post","link":"https:\/\/abuelaenlacocina.com\/index.php\/2023\/12\/05\/la-planta-que-todo-lo-cura-no-la-arranques-del-jardin-porque-se-considera-valiosa\/","title":{"rendered":"LA PLANTA QUE TODO LO CURA, NO LA ARRANQUES DEL JARD\u00cdN: PORQUE SE CONSIDERA VALIOSA"},"content":{"rendered":"\n<p id=\"block-fc0cabfe-1d13-4124-a223-ffcf7d8404b9\"><strong>Es una planta que lo cura todo y que nunca hay que quitar del jard\u00edn. Pero, \u00bfde qu\u00e9 tipo es y cu\u00e1les son sus beneficios?<\/strong><\/p>\n\n\n\n<figure class=\"wp-block-image\" id=\"block-a7f419a7-3c0a-4add-964b-5bfaaf57f32a\"><img decoding=\"async\" src=\"https:\/\/www.nanopress.it\/wp-content\/uploads\/2023\/03\/Pianta-in-giardino.jpg\" alt=\"Pianta in giardino\" \/><figcaption class=\"wp-element-caption\">Plantar en el jard\u00edn &#8211; Nanopress.es<\/figcaption><\/figure>\n\n\n\n<p id=\"block-65b84ad5-c04f-44b0-b8e4-a8318fce55bc\">Las plantas siempre han representado un patrimonio \u00fanico que hay que conservar. No s\u00f3lo se utilizan para<strong>&nbsp;embellecer jardines y balcones<\/strong>, sino tambi\u00e9n por sus beneficios, reconocidos desde la antig\u00fcedad. Una en particular cura todos los males: hablamos de la verdolaga.<\/p>\n\n\n\n<p id=\"block-e089794f-f391-4d4d-901f-55bf68444f42\">La planta es anual y crece silvestre en campos sin cultivar o en parterres. A menudo se arranca creyendo que es una mala hierba que hay que eliminar, cuando en realidad es una cura para todo. En la antig\u00fcedad se utilizaba para el sistema inmunol\u00f3gico, llegando incluso a ponerla debajo del colch\u00f3n para asegurar un mejor descanso nocturno. \u00bfDescubrimos juntos todos sus beneficios y usos?<\/p>\n\n\n\n<h2 class=\"wp-block-heading\" id=\"block-4c15531d-4423-4b12-a517-bf065ba774b5\">CARACTER\u00cdSTICAS Y BENEFICIOS DE LA PLANTA QUE LO CURA TODO<\/h2>\n\n\n\n<p id=\"block-36c3ef56-267d-4d59-8cfb-60382d6efa93\">Una<strong>&nbsp;planta antigua<\/strong>&nbsp;y utilizada por todos los pueblos, para diferentes fines que giran en torno a la esfera del bienestar. Toda la planta tiene hojas de color verde intenso, con una alta concentraci\u00f3n de vitamina A &#8211; vitamina C y todas las vitaminas del grupo B, as\u00ed como una cantidad considerable de vitamina E. <strong>rich-text-format-boundary=&#8221;true&#8221;&gt;.<\/strong><\/p>\n\n\n\n<figure class=\"wp-block-image\" id=\"block-8d2ae01e-c4d0-4828-a932-a8c2649a3621\"><img decoding=\"async\" src=\"https:\/\/www.nanopress.it\/wp-content\/uploads\/2023\/03\/benefici-caratteristiche-portulaca.jpg\" alt=\"benefici e caratteristiche della portulaca\" \/><figcaption class=\"wp-element-caption\">Ventajas y caracter\u00edsticas del purslane-NanoPress.co.uk<\/figcaption><\/figure>\n\n\n\n<p id=\"block-2f7827a9-99d8-4b71-97f1-907b3b695668\"><strong>No faltan las sales minerales<\/strong>, aunque en menor cantidad. Se la considera la planta que todo lo cura, aunque sean las plagas en jardines y otras partes libres de cultivos. Pocos saben que ofrece un excelente aporte de \u00e1cidos grasos esenciales como el Omega 3. Cuando se consume cruda, es una ventaja para reforzar el sistema inmunol\u00f3gico y para la&nbsp;<strong>prevenci\u00f3n de todas las enfermedades de la sangre&nbsp;y la circulaci\u00f3n.<\/strong>.<\/p>\n\n\n\n<p id=\"block-d20ce9b1-234d-4670-b6a6-5f5e45cbfcad\">Tambi\u00e9n es \u00f3ptimo para fines fitoterap\u00e9uticos, con una utilidad superior a la media por su acci\u00f3n antiinflamatoria, refrescante, diur\u00e9tica y tambi\u00e9n antioxidante. No faltan muc\u00edlagos en su composici\u00f3n, lo que la convierte en un potente emoliente para utilizar en pieles sensibles y secas. Algunos expertos tambi\u00e9n lo recomiendan para mejorar la funci\u00f3n renal, as\u00ed como enjuague bucal para tratar<strong>&nbsp;\u00falceras y gingivitis.<\/strong><\/p>\n\n\n\n<h3 class=\"wp-block-heading\" id=\"block-7b47dd0f-3f3d-444a-a605-4fc14b9a494d\">\u00bfC\u00f3mo se utiliza la verdolaga?<\/h3>\n\n\n\n<p id=\"block-3663ea6d-91c0-48e0-99d7-a668e5194c02\"><strong>Los usos de esta planta<\/strong>, como se ha mencionado, pueden ser muchos. Uno puede comerse las hojas o convertirlas en<strong>&nbsp;un excelente ingrediente<\/strong>&nbsp;para ensaladas de verano. Y no s\u00f3lo eso, se convierte en una deliciosa guarnici\u00f3n o en el ingrediente principal de las sopas de invierno.<\/p>\n\n\n\n<figure class=\"wp-block-image\" id=\"block-c16e76e6-e924-4982-97e2-c8a569abad55\"><img decoding=\"async\" src=\"https:\/\/www.nanopress.it\/wp-content\/uploads\/2023\/03\/portulaca-pianta-che-cura.jpg\" alt=\"portulaca la pianta che cura\" \/><figcaption class=\"wp-element-caption\">verdolaga, la planta curativa-NanoPress.co.uk<\/figcaption><\/figure>\n\n\n\n<p id=\"block-526da7f8-f00d-4d33-9137-c50f552ccbfd\">Tambi\u00e9n se pueden comer hervidas, con un chorrito de aceite y lim\u00f3n o salteadas con un condimento ligero. La textura de las hojas las hace aptas para salsas de diversos tipos, como mayonesa o vinagre.<\/p>\n\n\n\n<p id=\"block-dfdf691c-74a3-4572-99aa-78e682923692\"><strong>\u00bfExisten contraindicaciones?<\/strong><\/p>\n\n\n\n<p>No debe consumirse todos los d\u00edas, sino alternarse con otras verduras. En cuanto a su uso para la piel o las enc\u00edas, no existen contraindicaciones y tambi\u00e9n puede aplicarse todos los d\u00edas.<\/p>\n\n\n\n<p id=\"block-1b4cf918-6ee3-4032-9c2f-bef478e66790\">Es una planta extraordinaria, que crece de forma silvestre y que nunca se deber\u00eda quitar, sino utilizar para reforzar el sistema inmunitario y mucho m\u00e1s.<\/p>\n","protected":false},"excerpt":{"rendered":"<p>Es una planta que lo cura todo y que nunca hay que quitar del jard\u00edn. Pero, \u00bfde qu\u00e9 tipo es y cu\u00e1les son sus beneficios? Las plantas siempre han representado &#8230; <\/p>\n<p class=\"read-more-container\"><a title=\"LA PLANTA QUE TODO LO CURA, NO LA ARRANQUES DEL JARD\u00cdN: PORQUE SE CONSIDERA VALIOSA\" class=\"read-more button\" href=\"https:\/\/abuelaenlacocina.com\/index.php\/2023\/12\/05\/la-planta-que-todo-lo-cura-no-la-arranques-del-jardin-porque-se-considera-valiosa\/#more-7640\" aria-label=\"More on LA PLANTA QUE TODO LO CURA, NO LA ARRANQUES DEL JARD\u00cdN: PORQUE SE CONSIDERA VALIOSA\">Seguir leyendo<\/a><\/p>\n","protected":false},"author":5,"featured_media":7642,"comment_status":"closed","ping_status":"closed","sticky":false,"template":"","format":"standard","meta":{"footnotes":""},"categories":[3],"tags":[],"class_list":["post-7640","post","type-post","status-publish","format-standard","has-post-thumbnail","hentry","category-jardin-y-consejos","generate-columns","tablet-grid-50","mobile-grid-100","grid-parent","grid-50","no-featured-image-padding"],"_links":{"self":[{"href":"https:\/\/abuelaenlacocina.com\/index.php\/wp-json\/wp\/v2\/posts\/7640","targetHints":{"allow":["GET"]}}],"collection":[{"href":"https:\/\/abuelaenlacocina.com\/index.php\/wp-json\/wp\/v2\/posts"}],"about":[{"href":"https:\/\/abuelaenlacocina.com\/index.php\/wp-json\/wp\/v2\/types\/post"}],"author":[{"embeddable":true,"href":"https:\/\/abuelaenlacocina.com\/index.php\/wp-json\/wp\/v2\/users\/5"}],"replies":[{"embeddable":true,"href":"https:\/\/abuelaenlacocina.com\/index.php\/wp-json\/wp\/v2\/comments?post=7640"}],"version-history":[{"count":1,"href":"https:\/\/abuelaenlacocina.com\/index.php\/wp-json\/wp\/v2\/posts\/7640\/revisions"}],"predecessor-version":[{"id":7643,"href":"https:\/\/abuelaenlacocina.com\/index.php\/wp-json\/wp\/v2\/posts\/7640\/revisions\/7643"}],"wp:featuredmedia":[{"embeddable":true,"href":"https:\/\/abuelaenlacocina.com\/index.php\/wp-json\/wp\/v2\/media\/7642"}],"wp:attachment":[{"href":"https:\/\/abuelaenlacocina.com\/index.php\/wp-json\/wp\/v2\/media?parent=7640"}],"wp:term":[{"taxonomy":"category","embeddable":true,"href":"https:\/\/abuelaenlacocina.com\/index.php\/wp-json\/wp\/v2\/categories?post=7640"},{"taxonomy":"post_tag","embeddable":true,"href":"https:\/\/abuelaenlacocina.com\/index.php\/wp-json\/wp\/v2\/tags?post=7640"}],"curies":[{"name":"wp","href":"https:\/\/api.w.org\/{rel}","templated":true}]}}