{"id":7573,"date":"2023-12-04T18:50:24","date_gmt":"2023-12-04T18:50:24","guid":{"rendered":"https:\/\/abuelaenlacocina.com\/?p=7573"},"modified":"2023-12-04T18:50:26","modified_gmt":"2023-12-04T18:50:26","slug":"cambio-de-estacion-como-doblar-chaquetas-y-abrigos-de-invierno-asi-lo-hacen-los-sastres","status":"publish","type":"post","link":"https:\/\/abuelaenlacocina.com\/index.php\/2023\/12\/04\/cambio-de-estacion-como-doblar-chaquetas-y-abrigos-de-invierno-asi-lo-hacen-los-sastres\/","title":{"rendered":"CAMBIO DE ESTACI\u00d3N, C\u00d3MO DOBLAR CHAQUETAS Y ABRIGOS DE INVIERNO: AS\u00cd LO HACEN LOS SASTRES"},"content":{"rendered":"\n<p id=\"block-d5f0a8f5-d69d-4ccb-b470-8f13fb2441dd\"><strong>Con el cambio de estaci\u00f3n, \u00bfc\u00f3mo doblar abrigos y chaquetas? Los sastres explican su m\u00e9todo infalible.<\/strong><\/p>\n\n\n\n<figure class=\"wp-block-image\" id=\"block-e9ff7055-6b58-4f76-ae78-472aaa40f0ba\"><img decoding=\"async\" src=\"https:\/\/www.nanopress.it\/wp-content\/uploads\/2023\/04\/piegare-giubbino.jpg\" alt=\"piegare giubbino\" \/><figcaption class=\"wp-element-caption\">Chaqueta plegable-NanoPress.co.uk<\/figcaption><\/figure>\n\n\n\n<p id=\"block-fd90b1e6-e718-4fb6-9533-905e23982c5a\">Ha llegado el momento del <strong>cambio de estaci\u00f3n<\/strong>, guardar toda la ropa de invierno para dar paso a la ropa de primavera y verano. Aunque el tiempo nunca sea estable, los abrigos y chaquetas ya no se llevan y se puede hacer el cambio total. Pero, \u00bfcu\u00e1l es la mejor manera de doblarlos sin que ocupen espacio? El m\u00e9todo de los sastres se desvela por fin y ense\u00f1a una t\u00e9cnica nunca vista que deber\u00edas probar ya.<\/p>\n\n\n\n<h2 class=\"wp-block-heading\" id=\"block-65b62ea6-a1b4-4cf7-9999-2270d9d687b8\">\u00bfC\u00d3MO SE CAMBIA DE TEMPORADA EL VESTUARIO?<\/h2>\n\n\n\n<p id=\"block-7e53279d-c555-4d5a-b0d9-53e3cb356c1f\">La&nbsp;<strong>transici\u00f3n del fr\u00edo invierno<\/strong>&nbsp;al calor de la primavera\/verano hace posible&nbsp;<strong>hacer algo de desorden<\/strong>. Lavar y doblar, o revender la ropa que ya no se va a poner, hasta ordenar las chaquetas y abrigos m\u00e1s dif\u00edciles de gestionar.<\/p>\n\n\n\n<p id=\"block-48eeba20-d81e-4e3c-a4bb-98ad96f7cd91\">El invierno es una colecci\u00f3n de ropa muy pesada, \u00e9sta se guarda finalmente y se hace sitio para <strong>vestidos, camisetas, pantalones ligeros<\/strong>&nbsp;y cualquier otro tipo de ropa no pesada. La operaci\u00f3n requiere tiempo y atenci\u00f3n, sobre todo si algunas prendas tienen manchas.<\/p>\n\n\n\n<figure class=\"wp-block-image\" id=\"block-29961c89-a40a-4096-a73b-45fc70b5fd9a\"><img decoding=\"async\" src=\"https:\/\/www.nanopress.it\/wp-content\/uploads\/2023\/04\/piegare-panni.jpg\" alt=\"piegare i panni\" \/><figcaption class=\"wp-element-caption\">doblar la ropa-nanopress.es<\/figcaption><\/figure>\n\n\n\n<p id=\"block-3dabc7ad-b917-4086-ba07-0081bdca1c34\">De hecho, lo ideal es lavarlo todo y luego, una vez bien secas, meter las prendas en una caja o en bolsas especiales para que no ocupen demasiado espacio.<\/p>\n\n\n\n<p id=\"block-fb0af8b2-8114-4ea3-8796-0091dc4f1dff\">Los <strong>su\u00e9teres de cachemira<\/strong>&nbsp;deben lavarse y tratarse en la lavander\u00eda, y luego guardarse en el armario en bolsas especiales para conservarlos hasta que llegue de nuevo la temporada de invierno.<\/p>\n\n\n\n<p id=\"block-6928c00b-6e7d-4d71-ad89-d16f607ccfc1\">En efecto,<strong>&nbsp;las prendas de lana<\/strong>&nbsp;son las m\u00e1s delicadas de todas y hay que tener cuidado. Los jerseys y chaquetas de punto gruesos pueden doblarse utilizando el m\u00e9todo de la bolsa. Se doblan sobre s\u00ed mismos hasta convertirse en peque\u00f1as bolsas. Si se dispone de espacio, pueden guardarse en cajas, no sin antes utilizar una bolsa que los proteja de la humedad y el moho.<\/p>\n\n\n\n<h3 class=\"wp-block-heading\" id=\"block-df515181-3ad4-45c0-83f5-c20100459560\">Doblar abrigos y chaquetas: el m\u00e9todo de los sastres<\/h3>\n\n\n\n<p id=\"block-88190f12-e9af-4b59-92d5-ab3e0d11a730\">Lo primero que hay que hacer es&nbsp;<strong>llevar los abrigos, chaquetas y americanas<\/strong>&nbsp;a la lavander\u00eda. En la mayor\u00eda de los casos es mejor lavarlos en seco. Una vez listos, pueden guardarse en el armario con su funda y colgarse con un gancho resistente.<\/p>\n\n\n\n<p id=\"block-fd137950-4249-4781-a0b4-59bd73b2ed81\">Pero no todo el mundo tiene el <strong>espacio<\/strong> a su disposici\u00f3n, por eso se aplica el m\u00e9todo de los sastres.<\/p>\n\n\n\n<figure class=\"wp-block-image\" id=\"block-9c7bca50-4ca1-4519-964b-f0bfba3f9f16\"><img decoding=\"async\" src=\"https:\/\/www.nanopress.it\/wp-content\/uploads\/2023\/04\/cambio-di-stagione-.jpg\" alt=\"cambio di stagione \" \/><figcaption class=\"wp-element-caption\">Cambio de estaci\u00f3n-NanoPress.co.uk<\/figcaption><\/figure>\n\n\n\n<p id=\"block-fb351caf-272c-4b41-ab30-97d122921753\">Coge una <strong>chaqueta o abrigo<\/strong>&nbsp;y col\u00f3cala sobre una parte plana. Inmediatamente despu\u00e9s, coge las dos mangas y d\u00f3blalas sobre la parte trasera de la chaqueta. Dobla la prenda sobre s\u00ed misma y, a continuaci\u00f3n, d\u00f3blala una vez m\u00e1s. Con este m\u00e9todo, podr\u00e1s tener una chaqueta peque\u00f1a que quepa en todos los armarios, incluso en los m\u00e1s peque\u00f1os.<\/p>\n\n\n\n<p id=\"block-7da56481-d975-4fd5-8bb1-f23505dc74d7\">Para que sigan oliendo bien durante toda la estaci\u00f3n c\u00e1lida, a\u00f1ade bolsitas de lavanda o menta al armario para que no cojan el desagradable olor a humedad.<\/p>\n","protected":false},"excerpt":{"rendered":"<p>Con el cambio de estaci\u00f3n, \u00bfc\u00f3mo doblar abrigos y chaquetas? Los sastres explican su m\u00e9todo infalible. Ha llegado el momento del cambio de estaci\u00f3n, guardar toda la ropa de invierno &#8230; <\/p>\n<p class=\"read-more-container\"><a title=\"CAMBIO DE ESTACI\u00d3N, C\u00d3MO DOBLAR CHAQUETAS Y ABRIGOS DE INVIERNO: AS\u00cd LO HACEN LOS SASTRES\" class=\"read-more button\" href=\"https:\/\/abuelaenlacocina.com\/index.php\/2023\/12\/04\/cambio-de-estacion-como-doblar-chaquetas-y-abrigos-de-invierno-asi-lo-hacen-los-sastres\/#more-7573\" aria-label=\"More on CAMBIO DE ESTACI\u00d3N, C\u00d3MO DOBLAR CHAQUETAS Y ABRIGOS DE INVIERNO: AS\u00cd LO HACEN LOS SASTRES\">Seguir leyendo<\/a><\/p>\n","protected":false},"author":5,"featured_media":7575,"comment_status":"closed","ping_status":"closed","sticky":false,"template":"","format":"standard","meta":{"footnotes":""},"categories":[5],"tags":[],"class_list":["post-7573","post","type-post","status-publish","format-standard","has-post-thumbnail","hentry","category-consejos","generate-columns","tablet-grid-50","mobile-grid-100","grid-parent","grid-50","no-featured-image-padding"],"_links":{"self":[{"href":"https:\/\/abuelaenlacocina.com\/index.php\/wp-json\/wp\/v2\/posts\/7573","targetHints":{"allow":["GET"]}}],"collection":[{"href":"https:\/\/abuelaenlacocina.com\/index.php\/wp-json\/wp\/v2\/posts"}],"about":[{"href":"https:\/\/abuelaenlacocina.com\/index.php\/wp-json\/wp\/v2\/types\/post"}],"author":[{"embeddable":true,"href":"https:\/\/abuelaenlacocina.com\/index.php\/wp-json\/wp\/v2\/users\/5"}],"replies":[{"embeddable":true,"href":"https:\/\/abuelaenlacocina.com\/index.php\/wp-json\/wp\/v2\/comments?post=7573"}],"version-history":[{"count":1,"href":"https:\/\/abuelaenlacocina.com\/index.php\/wp-json\/wp\/v2\/posts\/7573\/revisions"}],"predecessor-version":[{"id":7576,"href":"https:\/\/abuelaenlacocina.com\/index.php\/wp-json\/wp\/v2\/posts\/7573\/revisions\/7576"}],"wp:featuredmedia":[{"embeddable":true,"href":"https:\/\/abuelaenlacocina.com\/index.php\/wp-json\/wp\/v2\/media\/7575"}],"wp:attachment":[{"href":"https:\/\/abuelaenlacocina.com\/index.php\/wp-json\/wp\/v2\/media?parent=7573"}],"wp:term":[{"taxonomy":"category","embeddable":true,"href":"https:\/\/abuelaenlacocina.com\/index.php\/wp-json\/wp\/v2\/categories?post=7573"},{"taxonomy":"post_tag","embeddable":true,"href":"https:\/\/abuelaenlacocina.com\/index.php\/wp-json\/wp\/v2\/tags?post=7573"}],"curies":[{"name":"wp","href":"https:\/\/api.w.org\/{rel}","templated":true}]}}