{"id":7510,"date":"2023-12-02T18:57:38","date_gmt":"2023-12-02T18:57:38","guid":{"rendered":"https:\/\/abuelaenlacocina.com\/?p=7510"},"modified":"2023-12-02T18:57:40","modified_gmt":"2023-12-02T18:57:40","slug":"no-te-seques-el-pelo-a-estas-horas-gastas-mucho-dinero-en-tus-facturas-y-no-lo-sabes","status":"publish","type":"post","link":"https:\/\/abuelaenlacocina.com\/index.php\/2023\/12\/02\/no-te-seques-el-pelo-a-estas-horas-gastas-mucho-dinero-en-tus-facturas-y-no-lo-sabes\/","title":{"rendered":"NO TE SEQUES EL PELO A ESTAS HORAS: GASTAS MUCHO DINERO EN TUS FACTURAS Y NO LO SABES"},"content":{"rendered":"\n<p id=\"block-cafd8b1c-7d14-4f3b-ae19-5d8e7f7a1160\"><strong>\u00bfC\u00f3mo evitar una subida de la factura? No te seques el pelo a estas horas, nadie lo sabe pero tu factura podr\u00eda subir.<\/strong><\/p>\n\n\n\n<figure class=\"wp-block-image\" id=\"block-07351d71-c214-4aea-b2b8-4859f5b7c1cb\"><img decoding=\"async\" src=\"https:\/\/www.nanopress.it\/wp-content\/uploads\/2023\/04\/orologio-e-capelli-.jpg\" alt=\"orologio e capelli\" \/><figcaption class=\"wp-element-caption\">reloj y pelo &#8211; Nanopress.es<\/figcaption><\/figure>\n\n\n\n<p id=\"block-21aac913-a2a5-45a7-a81d-3280bca41f3f\"><strong>Secarse el pelo es un gesto natural<\/strong>, que adem\u00e1s puedes hacer todos los d\u00edas. La mayor\u00eda de la gente coge el secador y lo enciende sin problemas. Desgraciadamente, nadie se pone de acuerdo con la electricidad y su consumo. Tal herramienta es tecnol\u00f3gicamente avanzada, sin embargo consume mucho&nbsp;<strong>y la factura llega a un coste absurdo.<\/strong>;<strong>\u00bfC\u00f3mo evitarlo?<\/strong>&nbsp;Hay maneras de ahorrar dinero utilizando el secador de pelo, incluso mejor eligiendo un horario conveniente que no repercuta en tu factura.<\/p>\n\n\n\n<h2 class=\"wp-block-heading\" id=\"block-a0a8951d-ecab-4a52-b6d1-9beda150377d\">\u00bfCU\u00c1NTO CONSUME EL SECADOR DE PELO?<\/h2>\n\n\n\n<p id=\"block-fe967698-092f-4f90-acde-d5e9e186b172\">Hoy en d\u00eda, el <strong>phon<\/strong>&nbsp;es una herramienta tecnol\u00f3gicamente avanzada, rica en funciones y r\u00e1pida. No permanece encendido todo el tiempo y su modo de secado es ahora muy r\u00e1pido a la vez que protege el cabello. Mujeres y hombres lo utilizan a diario, despu\u00e9s de la ducha, pero pocos piensan en cu\u00e1nta&nbsp;<strong>electricidad<\/strong>&lt;&nbsp;<strong>puede<\/strong> consumir su uso.<\/p>\n\n\n\n<figure class=\"wp-block-image\" id=\"block-91fa56ec-4920-4926-a844-8640decc0147\"><img decoding=\"async\" src=\"https:\/\/www.nanopress.it\/wp-content\/uploads\/2023\/04\/bolletta-capelli-salasso.jpg\" alt=\"Non asciugarti i capelli a quest'ora\" \/><figcaption class=\"wp-element-caption\">No te seques el pelo a estas horas-NanoPress.co.uk<\/figcaption><\/figure>\n\n\n\n<p id=\"block-7b5e52db-2b2b-4049-ac3a-9aeb7a1f04da\">Evidentemente, es una herramienta indispensable en la vida cotidiana. Es impensable no utilizar un secador y dejarse el pelo seco. Sin embargo, es importante ser consciente de cu\u00e1l puede ser el consumo y c\u00f3mo ahorrar dinero, quiz\u00e1 eligiendo una franja horaria completamente distinta o adoptando herramientas tecnol\u00f3gicamente avanzadas.<\/p>\n\n\n\n<p id=\"block-a3c5f2b1-85ea-4b33-8295-78de65ec77eb\"><strong>El consumo no var\u00eda en funci\u00f3n de la marca<\/strong>, sino de la potencia de la herramienta. Como norma general, lo mejor ser\u00eda elegir el modelo adecuado a tus necesidades calculando el tiempo que tardas en secarte el pelo. La gente utiliza la herramienta seg\u00fan sus necesidades personales, por lo que es importante sopesar todo tipo de factores.<\/p>\n\n\n\n<p id=\"block-a4f6db1e-66a7-44e5-b8c0-b84e1fa90946\">En general, se puede decir que un secador de pelo se utiliza al a\u00f1o durante<strong>&nbsp;160 horas<\/strong>&nbsp;lo que equivale a una media de 30 minutos al d\u00eda. La potencia suele ser de 1800W, con un consumo en kWh de 290. Todo ello supone un gasto de 53 euros al a\u00f1o. El secador de pelo supone el 24% del consumo junto con la plancha y la aspiradora.<\/p>\n\n\n\n<h3 class=\"wp-block-heading\" id=\"block-4604e695-4ef6-49fb-8129-621ed488687b\">No te seques el pelo a estas horas: cu\u00e1ndo ahorrar dinero<\/h3>\n\n\n\n<p id=\"block-2f1aa5eb-2c00-4f63-9d46-371cf3ad19ef\">Llegados a este punto, uno se pregunta si es posible<strong>&nbsp;encontrar una forma de ahorrar dinero<\/strong>. Por un lado, es imposible no utilizar la herramienta, pero por otro, tampoco puedes dejarte el pelo h\u00famedo.<\/p>\n\n\n\n<figure class=\"wp-block-image\" id=\"block-84040999-aac8-4e49-9cad-470f17f2d49a\"><img decoding=\"async\" src=\"https:\/\/www.nanopress.it\/wp-content\/uploads\/2023\/04\/asciugarsi-i-capelli-.jpg\" alt=\"asciugarsi i capelli \" \/><figcaption class=\"wp-element-caption\">secarse el pelo-NanoPress.co.uk<\/figcaption><\/figure>\n\n\n\n<p id=\"block-59f533bc-234e-4fe7-85ec-dd2d0bbcaced\">Lo&nbsp;<strong>primero que hay que hacer<\/strong>&nbsp;es controlar todo el consumo dom\u00e9stico, para tener una visi\u00f3n clara de cu\u00e1les son los gastos a final de mes. Despu\u00e9s hay que intentar reducir al m\u00e1ximo el uso de determinados utensilios al d\u00eda. La franja horaria preferible para secarse el pelo es desde las 8 de la tarde hasta las<strong>&nbsp;6 de la ma\u00f1ana del d\u00eda siguiente<\/strong>. Y no s\u00f3lo eso, mejor a\u00fan en vacaciones, donde los costes se reducen.<\/p>\n\n\n\n<p id=\"block-1a7cae4e-9f3a-4ffe-a46b-652ef2a67095\">Si lavarse el pelo por la noche no es una buena idea, intenta no hacerlo todos los d\u00edas y seguro que los gastos ser\u00e1n menores.<\/p>\n","protected":false},"excerpt":{"rendered":"<p>\u00bfC\u00f3mo evitar una subida de la factura? No te seques el pelo a estas horas, nadie lo sabe pero tu factura podr\u00eda subir. Secarse el pelo es un gesto natural, &#8230; <\/p>\n<p class=\"read-more-container\"><a title=\"NO TE SEQUES EL PELO A ESTAS HORAS: GASTAS MUCHO DINERO EN TUS FACTURAS Y NO LO SABES\" class=\"read-more button\" href=\"https:\/\/abuelaenlacocina.com\/index.php\/2023\/12\/02\/no-te-seques-el-pelo-a-estas-horas-gastas-mucho-dinero-en-tus-facturas-y-no-lo-sabes\/#more-7510\" aria-label=\"More on NO TE SEQUES EL PELO A ESTAS HORAS: GASTAS MUCHO DINERO EN TUS FACTURAS Y NO LO SABES\">Seguir leyendo<\/a><\/p>\n","protected":false},"author":5,"featured_media":7512,"comment_status":"closed","ping_status":"closed","sticky":false,"template":"","format":"standard","meta":{"footnotes":""},"categories":[5],"tags":[],"class_list":["post-7510","post","type-post","status-publish","format-standard","has-post-thumbnail","hentry","category-consejos","generate-columns","tablet-grid-50","mobile-grid-100","grid-parent","grid-50","no-featured-image-padding"],"_links":{"self":[{"href":"https:\/\/abuelaenlacocina.com\/index.php\/wp-json\/wp\/v2\/posts\/7510","targetHints":{"allow":["GET"]}}],"collection":[{"href":"https:\/\/abuelaenlacocina.com\/index.php\/wp-json\/wp\/v2\/posts"}],"about":[{"href":"https:\/\/abuelaenlacocina.com\/index.php\/wp-json\/wp\/v2\/types\/post"}],"author":[{"embeddable":true,"href":"https:\/\/abuelaenlacocina.com\/index.php\/wp-json\/wp\/v2\/users\/5"}],"replies":[{"embeddable":true,"href":"https:\/\/abuelaenlacocina.com\/index.php\/wp-json\/wp\/v2\/comments?post=7510"}],"version-history":[{"count":1,"href":"https:\/\/abuelaenlacocina.com\/index.php\/wp-json\/wp\/v2\/posts\/7510\/revisions"}],"predecessor-version":[{"id":7513,"href":"https:\/\/abuelaenlacocina.com\/index.php\/wp-json\/wp\/v2\/posts\/7510\/revisions\/7513"}],"wp:featuredmedia":[{"embeddable":true,"href":"https:\/\/abuelaenlacocina.com\/index.php\/wp-json\/wp\/v2\/media\/7512"}],"wp:attachment":[{"href":"https:\/\/abuelaenlacocina.com\/index.php\/wp-json\/wp\/v2\/media?parent=7510"}],"wp:term":[{"taxonomy":"category","embeddable":true,"href":"https:\/\/abuelaenlacocina.com\/index.php\/wp-json\/wp\/v2\/categories?post=7510"},{"taxonomy":"post_tag","embeddable":true,"href":"https:\/\/abuelaenlacocina.com\/index.php\/wp-json\/wp\/v2\/tags?post=7510"}],"curies":[{"name":"wp","href":"https:\/\/api.w.org\/{rel}","templated":true}]}}