{"id":7115,"date":"2023-11-18T21:27:54","date_gmt":"2023-11-18T21:27:54","guid":{"rendered":"https:\/\/abuelaenlacocina.com\/?p=7115"},"modified":"2023-11-18T21:27:56","modified_gmt":"2023-11-18T21:27:56","slug":"como-propagar-ramas-de-buganvilla-en-el-balcon-o-el-jardin-el-metodo-infalible","status":"publish","type":"post","link":"https:\/\/abuelaenlacocina.com\/index.php\/2023\/11\/18\/como-propagar-ramas-de-buganvilla-en-el-balcon-o-el-jardin-el-metodo-infalible\/","title":{"rendered":"C\u00d3MO PROPAGAR RAMAS DE BUGANVILLA EN EL BALC\u00d3N O EL JARD\u00cdN: EL M\u00c9TODO INFALIBLE"},"content":{"rendered":"\n<p id=\"block-f07df042-533b-4106-a684-d47c04e36a3d\"><strong>\u00bfEs posible cultivar ramas de buganvilla? Con este m\u00e9todo, su jard\u00edn y balc\u00f3n lucir\u00e1n preciosos en poco tiempo.<\/strong><\/p>\n\n\n\n<figure class=\"wp-block-image\" id=\"block-b71e8a3c-3407-4648-bb62-dcd9c6cc8791\"><img decoding=\"async\" src=\"https:\/\/www.nanopress.it\/wp-content\/uploads\/2023\/05\/Rami-di-Bougainvillea.jpg\" alt=\"Rami di Bougainvillea\" \/><figcaption class=\"wp-element-caption\">Ramas de buganvilla &#8211; Nanopress.es<\/figcaption><\/figure>\n\n\n\n<p id=\"block-02777906-c36a-44e3-9943-d9239cc9ce61\">\u00bfEs posible <strong>propagar<\/strong> las ramas de la buganvilla&nbsp;de forma r\u00e1pida y sencilla, para tener un jard\u00edn fragante y colorido? Hay bastantes t\u00e9cnicas y m\u00e9todos para copiar, gracias a los numerosos consejos de viveristas experimentados que hacen hincapi\u00e9 en esta tarea. Evidentemente, si no tienes un m\u00ednimo de pulgar verde y destreza manual, lo mejor es que te ayuden paso a paso.<\/p>\n\n\n\n<h2 class=\"wp-block-heading\" id=\"block-aa87e8d8-89cd-4e74-b88f-6e2678bbb8bf\">PROPAGACI\u00d3N DE RAMAS DE BUGANVILLA: CONSEJOS DE EXPERTOS<\/h2>\n\n\n\n<p id=\"block-7e2f3e11-bbeb-4dcd-9cea-28cfe3dca3c5\">La buganvilla pertenece a la familia de las <strong>Nyctaginaceae<\/strong>. En Italia es un verdadero s\u00edmbolo que embellece jardines y terrazas con sus bellos colores. El periodo de m\u00e1xima floraci\u00f3n va del verano al oto\u00f1o. Para los amantes de las flores, es sin duda la planta perfecta para dar un toque de luz y color al entorno. Sus flores, para los no iniciados, son coloridas <strong>peque\u00f1as br\u00e1cteas<\/strong> que abrazan las peque\u00f1as flores centrales de color crema o amarillo.<\/p>\n\n\n\n<figure class=\"wp-block-image\" id=\"block-c7222426-fe79-471f-b33e-4ce7fcab5939\"><img decoding=\"async\" src=\"https:\/\/www.nanopress.it\/wp-content\/uploads\/2023\/05\/propagare-rami-di-bouganvillea.jpg\" alt=\"Propagare i rami di bouganvillea\" \/><figcaption class=\"wp-element-caption\">Propagaci\u00f3n de ramas de buganvilla-NanoPress.co.uk<\/figcaption><\/figure>\n\n\n\n<p id=\"block-72d40874-a813-44ab-8440-f260d2ab2fcb\">La<strong>&nbsp;planta es trepadora<\/strong>, por lo que es importante proporcionarle todo tipo de soporte, para que pueda estar c\u00f3moda a lo largo de la estructura proporcionada. Viveristas experimentados confirman que es posible propagar la buganvilla con algunas t\u00e9cnicas especiales, utilizando esquejes. \u00bfQu\u00e9 se necesita para propagar esta hermosa planta? Unas tijeras afiladas y esterilizadas, una l\u00e1mina de pl\u00e1stico transparente y un recipiente lleno de arena y turba.<\/p>\n\n\n\n<h3 class=\"wp-block-heading\" id=\"block-52e3946e-8f00-41c8-abad-1ba901658cb3\">Enraizamiento y multiplicaci\u00f3n de plantas<\/h3>\n\n\n\n<p id=\"block-d55efbcc-a587-45a8-8f4f-c75a8b3fd671\">El esqueje de <strong>bougainvillea<\/strong> s\u00f3lo puede tomarse de plantas ya desarrolladas, ya florecidas y tambi\u00e9n bien desarrolladas (sanas). Para ello se toma un esqueje de aprox. 15 cm, s\u00f3lo de ramas maduras que est\u00e9n por debajo del nudo. Las<strong>&nbsp;tijeras<\/strong>&nbsp;a utilizar deben estar desinfectadas y afiladas, cortando la rama perpendicularmente y sin brusquedad.<\/p>\n\n\n\n<p id=\"block-2c5a41ea-7dea-4806-9f78-ae90b59e9807\">Ahora coge un <strong>contenedor que sea f\u00e1cil<\/strong> de coger y mover, una maceta grande de pl\u00e1stico y un recipiente para sembrar. El recipiente debe llenarse hasta la mitad con arena gruesa, mientras que la otra mitad <strong>debe llenarse con turba<\/strong>. Con la ayuda de un bol\u00edgrafo, se deben hacer agujeros por toda la tierra de la maceta, correspondientes a los esquejes que se van a cultivar. Contin\u00fae retirando todas las hojas basales de los esquejes, introduci\u00e9ndolas despu\u00e9s en los agujeros que se han creado. De un esqueje al siguiente debe haber 15 cm de espacio, compactando la tierra y nebulizando. Coge la l\u00e1mina de pl\u00e1stico ya preparada -transparente- y coloca la maceta en el interior de una veranda, si es posible, o en un lugar seco, cerrado y luminoso. Los expertos tambi\u00e9n recomiendan utilizar un fitoestimulante, que ayuda a que forme ra\u00edces de forma sana y r\u00e1pida.<\/p>\n\n\n\n<figure class=\"wp-block-image\" id=\"block-d035ef38-e79d-49bc-b890-0cf01ebe3059\"><img decoding=\"async\" src=\"https:\/\/www.nanopress.it\/wp-content\/uploads\/2023\/05\/bougainvillea-fiorita.jpg\" alt=\"Bouganvillea fiorita \" \/><figcaption class=\"wp-element-caption\">Bougainvillea en flor-NanoPress.co.uk<\/figcaption><\/figure>\n\n\n\n<p id=\"block-079cffaf-fcf1-44b1-af97-d2432c8bc24d\">Tambi\u00e9n puede comprar <strong>esquejes en polvo<\/strong>&nbsp; (hormonas de enraizamiento), que ayudan al esqueje en su m\u00e1ximo desarrollo y formaci\u00f3n. Evidentemente, la tierra debe estar constantemente h\u00fameda pero sin que el esqueje se moje. El agua ideal es la del grifo, no calc\u00e1rea, con un periodo de reposo de 24 horas. El enraizamiento dura aproximadamente un mes, teniendo cuidado de retirar la condensaci\u00f3n de la cubierta de pl\u00e1stico cada ma\u00f1ana. Transcurrido este periodo, la planta puede trasladarse a una maceta m\u00e1s grande y a un lugar luminoso.<\/p>\n","protected":false},"excerpt":{"rendered":"<p>\u00bfEs posible cultivar ramas de buganvilla? Con este m\u00e9todo, su jard\u00edn y balc\u00f3n lucir\u00e1n preciosos en poco tiempo. \u00bfEs posible propagar las ramas de la buganvilla&nbsp;de forma r\u00e1pida y sencilla, &#8230; <\/p>\n<p class=\"read-more-container\"><a title=\"C\u00d3MO PROPAGAR RAMAS DE BUGANVILLA EN EL BALC\u00d3N O EL JARD\u00cdN: EL M\u00c9TODO INFALIBLE\" class=\"read-more button\" href=\"https:\/\/abuelaenlacocina.com\/index.php\/2023\/11\/18\/como-propagar-ramas-de-buganvilla-en-el-balcon-o-el-jardin-el-metodo-infalible\/#more-7115\" aria-label=\"More on C\u00d3MO PROPAGAR RAMAS DE BUGANVILLA EN EL BALC\u00d3N O EL JARD\u00cdN: EL M\u00c9TODO INFALIBLE\">Seguir leyendo<\/a><\/p>\n","protected":false},"author":5,"featured_media":7117,"comment_status":"closed","ping_status":"closed","sticky":false,"template":"","format":"standard","meta":{"footnotes":""},"categories":[3],"tags":[],"class_list":["post-7115","post","type-post","status-publish","format-standard","has-post-thumbnail","hentry","category-jardin-y-consejos","generate-columns","tablet-grid-50","mobile-grid-100","grid-parent","grid-50","no-featured-image-padding"],"_links":{"self":[{"href":"https:\/\/abuelaenlacocina.com\/index.php\/wp-json\/wp\/v2\/posts\/7115","targetHints":{"allow":["GET"]}}],"collection":[{"href":"https:\/\/abuelaenlacocina.com\/index.php\/wp-json\/wp\/v2\/posts"}],"about":[{"href":"https:\/\/abuelaenlacocina.com\/index.php\/wp-json\/wp\/v2\/types\/post"}],"author":[{"embeddable":true,"href":"https:\/\/abuelaenlacocina.com\/index.php\/wp-json\/wp\/v2\/users\/5"}],"replies":[{"embeddable":true,"href":"https:\/\/abuelaenlacocina.com\/index.php\/wp-json\/wp\/v2\/comments?post=7115"}],"version-history":[{"count":1,"href":"https:\/\/abuelaenlacocina.com\/index.php\/wp-json\/wp\/v2\/posts\/7115\/revisions"}],"predecessor-version":[{"id":7118,"href":"https:\/\/abuelaenlacocina.com\/index.php\/wp-json\/wp\/v2\/posts\/7115\/revisions\/7118"}],"wp:featuredmedia":[{"embeddable":true,"href":"https:\/\/abuelaenlacocina.com\/index.php\/wp-json\/wp\/v2\/media\/7117"}],"wp:attachment":[{"href":"https:\/\/abuelaenlacocina.com\/index.php\/wp-json\/wp\/v2\/media?parent=7115"}],"wp:term":[{"taxonomy":"category","embeddable":true,"href":"https:\/\/abuelaenlacocina.com\/index.php\/wp-json\/wp\/v2\/categories?post=7115"},{"taxonomy":"post_tag","embeddable":true,"href":"https:\/\/abuelaenlacocina.com\/index.php\/wp-json\/wp\/v2\/tags?post=7115"}],"curies":[{"name":"wp","href":"https:\/\/api.w.org\/{rel}","templated":true}]}}