{"id":5664,"date":"2023-10-21T10:36:20","date_gmt":"2023-10-21T10:36:20","guid":{"rendered":"https:\/\/abuelaenlacocina.com\/?p=5664"},"modified":"2023-10-21T10:36:40","modified_gmt":"2023-10-21T10:36:40","slug":"prepare-su-jardin-para-el-verano-6-plantas-para-podar-ahora","status":"publish","type":"post","link":"https:\/\/abuelaenlacocina.com\/index.php\/2023\/10\/21\/prepare-su-jardin-para-el-verano-6-plantas-para-podar-ahora\/","title":{"rendered":"Prepare su jard\u00edn para el verano: 6 plantas para podar ahora"},"content":{"rendered":"\n<p id=\"block-c6b043d5-f7e8-4527-896a-9fc3f60aae7e\">La primavera es una \u00e9poca m\u00e1gica para los aficionados a la jardiner\u00eda, pues anuncia la inminente llegada del verano y la explosi\u00f3n de la vegetaci\u00f3n.<\/p>\n\n\n\n<p id=\"block-163852d0-4b01-417b-b552-9efd467c46dc\">La poda de las plantas es un paso fundamental para que su jard\u00edn est\u00e9 siempre en plena forma.<\/p>\n\n\n\n<p id=\"block-c7f88b55-3cdd-4051-86bb-b411957d082e\">De hecho, optimiza el crecimiento, mejora la floraci\u00f3n y previene las enfermedades.<\/p>\n\n\n\n<p id=\"block-fefadb87-e5cc-49b0-8bbf-c52e2dbf4693\">Descubra las plantas que debe podar ahora mismo y los consejos para realizar esta tarea con brillantez.<\/p>\n\n\n\n<p id=\"block-b3432913-4a3b-4e22-8026-48ab2409dec8\">LEA:&nbsp;Gu\u00eda pr\u00e1ctica para podar con \u00e9xito su olivo<\/p>\n\n\n\n<p id=\"block-6914dcc1-feba-45c7-89f0-f05ff6389c38\">Prep\u00e1rese para aprender los trucos que le permitir\u00e1n hacer de su jard\u00edn un verdadero oasis de verdor.<\/p>\n\n\n\n<h2 class=\"wp-block-heading\" id=\"block-489043e0-f524-414d-aab9-3a485706d257\">1. Arbustos de floraci\u00f3n primaveral<\/h2>\n\n\n\n<p id=\"block-49412efa-3d68-44f7-adb0-b92fecf9711b\">Los arbustos de floraci\u00f3n primaveral, como&nbsp;&nbsp;<strong>la forsitia<\/strong>&nbsp;,&nbsp;&nbsp;&nbsp;<strong>la lila<\/strong>&nbsp;,&nbsp;&nbsp;<strong>el naranjo falso<\/strong>, <strong>la weigelia<\/strong>, <strong>son los primeros que hay que podar una vez que han terminado de florecer.<\/strong><\/p>\n\n\n\n<p id=\"block-5566bb56-4014-48ed-8670-35c22dfffbe8\">De hecho, estos arbustos florecen en las ramas del a\u00f1o anterior y, por tanto, se benefician de una poda inmediatamente despu\u00e9s de la floraci\u00f3n para favorecer su crecimiento y floraci\u00f3n al a\u00f1o siguiente.<\/p>\n\n\n\n<p id=\"block-8c3344d3-cc43-49a2-a4e9-cd1f9986ecf5\">Para podar estos arbustos, elimine las ramas muertas, las m\u00e1s viejas y las menos productivas.&nbsp;Adem\u00e1s, no dude en ventilar el centro del arbusto cortando algunas ramas en la base para dejar entrar la luz y el aire.<\/p>\n\n\n\n<p id=\"block-00fc775a-93c4-4898-8dde-1c89ff168c09\">Por \u00faltimo, pode ligeramente las ramas restantes para equilibrar la forma del arbusto.<\/p>\n\n\n\n<h2 class=\"wp-block-heading\" id=\"block-4685cfdf-72ee-4bb3-ad15-bb34679850be\">2. rosas<\/h2>\n\n\n\n<p id=\"block-f0b70dc4-42bd-42ce-8fd0-25cad6cc432d\">Los rosales&nbsp;son un elemento b\u00e1sico en los jardines de verano, y podarlos es esencial para promover una floraci\u00f3n abundante y prevenir enfermedades&nbsp;<strong>.<\/strong>.<\/p>\n\n\n\n<p id=\"block-a2777665-3284-4cad-9a83-998bb902a8ef\"><a href=\"https:\/\/unpointculture.com\/quand-et-comment-tailler-rosiers\/\" target=\"_blank\" rel=\"noopener\">La poda de rosales<\/a>&nbsp;debe realizarse a principios de primavera, cuando las temperaturas empiecen a subir y haya pasado el riesgo de heladas.<\/p>\n\n\n\n<p id=\"block-46dc279f-2e46-416b-98db-07fa00ca6558\">El tama\u00f1o de las rosas var\u00eda seg\u00fan su tipo: rosas arbustivas, rosas trepadoras o rosas de tallo:<\/p>\n\n\n\n<ul class=\"wp-block-list\" id=\"block-08450fd7-3d0a-4e21-8a95-b42797132587\">\n<li>En el caso de los rosales arbustivos, es aconsejable podar las ramas a unos 15 cent\u00edmetros del suelo, cortando por encima de un ojo (brote) orientado hacia el exterior de la planta.<\/li>\n\n\n\n<li>En el caso de los rosales trepadores, elimine las ramas muertas y pode las ramas laterales a unos 30 cent\u00edmetros de la rama principal.<\/li>\n\n\n\n<li>Para los rosales de tallo, pode las ramas a unos 20 cent\u00edmetros del tallo principal, procurando mantener una forma armoniosa.<\/li>\n<\/ul>\n\n\n\n<h2 class=\"wp-block-heading\" id=\"block-8237c21e-7434-4c05-b101-cddd4a6f650e\">\u00c1rboles frutales<\/h2>\n\n\n\n<p id=\"block-f244f423-1e6c-4a9e-a5a8-c37109ac7ffd\">La poda de los frutales tambi\u00e9n es un paso importante para favorecer la fructificaci\u00f3n y prevenir enfermedades.<\/p>\n\n\n\n<p id=\"block-18a2e92e-4773-461f-a92a-60abdcc1b0f6\">Los frutales deben podarse anualmente, por lo general entre finales de invierno y principios de primavera, cuando los \u00e1rboles a\u00fan est\u00e1n latentes y las temperaturas empiezan a subir.<\/p>\n\n\n\n<p id=\"block-142e4fe2-b80f-4854-bd5b-e2337fb55097\">El tama\u00f1o de los \u00e1rboles frutales depende de su especie y edad.&nbsp;Para los \u00e1rboles j\u00f3venes, favorezca la formaci\u00f3n del entramado (ramas principales) eliminando las ramas competidoras y equilibrando el follaje.&nbsp;Para los \u00e1rboles m\u00e1s viejos, la poda debe ser m\u00e1s ligera, eliminando las ramas muertas, enfermas o cruzadas.<\/p>\n\n\n\n<p id=\"block-8cacaf8e-ed84-4cb1-9355-4deb176bb577\">Por \u00faltimo, en el caso de los \u00e1rboles en espaldera, pode las ramas laterales a unos 10 cent\u00edmetros de la rama principal y elimine las ramas que crecen hacia atr\u00e1s.<\/p>\n\n\n\n<h2 class=\"wp-block-heading\" id=\"block-d6e52054-c0e1-4dba-98eb-a5d00e9f4f7c\">4. Plantas perennes<\/h2>\n\n\n\n<p id=\"block-e33efccf-b549-453b-891f-de2607cdfc23\">Las plantas perennes, como&nbsp;&nbsp;<strong>geranios<\/strong>&nbsp;,&nbsp;&nbsp;&nbsp;<strong>las hostas<\/strong>&nbsp;&nbsp;o incluso&nbsp;&nbsp;<strong>los astilbes<\/strong>&nbsp;, tambi\u00e9n deben podarse en primavera para favorecer su crecimiento y floraci\u00f3n.<\/p>\n\n\n\n<p id=\"block-93bf0194-a5b2-467b-a02a-89a46afe937d\">La poda de plantas perennes consiste principalmente en eliminar las partes muertas y ralear el arbusto cortando los tallos m\u00e1s viejos por la base.<\/p>\n\n\n\n<p id=\"block-46124fa6-033a-4b5a-b023-af4f9f57fdce\">Tambi\u00e9n es posible dividir algunas plantas perennes para rejuvenecerlas y multiplicarlas. Para ello, levante con cuidado la mata con una horquilla, separe los rizomas o ra\u00edces con un cuchillo afilado y vuelva a plantar las nuevas plantas en el lugar deseado de su jard\u00edn.<\/p>\n\n\n\n<h2 class=\"wp-block-heading\" id=\"block-dd909362-3bb4-48c2-a510-2ad478b19201\">5. Hierbas ornamentales<\/h2>\n\n\n\n<p id=\"block-0b310cac-000e-4b1f-8ce1-9b32e097ece1\"><strong>C\u00e9spedes ornamentales<\/strong>&nbsp;aportan&nbsp;&nbsp;&nbsp;&nbsp;un toque de ligereza y movimiento a su jard\u00edn.<\/p>\n\n\n\n<p id=\"block-a7d7f900-f187-453e-ad16-7732d09048e2\">Para mantenerlos sanos y favorecer su crecimiento, p\u00f3delos a principios de primavera, antes de que empiecen a aparecer nuevos brotes.<\/p>\n\n\n\n<p id=\"block-160b0916-97b8-41d4-a0bf-8419fab5578b\">Para podar la hierba, empiece enrollando una cuerda alrededor de la mata para mantenerla en su sitio y facilitar el corte. A continuaci\u00f3n, corte la mata a unos 10 o 20 cent\u00edmetros del suelo, dependiendo del tama\u00f1o de la planta y de la variedad.<\/p>\n\n\n\n<p id=\"block-9017c29f-3c6a-4d15-8b6c-e9fef9a03710\">Aseg\u00farate de utilizar tijeras de podar afiladas para no da\u00f1ar los tallos.&nbsp;Por \u00faltimo, retira el hilo y desecha los esquejes para evitar enfermedades y plagas.<\/p>\n\n\n\n<h2 class=\"wp-block-heading\" id=\"block-6c3cc5c3-1dc4-45f0-bd02-d639b1bddfba\">6. Cobertura<\/h2>\n\n\n\n<p id=\"block-13ca1e66-3995-47c0-871b-622e4e30bb06\">Los setos suelen estar formados por arbustos de hoja perenne o caduca que requieren podas peri\u00f3dicas para mantener su forma y densidad.<\/p>\n\n\n\n<p id=\"block-67f12d46-9f23-4ad6-9dc1-1c868593774a\">Los setos deben podarse al menos dos veces al a\u00f1o, una en primavera y otra en verano, para favorecer un crecimiento uniforme y prevenir enfermedades.<\/p>\n\n\n\n<p id=\"block-00e78917-06dd-4931-bb00-b038f1f35ac4\">Para recortar los setos, utiliza tijeras o tijeras cortasetos el\u00e9ctricas, teniendo cuidado de recortar los lados inclinados para facilitar el flujo del agua de lluvia y evitar que se estanque.<\/p>\n\n\n\n<p id=\"block-34bcfb85-5d02-4eb9-b25c-3aa6332fd1f7\">Tenga cuidado tambi\u00e9n de no podar los setos con demasiada severidad, para preservar su crecimiento y densidad.<\/p>\n\n\n\n<p id=\"block-35d76434-1109-4f72-b21a-ee6758142b77\">En conclusi\u00f3n, la poda de las plantas es una etapa fundamental para preparar su jard\u00edn para el verano y favorecer el crecimiento y la floraci\u00f3n de sus plantas. No dude en informarse sobre las especificidades de cada planta y adaptar su tama\u00f1o en funci\u00f3n de su tipo y edad.<\/p>\n\n\n\n<p id=\"block-8e21d4d9-dc38-499c-89b1-6d2c6a4eb3cf\">As\u00ed, su jard\u00edn estar\u00e1 listo para recibir los hermosos d\u00edas y podr\u00e1 disfrutar de un espacio verde, florido y armonioso durante toda la temporada estival.<\/p>\n","protected":false},"excerpt":{"rendered":"<p>La primavera es una \u00e9poca m\u00e1gica para los aficionados a la jardiner\u00eda, pues anuncia la inminente llegada del verano y la explosi\u00f3n de la vegetaci\u00f3n. La poda de las plantas &#8230; <\/p>\n<p class=\"read-more-container\"><a title=\"Prepare su jard\u00edn para el verano: 6 plantas para podar ahora\" class=\"read-more button\" href=\"https:\/\/abuelaenlacocina.com\/index.php\/2023\/10\/21\/prepare-su-jardin-para-el-verano-6-plantas-para-podar-ahora\/#more-5664\" aria-label=\"More on Prepare su jard\u00edn para el verano: 6 plantas para podar ahora\">Seguir leyendo<\/a><\/p>\n","protected":false},"author":5,"featured_media":5666,"comment_status":"closed","ping_status":"closed","sticky":false,"template":"","format":"standard","meta":{"footnotes":""},"categories":[3],"tags":[],"class_list":["post-5664","post","type-post","status-publish","format-standard","has-post-thumbnail","hentry","category-jardin-y-consejos","generate-columns","tablet-grid-50","mobile-grid-100","grid-parent","grid-50","no-featured-image-padding"],"_links":{"self":[{"href":"https:\/\/abuelaenlacocina.com\/index.php\/wp-json\/wp\/v2\/posts\/5664","targetHints":{"allow":["GET"]}}],"collection":[{"href":"https:\/\/abuelaenlacocina.com\/index.php\/wp-json\/wp\/v2\/posts"}],"about":[{"href":"https:\/\/abuelaenlacocina.com\/index.php\/wp-json\/wp\/v2\/types\/post"}],"author":[{"embeddable":true,"href":"https:\/\/abuelaenlacocina.com\/index.php\/wp-json\/wp\/v2\/users\/5"}],"replies":[{"embeddable":true,"href":"https:\/\/abuelaenlacocina.com\/index.php\/wp-json\/wp\/v2\/comments?post=5664"}],"version-history":[{"count":1,"href":"https:\/\/abuelaenlacocina.com\/index.php\/wp-json\/wp\/v2\/posts\/5664\/revisions"}],"predecessor-version":[{"id":5667,"href":"https:\/\/abuelaenlacocina.com\/index.php\/wp-json\/wp\/v2\/posts\/5664\/revisions\/5667"}],"wp:featuredmedia":[{"embeddable":true,"href":"https:\/\/abuelaenlacocina.com\/index.php\/wp-json\/wp\/v2\/media\/5666"}],"wp:attachment":[{"href":"https:\/\/abuelaenlacocina.com\/index.php\/wp-json\/wp\/v2\/media?parent=5664"}],"wp:term":[{"taxonomy":"category","embeddable":true,"href":"https:\/\/abuelaenlacocina.com\/index.php\/wp-json\/wp\/v2\/categories?post=5664"},{"taxonomy":"post_tag","embeddable":true,"href":"https:\/\/abuelaenlacocina.com\/index.php\/wp-json\/wp\/v2\/tags?post=5664"}],"curies":[{"name":"wp","href":"https:\/\/api.w.org\/{rel}","templated":true}]}}