{"id":5567,"date":"2023-10-14T21:52:57","date_gmt":"2023-10-14T21:52:57","guid":{"rendered":"https:\/\/abuelaenlacocina.com\/?p=5567"},"modified":"2023-10-14T21:52:59","modified_gmt":"2023-10-14T21:52:59","slug":"sabe-que-plantas-podar-en-agosto-he-aqui-un-breve-resumen","status":"publish","type":"post","link":"https:\/\/abuelaenlacocina.com\/index.php\/2023\/10\/14\/sabe-que-plantas-podar-en-agosto-he-aqui-un-breve-resumen\/","title":{"rendered":"\u00bfSabe qu\u00e9 plantas podar en agosto? He aqu\u00ed un breve resumen."},"content":{"rendered":"\n<p id=\"block-85371cd5-dd5f-4133-86a1-bec12667ec89\">Cortar las plantas no s\u00f3lo le permite darles forma seg\u00fan sus preferencias, sino que, sobre todo, las estimula para que crezcan intensamente e incluso florezcan y den fruto.<\/p>\n\n\n\n<p id=\"block-3ebaaae5-0531-4241-93d5-e7aef1f96d72\"><strong>Agosto<\/strong> es el \u00faltimo momento para podar muchas plantas antes de que llegue el invierno.<\/p>\n\n\n\n<p id=\"block-f56de402-8464-4254-b39e-59bd3fa62cd5\">En este art\u00edculo aprender\u00e1s <strong>&nbsp;qu\u00e9 plantas cortar en agosto y c\u00f3mo hacerlo correctamente.<\/strong><a href=\"https:\/\/tojenapad.dobrenoviny.sk\/wp-content\/uploads\/2022\/09\/tjn-mirka-006.jpg\" target=\"_blank\" rel=\"noopener\"><\/a>.<\/p>\n\n\n\n<p id=\"block-e11a274f-3456-45a5-a412-88e127581d69\">Foto:&nbsp;tjn<\/p>\n\n\n\n<p id=\"block-f71a6f12-82bf-41af-85e4-ede4268ef3af\">El portal&nbsp;deccoria&nbsp;proporciona informaci\u00f3n \u00fatil que, entre otras cosas, le ayudar\u00e1 a averiguar&nbsp;<strong>por qu\u00e9 es importante podar las plantas?<\/strong>.<\/p>\n\n\n\n<p id=\"block-c60e33c4-9881-45e1-9b05-c57ffb409724\">La poda es un procedimiento de cuidado importante que rejuvenece las plantas m\u00e1s viejas y da a las j\u00f3venes la forma deseada.<\/p>\n\n\n\n<p id=\"block-5539b145-6d42-450e-8302-cdb9159db1a3\">Al mismo tiempo, la poda animar\u00e1 a la planta a brotar nuevos reto\u00f1os, lo que le permitir\u00e1 engrosarse.<\/p>\n\n\n\n<p id=\"block-4bd325fc-bac4-40d7-bd25-6a7ef89ff57e\">Estimula una floraci\u00f3n y fructificaci\u00f3n m\u00e1s ricas, y <strong>estimula las plantas para un crecimiento intensivo<\/strong>.<\/p>\n\n\n\n<p id=\"block-d03b639b-d5e3-42fe-8109-ccceb02eedd0\">Muchas plantas simplemente necesitan<strong>&nbsp;poda peri\u00f3dica<\/strong>&nbsp;y es esencial mantenerlas en buen estado.<\/p>\n\n\n\n<h3 class=\"wp-block-heading\" id=\"block-6c7f580f-cfea-4208-9bd1-36e19b5e0222\"><strong>Existen varios tipos de poda:<\/strong><\/h3>\n\n\n\n<p id=\"block-e882d1bd-712b-49ad-ab9a-b180c615019b\">-corte de retenci\u00f3n<\/p>\n\n\n\n<p id=\"block-9064beb4-b6a4-42ad-9c20-088900cda6bb\">-corte rejuvenecedor<\/p>\n\n\n\n<p id=\"block-e1f47073-e725-4e77-93c9-2924f6dac286\">-corte de formaci\u00f3n<\/p>\n\n\n\n<p id=\"block-d4328503-c267-4ddc-9e70-11fc04ed01e4\">-decisi\u00f3n sanitaria<\/p>\n\n\n\n<p id=\"block-7ef31b2e-3aa1-4f50-87b3-289109d0402b\">-correcci\u00f3n corte<\/p>\n\n\n\n<p id=\"block-fcc843ab-fdc0-44af-93d2-7d8f1b4acb97\">-corte transparente<\/p>\n\n\n\n<p id=\"block-5ea7db3b-2791-4978-84e7-ba71f9d45ad3\">Las plantas deben podarse en el momento y con el tiempo adecuados&#8230;<\/p>\n\n\n\n<p id=\"block-a7d5a603-6294-47a2-9040-910a1c6f734a\">Preferiblemente debe ser soleado, seco y sin viento.<\/p>\n\n\n\n<p id=\"block-8edc385a-6eda-4cd6-815b-0dcf20b3530b\">Las heridas tras el corte deben tratarse con una pomada especial para horticultura que contenga <strong>fungicida<\/strong>.<\/p>\n\n\n\n<p id=\"block-cc3f386c-6d38-45c6-b7e4-d37c7807b115\">Esto ayudar\u00e1 a<strong>&nbsp;proteger las plantas del ataque de enfermedades bacterianas y f\u00fangicas.<\/strong>.<\/p>\n\n\n\n<p id=\"block-019fb8e2-4867-4f9a-9e15-863330f83691\">Se recomienda un procedimiento similar especialmente para los frutales m\u00e1s sensibles, es decir, los cerezos.<\/p>\n\n\n\n<h2 class=\"wp-block-heading\" id=\"block-47752ec0-116f-48e1-8410-d96664b80118\">\u00bfQu\u00e9 plantas cortamos en agosto?<\/h2>\n\n\n\n<p id=\"block-0b6caaac-c4ab-45fa-980d-caee3141bac5\">Agosto es una \u00e9poca de intenso trabajo en el huerto, que incluye la cosecha, la eliminaci\u00f3n de las flores muertas y la lenta preparaci\u00f3n para la llegada del oto\u00f1o.<\/p>\n\n\n\n<p id=\"block-88126321-f83b-4e99-84b7-14160dcc3c5c\">Esta es la \u00faltima \u00e9poca para podar \u00e1rboles y arbustos ornamentales y frutales antes del invierno.<\/p>\n\n\n\n<p id=\"block-3c5e9237-445b-4036-9f19-f739a3d46ba8\">El corte permite <strong>sobreiluminar la copa<\/strong>, dejando que la luz llegue a las capas m\u00e1s profundas de la planta.<\/p>\n\n\n\n<p id=\"block-c8c63e74-4447-47e8-b4c2-e9671dde4e7f\">Cortar o podar algunos brotes tambi\u00e9n <strong>&nbsp;reducir\u00e1 la densidad y, por tanto, proteger\u00e1 a la planta del desarrollo de algunas enfermedades.<\/strong>.<\/p>\n\n\n\n<p id=\"block-783db1cc-0757-4819-955a-d106151d0df0\">Especialmente las <strong>cerezas<\/strong> necesitan poda en julio o agosto.<\/p>\n\n\n\n<p id=\"block-21f98dae-7d7b-48b9-9720-5a588df2b62c\">Durante este tiempo, las heridas de las ramas cortadas cicatrizan r\u00e1pidamente.<\/p>\n\n\n\n<p id=\"block-40fc7c91-9c0b-40f3-8611-c71bf37c15dc\">Agosto es tambi\u00e9n el momento de cortar las plantas de hoja caduca para setos (por ejemplo, carpes o espinos) y las con\u00edferas (por ejemplo, tuyas o enebros).<\/p>\n\n\n\n<p id=\"block-ab30f2c7-6526-40a7-8c2b-c4d0172a96d8\">Este es el \u00faltimo momento de la temporada para cortarlas, de modo que a\u00fan puedan estar listas para el invierno.<\/p>\n\n\n\n<p id=\"block-953f4ae7-00a9-4c9b-9803-9a6c8e1391ad\"><strong>Los manzanos<\/strong> que maduran en septiembre deben cortarse en agosto.<\/p>\n\n\n\n<p id=\"block-54d1cddd-36f5-4400-bb04-e625e241c24e\">En la poda de verano, corta los <strong>tallos de al menos 40 cm de longitud<\/strong> que crecen verticalmente hacia arriba.<\/p>\n\n\n\n<p id=\"block-7b515605-7cdc-4091-b124-a078a5676414\">Dejamos los brotes donde se est\u00e1n formando para que puedan dar numerosos frutos.<\/p>\n\n\n\n<p id=\"block-95f99609-adf6-4d9a-888a-1857517eba06\">Los perales y ciruelos (variedades tempranas) tambi\u00e9n deben podarse.<\/p>\n\n\n\n<p id=\"block-964f4662-97fe-44f7-be30-f76a86ba35bb\">Cortar completamente los brotes que crecen en las curvas entre las ramas en perales y ciruelos fuertes y cortar los m\u00e1s d\u00e9biles de unos 12-15 cm;<\/p>\n\n\n\n<p id=\"block-3435e88c-7056-4ae5-83e1-e520599a54a0\"><strong>Albaricoques y melocotones<\/strong>.<\/p>\n\n\n\n<p id=\"block-83cf7593-2a1c-4b50-a045-a3986c5bdad3\">Tambi\u00e9n pueden podarse despu\u00e9s de la cosecha para estimular la brotaci\u00f3n de nuevos brotes.<\/p>\n\n\n\n<p id=\"block-b2280556-6466-4748-827c-806b09b15c0a\">Para obtener frutos m\u00e1s sabrosos y proteger la planta de posibles enfermedades,<strong>tambi\u00e9n podemos recortar los brotes verdes y j\u00f3venes de la vid.<\/strong><\/p>\n\n\n\n<p id=\"block-635dd344-adc2-4959-a1f8-6885f8d96897\"><strong>Nogal<\/strong>&nbsp;tambi\u00e9n podemos recortar a finales de agosto.<\/p>\n\n\n\n<h2 class=\"wp-block-heading\" id=\"block-7fd9a212-61b5-4c1a-9bfd-5eb335ffdea0\">\u00bfQu\u00e9 arbustos ornamentales debemos podar en agosto?<\/h2>\n\n\n\n<p id=\"block-e8d4e0b5-36ee-42bd-b292-ce543f952673\">Podar los arbustos ornamentales en agosto<strong>&nbsp;estimula a las plantas para que echen nuevos brotes.<\/strong><\/p>\n\n\n\n<p id=\"block-8cf27e45-fce3-4d21-a4bc-2b667eb6523a\">Es demasiado tarde para podar los \u00e1rboles de hoja perenne (por ejemplo, el boj) porque no han tenido tiempo de prepararse para el invierno.<\/p>\n\n\n\n<p id=\"block-2337b4ab-0a2d-4256-9761-3b213f185570\"><strong>Podemos, sin embargo, podar con \u00e9xito las siguientes plantas:<\/strong>.<\/p>\n\n\n\n<p id=\"block-708f7905-d835-48de-81a8-26b6be442770\"><strong>Rosa<\/strong>&nbsp;&#8211; elimine las flores marchitas, corte los capullos justo por encima de la primera hoja superior de cinco hojas.<\/p>\n\n\n\n<p id=\"block-115fc107-894c-4188-9dc7-95dad2ffefc4\"><strong>Lev\u00e1ndula<\/strong>&nbsp;&#8211; elimine las inflorescencias floridas junto con los tallos sin hojas.<\/p>\n\n\n\n<p id=\"block-64992176-a4ba-46b5-870e-0a4de77a86e0\"><strong>Hortensia de jard\u00edn<\/strong>&nbsp;&#8211; cuando las flores se marchiten, elim\u00ednelas cort\u00e1ndolas justo por debajo de la inflorescencia.<\/p>\n\n\n\n<h2 class=\"wp-block-heading\" id=\"block-caafe633-c944-46bb-81ae-34f225b17a0e\">\u00bfQu\u00e9 arbustos frutales podamos en agosto?<\/h2>\n\n\n\n<p id=\"block-fdbdcefd-696f-49d1-9026-5a5948bf99bd\">En agosto realizamos <strong>corte de arbustos frutales.<\/strong>.<\/p>\n\n\n\n<p id=\"block-26165b9b-89b8-4ee7-b83f-2641afcf8ad5\"><strong>Las moras, zarzamoras y grosellas<\/strong> deben podarse a principios de mes.<\/p>\n\n\n\n<p id=\"block-0fe2a30f-0ea1-4fe5-ad3a-00c7135f9f94\">Corte los brotes m\u00e1s viejos y de crecimiento m\u00e1s lento.<\/p>\n\n\n\n<p id=\"block-3d5f1222-ac25-4f9f-8df8-0e049e1eb4cc\">Despu\u00e9s de la cosecha tambi\u00e9n cortamos las <strong>malinas.<\/strong>.<\/p>\n\n\n\n<p id=\"block-234ff5e6-ff44-45a7-be29-74b5c2e47e8a\">Los brotes de los que se han recogido los frutos, o los m\u00e1s d\u00e9biles, deben cortarse al ras del suelo.<\/p>\n","protected":false},"excerpt":{"rendered":"<p>Cortar las plantas no s\u00f3lo le permite darles forma seg\u00fan sus preferencias, sino que, sobre todo, las estimula para que crezcan intensamente e incluso florezcan y den fruto. Agosto es &#8230; <\/p>\n<p class=\"read-more-container\"><a title=\"\u00bfSabe qu\u00e9 plantas podar en agosto? He aqu\u00ed un breve resumen.\" class=\"read-more button\" href=\"https:\/\/abuelaenlacocina.com\/index.php\/2023\/10\/14\/sabe-que-plantas-podar-en-agosto-he-aqui-un-breve-resumen\/#more-5567\" aria-label=\"More on \u00bfSabe qu\u00e9 plantas podar en agosto? He aqu\u00ed un breve resumen.\">Seguir leyendo<\/a><\/p>\n","protected":false},"author":5,"featured_media":5569,"comment_status":"closed","ping_status":"closed","sticky":false,"template":"","format":"standard","meta":{"footnotes":""},"categories":[3],"tags":[],"class_list":["post-5567","post","type-post","status-publish","format-standard","has-post-thumbnail","hentry","category-jardin-y-consejos","generate-columns","tablet-grid-50","mobile-grid-100","grid-parent","grid-50","no-featured-image-padding"],"_links":{"self":[{"href":"https:\/\/abuelaenlacocina.com\/index.php\/wp-json\/wp\/v2\/posts\/5567","targetHints":{"allow":["GET"]}}],"collection":[{"href":"https:\/\/abuelaenlacocina.com\/index.php\/wp-json\/wp\/v2\/posts"}],"about":[{"href":"https:\/\/abuelaenlacocina.com\/index.php\/wp-json\/wp\/v2\/types\/post"}],"author":[{"embeddable":true,"href":"https:\/\/abuelaenlacocina.com\/index.php\/wp-json\/wp\/v2\/users\/5"}],"replies":[{"embeddable":true,"href":"https:\/\/abuelaenlacocina.com\/index.php\/wp-json\/wp\/v2\/comments?post=5567"}],"version-history":[{"count":2,"href":"https:\/\/abuelaenlacocina.com\/index.php\/wp-json\/wp\/v2\/posts\/5567\/revisions"}],"predecessor-version":[{"id":5571,"href":"https:\/\/abuelaenlacocina.com\/index.php\/wp-json\/wp\/v2\/posts\/5567\/revisions\/5571"}],"wp:featuredmedia":[{"embeddable":true,"href":"https:\/\/abuelaenlacocina.com\/index.php\/wp-json\/wp\/v2\/media\/5569"}],"wp:attachment":[{"href":"https:\/\/abuelaenlacocina.com\/index.php\/wp-json\/wp\/v2\/media?parent=5567"}],"wp:term":[{"taxonomy":"category","embeddable":true,"href":"https:\/\/abuelaenlacocina.com\/index.php\/wp-json\/wp\/v2\/categories?post=5567"},{"taxonomy":"post_tag","embeddable":true,"href":"https:\/\/abuelaenlacocina.com\/index.php\/wp-json\/wp\/v2\/tags?post=5567"}],"curies":[{"name":"wp","href":"https:\/\/api.w.org\/{rel}","templated":true}]}}