{"id":5316,"date":"2023-10-04T12:52:05","date_gmt":"2023-10-04T12:52:05","guid":{"rendered":"https:\/\/abuelaenlacocina.com\/?p=5316"},"modified":"2023-10-04T12:52:08","modified_gmt":"2023-10-04T12:52:08","slug":"plantas-deja-el-agua-riegalas-con-una-taza-de-cafe-nunca-tuve-un-jardin-asi","status":"publish","type":"post","link":"https:\/\/abuelaenlacocina.com\/index.php\/2023\/10\/04\/plantas-deja-el-agua-riegalas-con-una-taza-de-cafe-nunca-tuve-un-jardin-asi\/","title":{"rendered":"PLANTAS, DEJA EL AGUA: RI\u00c9GALAS CON UNA TAZA DE CAF\u00c9 | NUNCA TUVE UN JARD\u00cdN AS\u00cd"},"content":{"rendered":"\n<p id=\"block-cb40e825-c844-4917-8a8c-ca553ed384a0\"><strong>El bienestar de las plantas es crucial para quienes tienen o no un pulgar verde. Veamos c\u00f3mo regarlas eficazmente sin usar agua.<\/strong><\/p>\n\n\n\n<figure class=\"wp-block-image\" id=\"block-66d371b8-81f4-4a99-831d-973476dff8bd\"><img decoding=\"async\" src=\"https:\/\/www.nanopress.it\/wp-content\/uploads\/2022\/07\/caffe-piante.jpg\" alt=\"Caff\u00e8\" \/><figcaption class=\"wp-element-caption\">El caf\u00e9 en las plantas &#8211; Nanopress.com<\/figcaption><\/figure>\n\n\n\n<p id=\"block-8c81bcf7-7e4e-404b-9623-703d051d3cb6\">El caf\u00e9 tambi\u00e9n podr\u00eda ser una aut\u00e9ntica panacea para las plantas. Veamos por qu\u00e9.<\/p>\n\n\n\n<h2 class=\"wp-block-heading\" id=\"block-ea7e48df-f30b-4e95-ae45-32cc9da64185\">\u00bfCAF\u00c9 EN LAS PLANTAS? VEAMOS POR QU\u00c9 PUEDE SER UNA BUENA IDEA<\/h2>\n\n\n\n<p id=\"block-1c9555c9-1da4-4eb5-a082-e0d22c68e798\">Incluso las plantas pueden ser aficionadas al caf\u00e9. La bebida oscura tan popular en Italia y en todo el mundo se toma a lo largo del d\u00eda para dar <strong>energ\u00eda y carga<\/strong> para afrontar los retos diarios. No importa si es macchiato, espresso o lungo, para algunas personas la ma\u00f1ana no puede empezar sin un buen caf\u00e9.<\/p>\n\n\n\n<figure class=\"wp-block-image\" id=\"block-9f2c9e3e-ff43-4dd9-b857-7599cc12af99\"><img decoding=\"async\" src=\"https:\/\/www.nanopress.it\/wp-content\/uploads\/2022\/07\/piante.jpg\" alt=\"piante\" \/><figcaption class=\"wp-element-caption\">plantas &#8211; nanopress.es<\/figcaption><\/figure>\n\n\n\n<p id=\"block-80a97804-d61a-4f30-96fe-b20c68281794\">\u00bfY si lo utilizamos para las plantas? Adem\u00e1s de los posos de caf\u00e9, la bebida negra tambi\u00e9n puede utilizarse en su forma l\u00edquida, preferiblemente diluida, en las plantas de nuestro balc\u00f3n, piso o jard\u00edn. Utilizar el caf\u00e9 como abono no es nada nuevo: todos los jardineros lo hacen. Estos \u00faltimos, sin embargo, suelen utilizar posos de caf\u00e9 que contienen nitr\u00f3geno.<\/p>\n\n\n\n<h3 class=\"wp-block-heading\" id=\"block-3675a9d9-3f7c-48b7-940b-3de8b8fb2579\">C\u00f3mo utilizarlo<\/h3>\n\n\n\n<p id=\"block-f016f17e-41a6-47e3-9b21-f719c151a555\">El caf\u00e9 puede actuar sobre las plantas como un <strong>abono natural<\/strong>. Para utilizarlo, no es necesario endulzarlo. De hecho, la bebida contiene dos sustancias importantes: magnesio y potasio, esenciales para el crecimiento de las pl\u00e1ntulas.<\/p>\n\n\n\n<p id=\"block-5e5055f9-ca75-4eb6-a87b-6dcb20a7b052\">Una vez hecho el moka y bebido el caf\u00e9, si sobra una taza, d\u00e9jala enfriar. Por supuesto, tendr\u00e1 que ser caf\u00e9 sin az\u00facar, nata ni ning\u00fan otro edulcorante que pueda ser perjudicial para los vegetales. Una vez comprobado esto, dil\u00fayelo con agua. El agua debe tener la misma cantidad que el caf\u00e9. Entonces podr\u00e1s utilizarlo para tus plantas.<\/p>\n\n\n\n<p id=\"block-8d87f48b-6513-46a3-a4b8-836b0a4033b5\">Las plantas que m\u00e1s necesitan un suelo \u00e1cido&nbsp;<strong>son: hortensias, gardenias, rosas, begonias, azaleas y cicl\u00e1menes, pero tambi\u00e9n aloes y jacintos. Dicho esto, ser\u00eda mejor no utilizar el caf\u00e9 en las plantas que no necesitan un suelo \u00e1cido.<\/strong><\/p>\n\n\n\n<p id=\"block-ad57dcfb-7289-42ca-9bdc-35b2011a66e8\">Si observa que las hojas de sus plantas empiezan a ponerse amarillas, podr\u00eda ser un indicador de que hay demasiada acidez en el suelo. En este caso, tambi\u00e9n habr\u00e1 que trasplantar las plantas que necesiten un suelo \u00e1cido. En ese momento, utiliza abono org\u00e1nico para ayudarlas a recuperarse.<\/p>\n\n\n\n<figure class=\"wp-block-image\" id=\"block-c09bea41-6656-4c94-b5cd-9f1e3c4e857a\"><img decoding=\"async\" src=\"https:\/\/www.nanopress.it\/wp-content\/uploads\/2022\/07\/piante-.jpg\" alt=\"piante\" \/><figcaption class=\"wp-element-caption\">plantas &#8211; nanopress.es<\/figcaption><\/figure>\n\n\n\n<p id=\"block-72639858-8c10-4e81-8c60-0b023f3f0b3a\">Una buena idea, por tanto, ser\u00eda utilizar caf\u00e9 en tus semilleros de forma puntual para evitar que enfermen ellos mismos.<\/p>\n","protected":false},"excerpt":{"rendered":"<p>El bienestar de las plantas es crucial para quienes tienen o no un pulgar verde. Veamos c\u00f3mo regarlas eficazmente sin usar agua. El caf\u00e9 tambi\u00e9n podr\u00eda ser una aut\u00e9ntica panacea &#8230; <\/p>\n<p class=\"read-more-container\"><a title=\"PLANTAS, DEJA EL AGUA: RI\u00c9GALAS CON UNA TAZA DE CAF\u00c9 | NUNCA TUVE UN JARD\u00cdN AS\u00cd\" class=\"read-more button\" href=\"https:\/\/abuelaenlacocina.com\/index.php\/2023\/10\/04\/plantas-deja-el-agua-riegalas-con-una-taza-de-cafe-nunca-tuve-un-jardin-asi\/#more-5316\" aria-label=\"More on PLANTAS, DEJA EL AGUA: RI\u00c9GALAS CON UNA TAZA DE CAF\u00c9 | NUNCA TUVE UN JARD\u00cdN AS\u00cd\">Seguir leyendo<\/a><\/p>\n","protected":false},"author":5,"featured_media":5318,"comment_status":"closed","ping_status":"closed","sticky":false,"template":"","format":"standard","meta":{"footnotes":""},"categories":[3],"tags":[],"class_list":["post-5316","post","type-post","status-publish","format-standard","has-post-thumbnail","hentry","category-jardin-y-consejos","generate-columns","tablet-grid-50","mobile-grid-100","grid-parent","grid-50","no-featured-image-padding"],"_links":{"self":[{"href":"https:\/\/abuelaenlacocina.com\/index.php\/wp-json\/wp\/v2\/posts\/5316","targetHints":{"allow":["GET"]}}],"collection":[{"href":"https:\/\/abuelaenlacocina.com\/index.php\/wp-json\/wp\/v2\/posts"}],"about":[{"href":"https:\/\/abuelaenlacocina.com\/index.php\/wp-json\/wp\/v2\/types\/post"}],"author":[{"embeddable":true,"href":"https:\/\/abuelaenlacocina.com\/index.php\/wp-json\/wp\/v2\/users\/5"}],"replies":[{"embeddable":true,"href":"https:\/\/abuelaenlacocina.com\/index.php\/wp-json\/wp\/v2\/comments?post=5316"}],"version-history":[{"count":1,"href":"https:\/\/abuelaenlacocina.com\/index.php\/wp-json\/wp\/v2\/posts\/5316\/revisions"}],"predecessor-version":[{"id":5319,"href":"https:\/\/abuelaenlacocina.com\/index.php\/wp-json\/wp\/v2\/posts\/5316\/revisions\/5319"}],"wp:featuredmedia":[{"embeddable":true,"href":"https:\/\/abuelaenlacocina.com\/index.php\/wp-json\/wp\/v2\/media\/5318"}],"wp:attachment":[{"href":"https:\/\/abuelaenlacocina.com\/index.php\/wp-json\/wp\/v2\/media?parent=5316"}],"wp:term":[{"taxonomy":"category","embeddable":true,"href":"https:\/\/abuelaenlacocina.com\/index.php\/wp-json\/wp\/v2\/categories?post=5316"},{"taxonomy":"post_tag","embeddable":true,"href":"https:\/\/abuelaenlacocina.com\/index.php\/wp-json\/wp\/v2\/tags?post=5316"}],"curies":[{"name":"wp","href":"https:\/\/api.w.org\/{rel}","templated":true}]}}