{"id":5080,"date":"2023-09-25T17:24:51","date_gmt":"2023-09-25T17:24:51","guid":{"rendered":"https:\/\/abuelaenlacocina.com\/?p=5080"},"modified":"2023-09-25T17:24:53","modified_gmt":"2023-09-25T17:24:53","slug":"huerto-y-jardin-6-consejos-para-reparar-los-danos-del-verano","status":"publish","type":"post","link":"https:\/\/abuelaenlacocina.com\/index.php\/2023\/09\/25\/huerto-y-jardin-6-consejos-para-reparar-los-danos-del-verano\/","title":{"rendered":"Huerto y jard\u00edn: 6 consejos para reparar los da\u00f1os del verano"},"content":{"rendered":"\n<p id=\"block-4d82a6dc-a596-48c2-90e1-807e4dafdad0\"><strong>El verano llega poco a poco a su fin, y no sin dificultades para nuestros jardines y huertos, que han sufrido enormemente los caprichos del tiempo (sequ\u00eda y can\u00edcula, tormentas, vientos violentos&#8230;). A menudo, las vacaciones hacen que los jardineros descuiden el mantenimiento de sus espacios verdes. Como resultado, con el c\u00e9sped quemado como un felpudo viejo, las flores sin aliento y las frutas y verduras en estado de depresi\u00f3n por la &#8220;belle saison&#8221;, casi nos olvidamos de que a\u00fan nos quedan unas largas semanas de cosecha antes del invierno (que tambi\u00e9n hay que preparar con cuidado). He aqu\u00ed algunos consejos para reparar los da\u00f1os causados por el verano en el jard\u00edn y el huerto, de modo que podamos terminar la temporada con buena nota y esperar la siguiente con vitalidad.<\/strong><\/p>\n\n\n\n<p id=\"block-432d954f-f79e-4ba5-92ae-a00dae29be98\">Contenido<a href=\"https:\/\/astucesdegrandmere.net\/jardin-reparer-degats-ete\/#\" target=\"_blank\" rel=\"noopener\"><\/a><\/p>\n\n\n\n<h2 class=\"wp-block-heading\" id=\"block-8f7de108-b9e2-4555-a5a7-53ec81e2ed21\">1) Oc\u00fapate de desherbar el jard\u00edn<\/h2>\n\n\n\n<figure class=\"wp-block-image\" id=\"block-bfac41e3-b1bc-4564-afd9-3a0cc7d99c3a\"><img decoding=\"async\" src=\"https:\/\/astucesdegrandmere.net\/wp-content\/uploads\/2017\/09\/iStock-825684208.jpg.webp\" alt=\"d\u00e9sherber d\u00e9sherbant\" \/><figcaption class=\"wp-element-caption\">Cr\u00e9ditos: iStock<\/figcaption><\/figure>\n\n\n\n<p id=\"block-42f7985f-ae68-469b-90d8-eb5c59a6a71a\">Puede que tus plantas hayan sufrido por el sol y la sequ\u00eda, \u00a1pero las malas hierbas no se han dejado impresionar! Las malas hierbas han aprovechado que tus plantas han estado de capa ca\u00edda para invitarse a entrar y apoderarse de todo el espacio. Ya sea en el c\u00e9sped, en los parterres o en el huerto, est\u00e1n por todas partes&#8230;&nbsp;Adem\u00e1s de herbicida natural, \u00a1vas a necesitar un poco de grasa de codo para arrancarlas todas y despejar el lugar! As\u00ed limitar\u00e1s los da\u00f1os causados por estas plantas invasoras.<\/p>\n\n\n\n<h2 class=\"wp-block-heading\" id=\"block-6e07b360-289e-4bbf-8c82-c3cf91aeeeeb\">2) Cuide su c\u00e9sped<\/h2>\n\n\n\n<figure class=\"wp-block-image\" id=\"block-8c269023-e6f0-4dda-8e54-71f5ad5819bb\"><img decoding=\"async\" src=\"https:\/\/astucesdegrandmere.net\/wp-content\/uploads\/2019\/04\/tondre-tondeuse-pelouse-gazon.png.webp\" alt=\"tondre tondeuse pelouse gazon\" \/><figcaption class=\"wp-element-caption\">Cr\u00e9ditos: PxHere<\/figcaption><\/figure>\n\n\n\n<p id=\"block-66f41517-222e-4480-be5f-6a492fb21ce3\">A veces regarlo bien ayudar\u00e1 a&nbsp;<strong>salvar un c\u00e9sped quemado y un poco amarillo por el calor<\/strong>. Sin embargo, a veces necesitar\u00e1s sembrar cuando eso no sea suficiente. En ese caso, opta por semillas especiales para resiembra expr\u00e9s para tapar los agujeros de los lugares m\u00e1s desnudos. Esto acelerar\u00e1 la germinaci\u00f3n y ocultar\u00e1 r\u00e1pidamente los da\u00f1os que el calor del verano ha dejado en el jard\u00edn. Por lo dem\u00e1s, recuerda cortar el c\u00e9sped a una altura de 4 \u00f3 5 cent\u00edmetros. Esto dar\u00e1 al jard\u00edn un aspecto m\u00e1s ordenado y eliminar\u00e1 parte de las malas hierbas.<\/p>\n\n\n\n<h2 class=\"wp-block-heading\" id=\"block-b87eb4d2-2d92-4468-9f33-d60b8ece16f2\">3) Limpie sus plantaciones<\/h2>\n\n\n\n<figure class=\"wp-block-image\" id=\"block-30057a57-1908-4648-93b1-4e23d9d9ddbc\"><img decoding=\"async\" src=\"https:\/\/astucesdegrandmere.net\/wp-content\/uploads\/2018\/11\/plantes-fan%C3%A9es-mortes.png\" alt=\"plantes fan\u00e9es mortes\" \/><figcaption class=\"wp-element-caption\">Cr\u00e9ditos: Wikimedia Commons<\/figcaption><\/figure>\n\n\n\n<p id=\"block-fe67506c-44db-48e2-9965-0fe3631ba66f\">Ilumine sus plantas para embellecer el jard\u00edn y devolverle un poco de vigor. Aligeradas de todo&nbsp;<strong>lo que est\u00e9 seco o estropeado<\/strong>, las plantas podr\u00e1n desarrollar nuevos brotes y continuar su crecimiento. Despejado de todos los peque\u00f1os desaguisados del verano, el jard\u00edn s\u00f3lo estar\u00e1&nbsp;<strong>m\u00e1s sano para recibir el oto\u00f1o<\/strong>. Adem\u00e1s, los jardineros tendr\u00e1n una idea m\u00e1s clara de c\u00f3mo prepararse para las estaciones m\u00e1s fr\u00edas. Para ello, tendr\u00e1 que:<br>Cortar las&nbsp;<strong>hojas da\u00f1adas y las flores marchitas<\/strong>&nbsp;de sus plantas anuales y vivaces, as\u00ed como de sus arbustos de flor (rosas, hortensias&#8230;) o plantas de huerto (tomateras, freseras, frambuesas&#8230;).<br>Recorte horizontalmente las plantas vivaces que hayan germinado durante el verano.<br>-Recoja los tallos da\u00f1ados y las ramas rotas con tijeras de podar durante las tormentas o granizadas.<br>-Recoja las frutas y hortalizas da\u00f1adas o podridas y comp\u00f3telas. Si es necesario, arranca las plantas y afloja la tierra para prepararla para tus futuros cultivos.<\/p>\n\n\n\n<h2 class=\"wp-block-heading\" id=\"block-ece05b37-171a-4ed2-b020-d7c41edaf5b8\">4) Aprovecha para plantar verduras de temporada<\/h2>\n\n\n\n<figure class=\"wp-block-image\" id=\"block-b112454e-a621-4ece-8890-017450bf0d6d\"><img decoding=\"async\" src=\"https:\/\/astucesdegrandmere.net\/wp-content\/uploads\/2017\/03\/iStock-459405181.jpg.webp\" alt=\"planter plantation jardinage\" \/><figcaption class=\"wp-element-caption\">Cr\u00e9ditos: iStock<\/figcaption><\/figure>\n\n\n\n<p id=\"block-a0e2ef51-efaa-43ea-984a-afe62c6c938f\">En septiembre, las temperaturas siguen siendo lo bastante suaves para sembrar verduras y frutas bien escogidas. Por ejemplo, es un buen momento para plantar cebollas, puerros, espinacas, can\u00f3nigos, r\u00e1banos y can\u00f3nigos de invierno. Adem\u00e1s, puede&nbsp;<strong>plantar muchas frutas y verduras a finales de verano<\/strong>. Por ejemplo, fresas, endibias rizadas y, por qu\u00e9 no, escarola.<\/p>\n\n\n\n<h2 class=\"wp-block-heading\" id=\"block-f57cf996-da20-49ea-b825-bad84077802a\">5) Airear el suelo del jard\u00edn debilitado por los da\u00f1os del verano<\/h2>\n\n\n\n<figure class=\"wp-block-image\" id=\"block-963ae103-5ef8-4841-8e3a-cb05d193532a\"><img decoding=\"async\" src=\"https:\/\/astucesdegrandmere.net\/wp-content\/uploads\/2016\/01\/771px-Icy_Exoplanet_artists_impression-14.jpg.webp\" alt=\"plantes terre\" \/><figcaption class=\"wp-element-caption\">Cr\u00e9ditos: tookapic \/ Pixabay<\/figcaption><\/figure>\n\n\n\n<p id=\"block-2c9ffccc-81f0-4000-bfe2-7499de5afbc9\">Las condiciones meteorol\u00f3gicas pueden causar graves da\u00f1os y&nbsp;<strong>cambiar por completo la naturaleza del suelo<\/strong>. Por eso, a muchos aficionados a la jardiner\u00eda les gusta cubrir el suelo con un mantillo adecuado. Esto ayuda a protegerlo. Sin \u00e9l, entre un d\u00eda soleado y una lluvia torrencial, el suelo puede, de hecho, tanto&nbsp;<strong>secarse como agrietarse<\/strong>. Por eso es muy importante airear la tierra. Airear el suelo lo har\u00e1 m\u00e1s poroso. De este modo, el aire, el agua y los nutrientes llegar\u00e1n m\u00e1s f\u00e1cilmente a las ra\u00edces de tus plantas. Para hacerla menos compacta, simplemente empieza por dividir la tierra con tu grelinette. Luego, para completar tus esfuerzos, t\u00f3mate el tiempo de escardar a fondo alrededor de la base de tus hortalizas, arbustos y \u00e1rboles frutales.<\/p>\n\n\n\n<h2 class=\"wp-block-heading\" id=\"block-6c073c98-45ac-4b3a-b59d-ae24a73f28dd\">6) No descuides el riego y la enmienda del suelo<\/h2>\n\n\n\n<figure class=\"wp-block-image\" id=\"block-9301338b-0fca-4555-940e-9dedc20ada54\"><img decoding=\"async\" src=\"https:\/\/astucesdegrandmere.net\/wp-content\/uploads\/2018\/08\/arrosage.png.webp\" alt=\"arrosage\" \/><\/figure>\n\n\n\n<p id=\"block-f3deb38d-14b1-4c00-b9e9-2dd432275f97\">Para dar un empuj\u00f3n a tus plantas, nada como un buen abono org\u00e1nico o compost aplicado en una capa gruesa al pie de las plantas. No te olvides de regar Mientras las temperaturas sean suaves, es preferible regar al final del d\u00eda para que las plantas y el c\u00e9sped absorban el agua durante la noche. Regar durante el d\u00eda tiende a secar demasiado r\u00e1pido, por lo que la vegetaci\u00f3n no puede aprovecharlo&#8230;<\/p>\n\n\n\n<p id=\"block-66d6a792-fdc0-475c-8c84-9c6533f519fd\"><em>\u00bfSiguen atacando su jard\u00edn determinadas especies de plagas y larvas de insectos (\u00e1caros, escarabajos, pulgones, orugas, etc.)? Existen m\u00e9todos de lucha biol\u00f3gica contra estas plagas (trampas, insecticidas naturales, depredadores naturales como las mariquitas, etc.). Visite un centro de jardiner\u00eda o busque en nuestra p\u00e1gina web soluciones naturales eficaces.<\/em><\/p>\n","protected":false},"excerpt":{"rendered":"<p>El verano llega poco a poco a su fin, y no sin dificultades para nuestros jardines y huertos, que han sufrido enormemente los caprichos del tiempo (sequ\u00eda y can\u00edcula, tormentas, &#8230; <\/p>\n<p class=\"read-more-container\"><a title=\"Huerto y jard\u00edn: 6 consejos para reparar los da\u00f1os del verano\" class=\"read-more button\" href=\"https:\/\/abuelaenlacocina.com\/index.php\/2023\/09\/25\/huerto-y-jardin-6-consejos-para-reparar-los-danos-del-verano\/#more-5080\" aria-label=\"More on Huerto y jard\u00edn: 6 consejos para reparar los da\u00f1os del verano\">Seguir leyendo<\/a><\/p>\n","protected":false},"author":5,"featured_media":5082,"comment_status":"closed","ping_status":"closed","sticky":false,"template":"","format":"standard","meta":{"footnotes":""},"categories":[3],"tags":[],"class_list":["post-5080","post","type-post","status-publish","format-standard","has-post-thumbnail","hentry","category-jardin-y-consejos","generate-columns","tablet-grid-50","mobile-grid-100","grid-parent","grid-50","no-featured-image-padding"],"_links":{"self":[{"href":"https:\/\/abuelaenlacocina.com\/index.php\/wp-json\/wp\/v2\/posts\/5080","targetHints":{"allow":["GET"]}}],"collection":[{"href":"https:\/\/abuelaenlacocina.com\/index.php\/wp-json\/wp\/v2\/posts"}],"about":[{"href":"https:\/\/abuelaenlacocina.com\/index.php\/wp-json\/wp\/v2\/types\/post"}],"author":[{"embeddable":true,"href":"https:\/\/abuelaenlacocina.com\/index.php\/wp-json\/wp\/v2\/users\/5"}],"replies":[{"embeddable":true,"href":"https:\/\/abuelaenlacocina.com\/index.php\/wp-json\/wp\/v2\/comments?post=5080"}],"version-history":[{"count":1,"href":"https:\/\/abuelaenlacocina.com\/index.php\/wp-json\/wp\/v2\/posts\/5080\/revisions"}],"predecessor-version":[{"id":5083,"href":"https:\/\/abuelaenlacocina.com\/index.php\/wp-json\/wp\/v2\/posts\/5080\/revisions\/5083"}],"wp:featuredmedia":[{"embeddable":true,"href":"https:\/\/abuelaenlacocina.com\/index.php\/wp-json\/wp\/v2\/media\/5082"}],"wp:attachment":[{"href":"https:\/\/abuelaenlacocina.com\/index.php\/wp-json\/wp\/v2\/media?parent=5080"}],"wp:term":[{"taxonomy":"category","embeddable":true,"href":"https:\/\/abuelaenlacocina.com\/index.php\/wp-json\/wp\/v2\/categories?post=5080"},{"taxonomy":"post_tag","embeddable":true,"href":"https:\/\/abuelaenlacocina.com\/index.php\/wp-json\/wp\/v2\/tags?post=5080"}],"curies":[{"name":"wp","href":"https:\/\/api.w.org\/{rel}","templated":true}]}}