{"id":4940,"date":"2023-09-21T18:57:52","date_gmt":"2023-09-21T18:57:52","guid":{"rendered":"https:\/\/abuelaenlacocina.com\/?p=4940"},"modified":"2023-09-21T18:57:54","modified_gmt":"2023-09-21T18:57:54","slug":"quieres-cultivar-fresas-en-tu-jardin-aqui-tienes-la-manera-mas-facil","status":"publish","type":"post","link":"https:\/\/abuelaenlacocina.com\/index.php\/2023\/09\/21\/quieres-cultivar-fresas-en-tu-jardin-aqui-tienes-la-manera-mas-facil\/","title":{"rendered":"\u00bfQuieres cultivar fresas en tu jard\u00edn? \u00a1Aqu\u00ed tienes LA manera m\u00e1s f\u00e1cil!"},"content":{"rendered":"\n<p id=\"block-60d621db-63df-4fcf-a84d-1497baaac551\"><strong>En cuanto llega la temporada, la gente acude en masa a las hermosas fresas que aparecen en los puestos del mercado. Estos peque\u00f1os y dulces frutos rojos son siempre un \u00e9xito. Comidas solas, con az\u00facar o nata montada, a\u00f1adidas a ensaladas de fruta fresca que huelen a sol, o convertidas en helados, postres o gelatinas caseras, las fresas son una delicia todos los a\u00f1os. Lo mejor es tener unas cuantas plantas en casa para tenerlas a mano (y en el est\u00f3mago). Y la \u00e9poca perfecta para plantarlas es entre abril y septiembre. Esta es una forma muy econ\u00f3mica y sencilla de cultivar fresas. Es un m\u00e9todo que todo el mundo puede utilizar!<\/strong>.<\/p>\n\n\n\n<h2 class=\"wp-block-heading\" id=\"block-ca6db7a5-f535-47db-ab59-5c19dc1cb658\">Lo que necesitas..:<\/h2>\n\n\n\n<ul class=\"wp-block-list\" id=\"block-f150205b-4e73-4378-9f3f-e049786d5fb4\">\n<li>Al menos una fresa<\/li>\n\n\n\n<li>Rollos de papel higi\u00e9nico (tambi\u00e9n pueden utilizarse envases de yogur vac\u00edos y limpios, pero los rollos de papel higi\u00e9nico tienen la ventaja de ser biodegradables).<\/li>\n\n\n\n<li>Un palillo<\/li>\n\n\n\n<li>Tijeras<\/li>\n\n\n\n<li>Una papelera de pl\u00e1stico<\/li>\n\n\n\n<li>Una bolsa de pl\u00e1stico o film transparente<\/li>\n\n\n\n<li>Desde el suelo<\/li>\n<\/ul>\n\n\n\n<h2 class=\"wp-block-heading\" id=\"block-fc7ee3fd-3ed4-4177-b399-723f8b0ab43a\">\u00bfC\u00f3mo se cultivan las fresas?<\/h2>\n\n\n\n<p id=\"block-d2e54d79-feec-4d71-8335-414ccebe5dc3\">1) Utiliza el palillo para quitar las semillas de la fresa.<\/p>\n\n\n\n<figure class=\"wp-block-image\" id=\"block-b184fef0-5d3a-42f2-887a-89d54c09237a\"><img decoding=\"async\" src=\"https:\/\/astucesdegrandmere.net\/wp-content\/uploads\/2017\/06\/1.png.webp\" alt=\"Esta imagem tem um texto alternativo em branco, o nome da imagem \u00e9 1.png.webp\" \/><figcaption class=\"wp-element-caption\">Cr\u00e9ditos: Instructables\/lsadwdwadw<\/figcaption><\/figure>\n\n\n\n<p id=\"block-d7c921c4-4167-4986-a948-1a8511e9ec6e\">2) Prepara los rollos de papel higi\u00e9nico cort\u00e1ndolos por la mitad, haciendo tiras a intervalos regulares alrededor de un extremo y doblando las tiras sobre s\u00ed mismas para formar una base para tu &#8221;&nbsp;maceta&nbsp;&#8220;. Coloca las macetas en el cubo de pl\u00e1stico.<\/p>\n\n\n\n<figure class=\"wp-block-image\" id=\"block-d48a5f0f-eb94-44ca-9cc6-33cf0b6b0bab\"><img decoding=\"async\" src=\"https:\/\/astucesdegrandmere.net\/wp-content\/uploads\/2017\/06\/2.png.webp\" alt=\"Esta imagem tem um texto alternativo em branco, o nome da imagem \u00e9 2.png.webp\" \/><figcaption class=\"wp-element-caption\">Cr\u00e9ditos: Instructables\/lsadwdwadw<\/figcaption><\/figure>\n\n\n\n<p id=\"block-50596bb9-9962-4ae3-a472-b1d739aed5bc\">3) Ll\u00e9nalas casi hasta arriba de tierra, ri\u00e9gala para mantenerla h\u00fameda (no demasiado empapada ni encharcada) y pon dos semillas en cada maceta. No las entierres, ya que necesitan luz para germinar.<\/p>\n\n\n\n<figure class=\"wp-block-image\" id=\"block-a6709009-3f83-4468-8912-1195e7b9cbff\"><img decoding=\"async\" src=\"https:\/\/astucesdegrandmere.net\/wp-content\/uploads\/2017\/06\/3.png.webp\" alt=\"Esta imagem tem um texto alternativo em branco, o nome da imagem \u00e9 3.png.webp\" \/><figcaption class=\"wp-element-caption\">Cr\u00e9ditos: Instructables\/lsadwdwadw<\/figcaption><\/figure>\n\n\n\n<p id=\"block-60c0f9d8-a18b-4a1f-86d5-df07a3cda3d8\">3) C\u00fabrelo todo con una bolsa de pl\u00e1stico cerrada a modo de invernadero para proporcionar calor y humedad. Coloca tu &#8220;invernadero&#8221; en un lugar luminoso, por ejemplo cerca de una ventana. Retira el pl\u00e1stico cuando aparezcan los brotes para evitar que las hojas se quemen. No dudes en abrirlo de vez en cuando para que circule el aire y comprobar la humedad del invernadero (a\u00f1ade un poco de agua si la tierra est\u00e1 demasiado seca al tacto).<\/p>\n\n\n\n<figure class=\"wp-block-image\" id=\"block-5fed9263-28e8-4324-8dbb-8cecdb4f5d08\"><img decoding=\"async\" src=\"https:\/\/astucesdegrandmere.net\/wp-content\/uploads\/2017\/06\/5.png.webp\" alt=\"Esta imagem tem um texto alternativo em branco, o nome da imagem \u00e9 5.png.webp\" \/><figcaption class=\"wp-element-caption\">Cr\u00e9ditos: Instructables\/lsadwdwadw<\/figcaption><\/figure>\n\n\n\n<h4 class=\"wp-block-heading\" id=\"block-341201cb-cdc2-44cc-af05-198ee1bcbd6f\">Con el tiempo, \u00a1las fresas dar\u00e1n la cara!<\/h4>\n\n\n\n<figure class=\"wp-block-image\" id=\"block-57457685-316a-4095-853b-3247c6f91ae8\"><img decoding=\"async\" src=\"https:\/\/astucesdegrandmere.net\/wp-content\/uploads\/2017\/06\/4.png.webp\" alt=\"Esta imagem tem um texto alternativo em branco, o nome da imagem \u00e9 4.png.webp\" \/><figcaption class=\"wp-element-caption\">Cr\u00e9ditos: Instructables\/lsadwdwadw<\/figcaption><\/figure>\n\n\n\n<h3 class=\"wp-block-heading\" id=\"block-0036908d-eebf-405d-9f90-fbb19f363fe0\">Informaci\u00f3n sobre el cultivo y cuidado de las fresas:<\/h3>\n\n\n\n<p id=\"block-eb89f225-052a-467a-99bb-25743ffac4a1\">Para que no est\u00e9n a merced de insectos o p\u00e1jaros, puedes <strong>dejarlas crecer en el interior<\/strong>. Como alternativa, una malla las proteger\u00e1 de los p\u00e1jaros y otras plagas externas.<\/p>\n\n\n\n<p id=\"block-befadff6-967d-4af9-ba10-91151fe188f1\">Cuando sean m\u00e1s grandes, puedes plantarlas en el exterior, con mucho cuidado. Puedes dejar entonces los rollos de papel higi\u00e9nico sin problema, pero r\u00f3mpelos un poco sin da\u00f1ar las plantas). Para que este cambio se haga sin problemas, una semana o diez d\u00edas antes de plantar, puedes exponer la maceta al aire libre, al abrigo del viento, al principio durante poco tiempo y luego cada vez durante m\u00e1s tiempo a medida que pasen los d\u00edas (y en el interior por la noche).&nbsp;Tendr\u00e1s tus primeras fresas al a\u00f1o siguiente de plantarlas. \u00a1Habr\u00e1&nbsp;<strong>primero flores que pronto se convertir\u00e1n en fresas<\/strong>&nbsp;!<\/p>\n\n\n\n<p id=\"block-c0783667-8e15-4567-9c6a-8cb22430b197\">Un consejo: corta las flores el primer a\u00f1o para que las plantas se hagan m\u00e1s fuertes y grandes al a\u00f1o siguiente. As\u00ed podr\u00e1s cultivar a\u00fan m\u00e1s fresas. Una idea que gustar\u00e1 a los amantes de la cocina.<\/p>\n","protected":false},"excerpt":{"rendered":"<p>En cuanto llega la temporada, la gente acude en masa a las hermosas fresas que aparecen en los puestos del mercado. Estos peque\u00f1os y dulces frutos rojos son siempre un &#8230; <\/p>\n<p class=\"read-more-container\"><a title=\"\u00bfQuieres cultivar fresas en tu jard\u00edn? \u00a1Aqu\u00ed tienes LA manera m\u00e1s f\u00e1cil!\" class=\"read-more button\" href=\"https:\/\/abuelaenlacocina.com\/index.php\/2023\/09\/21\/quieres-cultivar-fresas-en-tu-jardin-aqui-tienes-la-manera-mas-facil\/#more-4940\" aria-label=\"More on \u00bfQuieres cultivar fresas en tu jard\u00edn? \u00a1Aqu\u00ed tienes LA manera m\u00e1s f\u00e1cil!\">Seguir leyendo<\/a><\/p>\n","protected":false},"author":5,"featured_media":4942,"comment_status":"closed","ping_status":"closed","sticky":false,"template":"","format":"standard","meta":{"footnotes":""},"categories":[3],"tags":[],"class_list":["post-4940","post","type-post","status-publish","format-standard","has-post-thumbnail","hentry","category-jardin-y-consejos","generate-columns","tablet-grid-50","mobile-grid-100","grid-parent","grid-50","no-featured-image-padding"],"_links":{"self":[{"href":"https:\/\/abuelaenlacocina.com\/index.php\/wp-json\/wp\/v2\/posts\/4940","targetHints":{"allow":["GET"]}}],"collection":[{"href":"https:\/\/abuelaenlacocina.com\/index.php\/wp-json\/wp\/v2\/posts"}],"about":[{"href":"https:\/\/abuelaenlacocina.com\/index.php\/wp-json\/wp\/v2\/types\/post"}],"author":[{"embeddable":true,"href":"https:\/\/abuelaenlacocina.com\/index.php\/wp-json\/wp\/v2\/users\/5"}],"replies":[{"embeddable":true,"href":"https:\/\/abuelaenlacocina.com\/index.php\/wp-json\/wp\/v2\/comments?post=4940"}],"version-history":[{"count":1,"href":"https:\/\/abuelaenlacocina.com\/index.php\/wp-json\/wp\/v2\/posts\/4940\/revisions"}],"predecessor-version":[{"id":4943,"href":"https:\/\/abuelaenlacocina.com\/index.php\/wp-json\/wp\/v2\/posts\/4940\/revisions\/4943"}],"wp:featuredmedia":[{"embeddable":true,"href":"https:\/\/abuelaenlacocina.com\/index.php\/wp-json\/wp\/v2\/media\/4942"}],"wp:attachment":[{"href":"https:\/\/abuelaenlacocina.com\/index.php\/wp-json\/wp\/v2\/media?parent=4940"}],"wp:term":[{"taxonomy":"category","embeddable":true,"href":"https:\/\/abuelaenlacocina.com\/index.php\/wp-json\/wp\/v2\/categories?post=4940"},{"taxonomy":"post_tag","embeddable":true,"href":"https:\/\/abuelaenlacocina.com\/index.php\/wp-json\/wp\/v2\/tags?post=4940"}],"curies":[{"name":"wp","href":"https:\/\/api.w.org\/{rel}","templated":true}]}}