{"id":4932,"date":"2023-09-21T18:17:17","date_gmt":"2023-09-21T18:17:17","guid":{"rendered":"https:\/\/abuelaenlacocina.com\/?p=4932"},"modified":"2023-09-21T18:17:19","modified_gmt":"2023-09-21T18:17:19","slug":"no-tienes-un-gran-jardin-aqui-tienes-4-frutas-compatibles-con-un-balcon","status":"publish","type":"post","link":"https:\/\/abuelaenlacocina.com\/index.php\/2023\/09\/21\/no-tienes-un-gran-jardin-aqui-tienes-4-frutas-compatibles-con-un-balcon\/","title":{"rendered":"\u00bfNo tienes un gran jard\u00edn? Aqu\u00ed tienes 4 frutas compatibles con un balc\u00f3n"},"content":{"rendered":"\n<p id=\"block-8ccc84dc-50c3-4ceb-bff2-c544cd633454\"><strong>Viendo jardines bonitos y espaciosos, llenos de flores y buenos frutos, hay mucho que envidiar. Pero si tiene una terraza o un balc\u00f3n, tambi\u00e9n est\u00e1 de suerte. No todo el mundo dispone de este tipo de espacio exterior, y aunque sea peque\u00f1o, puedes poner unas cuantas plantas, hierbas y, sobre todo, \u00e1rboles frutales, \u00a1siempre que tengas un poco de luz! \u00a1No lo dudes! Aqu\u00ed tienes 4 \u00e1rboles frutales que ser\u00e1n compatibles con tu balc\u00f3n o terraza. Te van a encantar!<\/strong><\/p>\n\n\n\n<p id=\"block-2c9f0540-aaa4-47de-95b5-2894c9fdb841\">Contenido<a href=\"https:\/\/astucesdegrandmere.net\/de-grand-jardin-voici-4-fruits-compatibles-balcon\/#\" target=\"_blank\" rel=\"noopener\"><\/a><\/p>\n\n\n\n<h2 class=\"wp-block-heading\" id=\"block-ad1c9d48-5c82-479e-b707-eb39e5a374a6\">1) Elige frutos rojos en tu balc\u00f3n<\/h2>\n\n\n\n<figure class=\"wp-block-image\" id=\"block-5727644b-e428-4147-be2f-e062fd66bd87\"><img decoding=\"async\" src=\"https:\/\/astucesdegrandmere.net\/wp-content\/uploads\/2017\/06\/capture-2017-06-26-%C3%A0-15.20.43.jpg.webp\" alt=\"fraises fruits jardini\u00e8re balcon\" \/><figcaption class=\"wp-element-caption\">Cr\u00e9ditos: Flickr\/F_A<\/figcaption><\/figure>\n\n\n\n<p id=\"block-7a34708e-51ce-468d-81be-81810d14ac5b\">Si optas por variedades perennes acostumbradas a la maceta, \u00a1el cultivo de fresas y frambuesas no es en absoluto ciencia ficci\u00f3n!<\/p>\n\n\n\n<ul class=\"wp-block-list\" id=\"block-4ad6a410-4b86-4323-aba1-335096a0ed38\">\n<li>En cuanto a las fresas, te conviene elegir la mara des bois o la famosa gariguette, que no bastar\u00e1 para alimentar a todo el edificio, pero s\u00ed a tu familia. Una maceta de 10 litros bastar\u00e1 para una planta de fresas.<\/li>\n\n\n\n<li>Las frambuesas no son fr\u00e1giles. Soportan bien los distintos climas y el cultivo en maceta. Eso s\u00ed, necesitan riego frecuente (una vez a la semana), o incluso m\u00e1s si el clima es seco. Puede plantarlas en oto\u00f1o en una maceta de 30 cm de profundidad y 25 cm de di\u00e1metro.<\/li>\n<\/ul>\n\n\n\n<h2 class=\"wp-block-heading\" id=\"block-c20538e8-0420-483f-9923-aed3bb9fadd8\">2) Centrarse en los c\u00edtricos<\/h2>\n\n\n\n<figure class=\"wp-block-image\" id=\"block-0525cba5-ce15-4d68-bd5a-68f5a0184faf\"><img decoding=\"async\" src=\"https:\/\/astucesdegrandmere.net\/wp-content\/uploads\/2017\/06\/capture-2017-06-26-%C3%A0-15.19.06.jpg.webp\" alt=\"This image has an empty alt attribute; its file name is capture-2017-06-26-%C3%A0-15.19.06.jpg.webp\" \/><figcaption class=\"wp-element-caption\">Cr\u00e9ditos: MaxPixel<\/figcaption><\/figure>\n\n\n\n<p id=\"block-1f321675-8893-4909-a36c-19356c3a20f4\">Cada vez se cultivan m\u00e1s limoneros y mandarinos en interior. En el balc\u00f3n, hay que protegerlos del viento y proporcionarles un lugar soleado y una maceta de terracota de buen tama\u00f1o. Hay que regar la planta con regularidad para que no se seque. Sin embargo, hay que evitar el agua estancada.<\/p>\n\n\n\n<p id=\"block-ce36543f-a1b9-4a30-bd7d-58ea4e514518\">Cuando llega la estaci\u00f3n fr\u00eda, hay que vigilar las heladas, perjudiciales para las plantas, y asegurarse de que la temperatura se mantiene en un nivel ideal (entre 8 \u00b0C y 12 \u00b0C).<\/p>\n\n\n\n<h2 class=\"wp-block-heading\" id=\"block-f63b9278-e45b-4693-9f97-8c736919cc1a\">3) No te olvides de los \u00e1rboles frutales&#8230; \u00a1pero en miniatura para que puedas cultivar buena fruta en tu balc\u00f3n!<\/h2>\n\n\n\n<figure class=\"wp-block-image\" id=\"block-853d52e1-be03-45c4-96ab-301914030aa3\"><img decoding=\"async\" src=\"https:\/\/astucesdegrandmere.net\/wp-content\/uploads\/2017\/06\/capture-2017-06-26-%C3%A0-15.15.43-e1498482980120.jpg.webp\" alt=\"This image has an empty alt attribute; its file name is capture-2017-06-26-%C3%A0-15.15.43-e1498482980120.jpg.webp\" \/><figcaption class=\"wp-element-caption\">Cr\u00e9ditos: Pixabay\/AnkeFB<\/figcaption><\/figure>\n\n\n\n<p id=\"block-c232e08f-6b9e-4440-bb50-0c5219bdd0c9\">Con estos mini\u00e1rboles, las ciruelas, las manzanas y las peras estar\u00e1n al alcance de la mano. Eso s\u00ed, necesitar\u00e1s macetas grandes o jardineras de madera (60 x 60 cm). Si dispone de espacio suficiente en el balc\u00f3n, piense en poner dos variedades distintas de manzana (gala, fuji o honeycrisp) una al lado de la otra, ya que es muy probable que crezcan juntas. En cuanto a los perales, ten cuidado con las heladas (sobre todo las tard\u00edas) y acu\u00e9rdate de cubrir bien las ramas.<\/p>\n\n\n\n<h2 class=\"wp-block-heading\" id=\"block-48bb8c22-0824-4816-a4f9-2214a5c75cd1\">4) Y por \u00faltimo, los tomates cherry: \u00a1mucho sabor concentrado en un formato peque\u00f1o!<\/h2>\n\n\n\n<figure class=\"wp-block-image\" id=\"block-ba4d5042-8929-4575-97e9-185bcd5e7c9e\"><img decoding=\"async\" src=\"https:\/\/astucesdegrandmere.net\/wp-content\/uploads\/2017\/06\/capture-2017-06-26-%C3%A0-15.13.18.jpg.webp\" alt=\"This image has an empty alt attribute; its file name is capture-2017-06-26-%C3%A0-15.13.18.jpg.webp\" \/><figcaption class=\"wp-element-caption\">Cr\u00e9ditos: Public Domain Pictures<\/figcaption><\/figure>\n\n\n\n<p id=\"block-cd8b21c6-1c7d-43f3-9231-aeb39526f7fb\">No es f\u00e1cil combinar una hortaliza soleada con un balc\u00f3n, pero los tomates cherry ofrecen una soluci\u00f3n agradable, con la opci\u00f3n de cultivarlos en macetas. Esto requiere un cuidado especial a la hora de preparar la tierra. Para un crecimiento perfecto y abundante, llene la maceta con \u00be de tierra especial para macetas de huerto, a\u00f1ada \u00bc de arena de r\u00edo y fi<\/p>\n","protected":false},"excerpt":{"rendered":"<p>Viendo jardines bonitos y espaciosos, llenos de flores y buenos frutos, hay mucho que envidiar. Pero si tiene una terraza o un balc\u00f3n, tambi\u00e9n est\u00e1 de suerte. No todo el &#8230; <\/p>\n<p class=\"read-more-container\"><a title=\"\u00bfNo tienes un gran jard\u00edn? Aqu\u00ed tienes 4 frutas compatibles con un balc\u00f3n\" class=\"read-more button\" href=\"https:\/\/abuelaenlacocina.com\/index.php\/2023\/09\/21\/no-tienes-un-gran-jardin-aqui-tienes-4-frutas-compatibles-con-un-balcon\/#more-4932\" aria-label=\"More on \u00bfNo tienes un gran jard\u00edn? Aqu\u00ed tienes 4 frutas compatibles con un balc\u00f3n\">Seguir leyendo<\/a><\/p>\n","protected":false},"author":5,"featured_media":4934,"comment_status":"closed","ping_status":"closed","sticky":false,"template":"","format":"standard","meta":{"footnotes":""},"categories":[3],"tags":[],"class_list":["post-4932","post","type-post","status-publish","format-standard","has-post-thumbnail","hentry","category-jardin-y-consejos","generate-columns","tablet-grid-50","mobile-grid-100","grid-parent","grid-50","no-featured-image-padding"],"_links":{"self":[{"href":"https:\/\/abuelaenlacocina.com\/index.php\/wp-json\/wp\/v2\/posts\/4932","targetHints":{"allow":["GET"]}}],"collection":[{"href":"https:\/\/abuelaenlacocina.com\/index.php\/wp-json\/wp\/v2\/posts"}],"about":[{"href":"https:\/\/abuelaenlacocina.com\/index.php\/wp-json\/wp\/v2\/types\/post"}],"author":[{"embeddable":true,"href":"https:\/\/abuelaenlacocina.com\/index.php\/wp-json\/wp\/v2\/users\/5"}],"replies":[{"embeddable":true,"href":"https:\/\/abuelaenlacocina.com\/index.php\/wp-json\/wp\/v2\/comments?post=4932"}],"version-history":[{"count":1,"href":"https:\/\/abuelaenlacocina.com\/index.php\/wp-json\/wp\/v2\/posts\/4932\/revisions"}],"predecessor-version":[{"id":4935,"href":"https:\/\/abuelaenlacocina.com\/index.php\/wp-json\/wp\/v2\/posts\/4932\/revisions\/4935"}],"wp:featuredmedia":[{"embeddable":true,"href":"https:\/\/abuelaenlacocina.com\/index.php\/wp-json\/wp\/v2\/media\/4934"}],"wp:attachment":[{"href":"https:\/\/abuelaenlacocina.com\/index.php\/wp-json\/wp\/v2\/media?parent=4932"}],"wp:term":[{"taxonomy":"category","embeddable":true,"href":"https:\/\/abuelaenlacocina.com\/index.php\/wp-json\/wp\/v2\/categories?post=4932"},{"taxonomy":"post_tag","embeddable":true,"href":"https:\/\/abuelaenlacocina.com\/index.php\/wp-json\/wp\/v2\/tags?post=4932"}],"curies":[{"name":"wp","href":"https:\/\/api.w.org\/{rel}","templated":true}]}}