{"id":4752,"date":"2023-09-17T06:47:51","date_gmt":"2023-09-17T06:47:51","guid":{"rendered":"https:\/\/abuelaenlacocina.com\/?p=4752"},"modified":"2023-09-17T06:47:53","modified_gmt":"2023-09-17T06:47:53","slug":"sos-las-raices-de-mi-orquidea-se-estan-saliendo-de-la-maceta-que-debo-hacer","status":"publish","type":"post","link":"https:\/\/abuelaenlacocina.com\/index.php\/2023\/09\/17\/sos-las-raices-de-mi-orquidea-se-estan-saliendo-de-la-maceta-que-debo-hacer\/","title":{"rendered":"SOS, las ra\u00edces de mi orqu\u00eddea se est\u00e1n saliendo de la maceta: \u00bfqu\u00e9 debo hacer?"},"content":{"rendered":"\n<p id=\"block-f7df237c-03a3-4f60-91ca-4193253a918e\"><strong>Cuando amas las orqu\u00eddeas, seducido por la delicadeza de estas hermosas flores, intentas cuidarlas al m\u00e1ximo y conocer al dedillo&nbsp;todos los secretos para hacerlas prosperar, pero tambi\u00e9n los&nbsp;consejos para que vuelvan a florecer. Sin embargo, aunque las conozca bien, a veces puede sorprenderse (\u00a1y preocuparse!) cuando observa que las ra\u00edces empiezan a salir de la maceta. Esta caracter\u00edstica inusual en otras plantas es bastante com\u00fan en las orqu\u00eddeas. \u00bfSignifica esto que la orqu\u00eddea se est\u00e1 marchitando? \u00bfEs una mala se\u00f1al? \u00bfQu\u00e9 debe hacer al respecto y c\u00f3mo debe cuidar una orqu\u00eddea cuyas ra\u00edces est\u00e1n rebosando? La abuela te lo cuenta todo<\/strong>.<\/p>\n\n\n\n<h2 class=\"wp-block-heading\" id=\"block-af089cb8-f83c-4ef3-b887-42ebd0bbdd62\">\u00bfEs normal que las ra\u00edces se salgan de la maceta?<\/h2>\n\n\n\n<p id=\"block-b009b133-d38e-4916-af16-0872fd5c9fbc\">Cuando las ra\u00edces empiezan a salirse de la maceta, suele ser para buscar humedad ambiental y part\u00edculas org\u00e1nicas en suspensi\u00f3n. Esto nutrir\u00e1 a la flor. Tambi\u00e9n le ayuda a captar mejor la luz. As\u00ed es. Al igual que a las hojas, a las ra\u00edces tambi\u00e9n les gusta beneficiarse de una buena exposici\u00f3n al sol (sin exposici\u00f3n directa, por supuesto). Este fen\u00f3meno no es nada preocupante y forma parte del mecanismo de supervivencia de la orqu\u00eddea phalaenopsis. No obstante, aseg\u00farese de que su planta recibe suficiente luz.<\/p>\n\n\n\n<p id=\"block-608c2533-07e3-46c0-8a05-81216e9b7753\">Muy imponentes en esta delicada flor, \u00a1estas ra\u00edces permiten sobre todo un verdadero&nbsp;<strong>inventario indicativo del estado de salud de su orqu\u00eddea<\/strong>&nbsp;! Por lo tanto, es muy \u00fatil que sean tan carnosas y visibles. Basta con mirarlas para hacerse una idea de la salud de su planta, y es muy pr\u00e1ctico, por no decir otra cosa. Cuando est\u00e1n verdes, es muy buena se\u00f1al. Significa que tu planta est\u00e1 prosperando. Si, por el contrario, adquieren un tono gris\u00e1ceo, indica falta de agua. El jardinero debe procurar regar bien las plantas.<\/p>\n\n\n\n<h2 class=\"wp-block-heading\" id=\"block-45676e96-913c-429a-b293-edbd62bb9933\">\u00bfQu\u00e9 debo hacer si las ra\u00edces de la orqu\u00eddea se salen de la maceta?<\/h2>\n\n\n\n<figure class=\"wp-block-image\" id=\"block-5576f0c1-f350-47e2-b0a0-d9e3f325165f\"><img decoding=\"async\" src=\"https:\/\/astucesdegrandmere.net\/wp-content\/uploads\/2021\/12\/couper-les-racines-dune-orchidee.png\" alt=\"couper les racines d'une orchid\u00e9e\" \/><figcaption class=\"wp-element-caption\">Cr\u00e9ditos: iStock<\/figcaption><\/figure>\n\n\n\n<p id=\"block-634b6229-c163-450a-a807-27afc4e9f967\">Cuando las ra\u00edces empiezan a hacerse m\u00e1s visibles, a veces nos preguntamos si no deber\u00edamos cortarlas o intentar enterrarlas. Como habr\u00e1s deducido de nuestras explicaciones anteriores, \u00a1estas ra\u00edces son vitales! A menos que est\u00e9n marrones y fl\u00e1cidas (lo que es se\u00f1al de podredumbre y de que las ra\u00edces est\u00e1n agotando innecesariamente a la planta),&nbsp;<strong>desaconsejamos formalmente a todos nuestros amigos jardineros que las corten<\/strong>.<\/p>\n\n\n\n<p id=\"block-57f41698-011f-4778-844e-1a6e693fb920\">Y si est\u00e1n podridas, basta con aplastarlas con los dedos. Se desprenden solas, as\u00ed que no hay que confundirlas con ra\u00edces sanas. As\u00ed que no dudes en retirarlas al trasplantar (cada 2-3 a\u00f1os) o incluso antes si es necesario.<\/p>\n\n\n\n<p id=\"block-0062cdef-e039-473d-ab67-6480d4d68395\">Pero eso no significa que no pueda hacer nada para limitar este fen\u00f3meno no necesariamente muy est\u00e9tico. Para remediarlo, ya deber\u00edas&nbsp;<strong>abandonar la maceta opaca<\/strong>&nbsp;en favor de una maceta transparente que deje que las ra\u00edces de tu orqu\u00eddea capten la luz. Aseg\u00farese tambi\u00e9n de&nbsp;<strong>tener cuidado con el riego<\/strong>. Evite regar la flor o el follaje y vierta el agua no calc\u00e1rea directamente sobre el sustrato y las ra\u00edces. Tambi\u00e9n puede nebulizar su planta entre d<\/p>\n","protected":false},"excerpt":{"rendered":"<p>Cuando amas las orqu\u00eddeas, seducido por la delicadeza de estas hermosas flores, intentas cuidarlas al m\u00e1ximo y conocer al dedillo&nbsp;todos los secretos para hacerlas prosperar, pero tambi\u00e9n los&nbsp;consejos para que &#8230; <\/p>\n<p class=\"read-more-container\"><a title=\"SOS, las ra\u00edces de mi orqu\u00eddea se est\u00e1n saliendo de la maceta: \u00bfqu\u00e9 debo hacer?\" class=\"read-more button\" href=\"https:\/\/abuelaenlacocina.com\/index.php\/2023\/09\/17\/sos-las-raices-de-mi-orquidea-se-estan-saliendo-de-la-maceta-que-debo-hacer\/#more-4752\" aria-label=\"More on SOS, las ra\u00edces de mi orqu\u00eddea se est\u00e1n saliendo de la maceta: \u00bfqu\u00e9 debo hacer?\">Seguir leyendo<\/a><\/p>\n","protected":false},"author":5,"featured_media":4754,"comment_status":"closed","ping_status":"closed","sticky":false,"template":"","format":"standard","meta":{"footnotes":""},"categories":[3],"tags":[],"class_list":["post-4752","post","type-post","status-publish","format-standard","has-post-thumbnail","hentry","category-jardin-y-consejos","generate-columns","tablet-grid-50","mobile-grid-100","grid-parent","grid-50","no-featured-image-padding"],"_links":{"self":[{"href":"https:\/\/abuelaenlacocina.com\/index.php\/wp-json\/wp\/v2\/posts\/4752","targetHints":{"allow":["GET"]}}],"collection":[{"href":"https:\/\/abuelaenlacocina.com\/index.php\/wp-json\/wp\/v2\/posts"}],"about":[{"href":"https:\/\/abuelaenlacocina.com\/index.php\/wp-json\/wp\/v2\/types\/post"}],"author":[{"embeddable":true,"href":"https:\/\/abuelaenlacocina.com\/index.php\/wp-json\/wp\/v2\/users\/5"}],"replies":[{"embeddable":true,"href":"https:\/\/abuelaenlacocina.com\/index.php\/wp-json\/wp\/v2\/comments?post=4752"}],"version-history":[{"count":1,"href":"https:\/\/abuelaenlacocina.com\/index.php\/wp-json\/wp\/v2\/posts\/4752\/revisions"}],"predecessor-version":[{"id":4755,"href":"https:\/\/abuelaenlacocina.com\/index.php\/wp-json\/wp\/v2\/posts\/4752\/revisions\/4755"}],"wp:featuredmedia":[{"embeddable":true,"href":"https:\/\/abuelaenlacocina.com\/index.php\/wp-json\/wp\/v2\/media\/4754"}],"wp:attachment":[{"href":"https:\/\/abuelaenlacocina.com\/index.php\/wp-json\/wp\/v2\/media?parent=4752"}],"wp:term":[{"taxonomy":"category","embeddable":true,"href":"https:\/\/abuelaenlacocina.com\/index.php\/wp-json\/wp\/v2\/categories?post=4752"},{"taxonomy":"post_tag","embeddable":true,"href":"https:\/\/abuelaenlacocina.com\/index.php\/wp-json\/wp\/v2\/tags?post=4752"}],"curies":[{"name":"wp","href":"https:\/\/api.w.org\/{rel}","templated":true}]}}