{"id":4691,"date":"2023-09-16T05:51:46","date_gmt":"2023-09-16T05:51:46","guid":{"rendered":"https:\/\/abuelaenlacocina.com\/?p=4691"},"modified":"2023-09-16T05:51:48","modified_gmt":"2023-09-16T05:51:48","slug":"santos-del-hielo-2023-estas-son-las-fechas-y-las-plantas-que-hay-que-proteger","status":"publish","type":"post","link":"https:\/\/abuelaenlacocina.com\/index.php\/2023\/09\/16\/santos-del-hielo-2023-estas-son-las-fechas-y-las-plantas-que-hay-que-proteger\/","title":{"rendered":"Santos del Hielo 2023: estas son las fechas (y las plantas que hay que proteger)"},"content":{"rendered":"\n<p id=\"block-69bd3821-cce1-408c-90e5-5799f5d7568f\"><strong>La primavera simboliza generalmente la transici\u00f3n y el renacimiento. En el imaginario com\u00fan, esta renovaci\u00f3n viene acompa\u00f1ada del retorno del verdor, el crecimiento de las flores y un nuevo soplo de vida que devuelve el color al jard\u00edn y al huerto. Pero eso sin contar con los santos del hielo, especialmente temidos por los jardineros. En mayo, las heladas tard\u00edas pueden azotar nuestros espacios verdes, antes de dar paso definitivamente al buen tiempo. Esto puede echar por tierra todos tus esfuerzos y acabar con las plantas a\u00fan fr\u00e1giles y en plena floraci\u00f3n. Por eso, muchos aficionados a la jardiner\u00eda dejan pasar los Santos Hielos como una especie de punto de referencia antes de pensar siquiera en empezar a plantar algo. Descubre m\u00e1s sobre las fechas de los Santos de Hielo 2023 y las medidas a poner en marcha en el jard\u00edn para atravesar este periodo con seguridad.<\/strong><\/p>\n\n\n\n<p id=\"block-1e9f2cb6-f689-45dd-8c87-8463bae676f1\">Nuestro art\u00edculo le dar\u00e1 algunos consejos sobre c\u00f3mo proteger las plantas m\u00e1s sensibles al fr\u00edo durante este periodo, y le detallar\u00e1 las \u00e9pocas cr\u00edticas para 2023.<\/p>\n\n\n\n<p id=\"block-2cb472c9-34f3-4b4d-b8d7-e5dff3c447f7\">Contenido<a href=\"https:\/\/astucesdegrandmere.net\/saint-de-glace-2023-dates-astuces\/#\" target=\"_blank\" rel=\"noopener\"><\/a><\/p>\n\n\n\n<h2 class=\"wp-block-heading\" id=\"block-2c7a2c39-edc6-45c9-938b-81f42d69b088\">\u00bfCu\u00e1les son las fechas de los Santos del Hielo en 2023?<\/h2>\n\n\n\n<p id=\"block-276d6deb-0147-44a2-9da0-fe3035a732ca\">Hoy en d\u00eda, los nombres de los Santos de Hielo han sido sustituidos por otros en el calendario. Sin embargo, las fechas siguen siendo las mismas cada a\u00f1o. As\u00ed, en 2023 tendr\u00e1n &#8221;&nbsp;<em>entre ellos un poco de invierno<\/em>&nbsp;&#8220;, como reza el dicho, en las siguientes fechas: San Mamerto tendr\u00e1 lugar&nbsp;<strong>el 11 de mayo<\/strong>&nbsp;(tambi\u00e9n fecha de santa Estelle), san Pancracio tendr\u00e1 lugar&nbsp;<strong>el 12 de mayo<\/strong>&nbsp;(tambi\u00e9n fecha de san Aquiles) y san Servais tendr\u00e1 lugar&nbsp;<strong>el 14 de mayo<\/strong>&nbsp;(tambi\u00e9n fecha de santa Rolande).<\/p>\n\n\n\n<p id=\"block-5b030479-1627-4d89-aa6e-d9c98d6edda2\">Sin embargo, no se f\u00ede demasiado del dicho &#8220;antes de Saint-Servais, no hay verano; despu\u00e9s de Saint-Servais, no hay heladas&#8221;. De hecho, se sabe que las heladas duran mucho despu\u00e9s, hasta Saint-Urbain,&nbsp;<strong>celebrado el 25 de mayo<\/strong>.<\/p>\n\n\n\n<figure class=\"wp-block-image\" id=\"block-e83a28aa-0598-4ce8-b416-48e56bed0e2a\"><img decoding=\"async\" src=\"https:\/\/astucesdegrandmere.net\/wp-content\/uploads\/2023\/05\/chou-frise-gelee-tardive-au-printemps-saints-de-glace.jpg\" alt=\"chou fris\u00e9 gel\u00e9e tardive au printemps Saints de glace\" \/><figcaption class=\"wp-element-caption\">Cr\u00e9ditos: iStock<\/figcaption><\/figure>\n\n\n\n<h2 class=\"wp-block-heading\" id=\"block-46bc8dde-5530-4ec2-b3a0-41976b7cd505\">\u00bfPodemos seguir confiando en las fechas de Ice Saints 2023?<\/h2>\n\n\n\n<p id=\"block-e4b38e68-39f7-46e7-ae85-79692d212b0e\">Un par\u00e1metro a tener en cuenta es, obviamente, el calentamiento global, que est\u00e1 poniendo patas arriba el clima. Como consecuencia, los jardineros pueden perder el norte. Los datos clim\u00e1ticos de los \u00faltimos decenios muestran que, a diferencia de nuestros antepasados, las heladas tard\u00edas se adelantan y son m\u00e1s frecuentes a principios de mayo. A esto se a\u00f1ade el hecho de que, en el siglo XX, Francia s\u00f3lo experiment\u00f3 un total de trece episodios reales de heladas. As\u00ed que las fechas de los Santos Helados deben tomarse con cautela.<\/p>\n\n\n\n<p id=\"block-fbc1e4ac-5b06-4a0f-84ff-15b2fc580de7\">Lo cierto es que la primera quincena de mayo puede ser bastante fr\u00eda en algunas regiones, con una fuerte corriente descendente de aire fr\u00edo que puede provocar temperaturas muy bajas. Si el clima es m\u00e1s riguroso donde vives, puede que incluso tengas que esperar hasta finales de mayo para volver a plantar. As\u00ed que, ante todo, corresponde al jardinero&nbsp;<strong>utilizar el sentido com\u00fan<\/strong>&nbsp;y&nbsp;<strong>no precipitarse<\/strong>&nbsp;cuando tenga dudas sobre el tiempo que va a hacer. Para que no te pille desprevenido, aseg\u00farate de proteger del fr\u00edo las plantas fr\u00e1giles y el jard\u00edn hasta el final oficial de las heladas.<\/p>\n\n\n\n<figure class=\"wp-block-image\" id=\"block-7a5ded9f-87ea-4dd5-b3fa-7647f54adc34\"><img decoding=\"async\" src=\"https:\/\/astucesdegrandmere.net\/wp-content\/uploads\/2023\/05\/rose-gelee-saints-de-glace-gelee-tardive-au-printemps.jpg\" alt=\"rose gel\u00e9e tardive au printemps Saints de glace\" \/><figcaption class=\"wp-element-caption\">Cr\u00e9ditos: iStock<\/figcaption><\/figure>\n\n\n\n<h2 class=\"wp-block-heading\" id=\"block-0b2284c0-328e-4e13-83d1-d688ac086d10\">\u00bfC\u00f3mo puede proteger su jard\u00edn de las heladas y en qu\u00e9 plantas debe concentrarse?<\/h2>\n\n\n\n<p id=\"block-88e107ff-392f-410b-b38c-348ffdc88c00\">Creas o no en los Santos del Hielo, lo mejor es tomar ciertas precauciones:<\/p>\n\n\n\n<p id=\"block-8447bdd8-7ae4-410a-951b-4586c9a47238\">En primer lugar, simplemente vigilando el tiempo en su regi\u00f3n puede limitar las p\u00e9rdidas relacionadas con las heladas en el jard\u00edn.<br>-Evite plantar plantas sensibles a las heladas antes de que pasen las heladas.<br>-Si es posible, lleve las plantas m\u00e1s sensibles al interior durante la noche. Una simple veranda o un porche abierto ya podr\u00edan ofrecer cierta protecci\u00f3n.<br>Si las plantas est\u00e1n en el suelo, que no cunda el p\u00e1nico: siga colocando un velo de invernaje, clavos o t\u00faneles&nbsp;como har\u00eda en invierno. Sin embargo, siempre debe retirarlos correctamente por la ma\u00f1ana para permitir que sus plantas absorban el sol.<br>Y no baje la guardia cuando el cielo se despeje y los d\u00edas parezcan m\u00e1s suaves, ya que esto&nbsp;<strong>anuncia un alto riesgo de heladas<\/strong>. Por \u00faltimo, puede intentar regar por la noche. As\u00ed, el calor quedar\u00e1 atrapado en la tierra, protegi\u00e9ndolas de las bajas temperaturas.<\/p>\n\n\n\n<h3 class=\"wp-block-heading\" id=\"block-1d613c3a-7875-4c30-9ce0-496d89fae174\">\u00bfQu\u00e9 plantas sensibles al fr\u00edo necesitan protecci\u00f3n?<\/h3>\n\n\n\n<p id=\"block-7a557e58-0fbd-4b2a-86b8-29cbea24e5e5\">Las plantas anuales&nbsp;<strong>plantas<\/strong>&nbsp;(begonias, impatiens, petunias, etc.) tienen grandes dificultades para tolerar el fr\u00edo. Este es tambi\u00e9n el caso de las plantas perennes de floraci\u00f3n temprana (rosas, lilas, peon\u00edas, etc.), que podr\u00edan ser muy vulnerables. Tenga cuidado tambi\u00e9n con sus \u00e1rboles frutales, que podr\u00edan sufrir da\u00f1os importantes. Para asegurar una buena cosecha de fruta, proteja cuidadosamente su manzano, su peonia y su peral.<\/p>\n","protected":false},"excerpt":{"rendered":"<p>La primavera simboliza generalmente la transici\u00f3n y el renacimiento. En el imaginario com\u00fan, esta renovaci\u00f3n viene acompa\u00f1ada del retorno del verdor, el crecimiento de las flores y un nuevo soplo &#8230; <\/p>\n<p class=\"read-more-container\"><a title=\"Santos del Hielo 2023: estas son las fechas (y las plantas que hay que proteger)\" class=\"read-more button\" href=\"https:\/\/abuelaenlacocina.com\/index.php\/2023\/09\/16\/santos-del-hielo-2023-estas-son-las-fechas-y-las-plantas-que-hay-que-proteger\/#more-4691\" aria-label=\"More on Santos del Hielo 2023: estas son las fechas (y las plantas que hay que proteger)\">Seguir leyendo<\/a><\/p>\n","protected":false},"author":5,"featured_media":4693,"comment_status":"closed","ping_status":"closed","sticky":false,"template":"","format":"standard","meta":{"footnotes":""},"categories":[3],"tags":[],"class_list":["post-4691","post","type-post","status-publish","format-standard","has-post-thumbnail","hentry","category-jardin-y-consejos","generate-columns","tablet-grid-50","mobile-grid-100","grid-parent","grid-50","no-featured-image-padding"],"_links":{"self":[{"href":"https:\/\/abuelaenlacocina.com\/index.php\/wp-json\/wp\/v2\/posts\/4691","targetHints":{"allow":["GET"]}}],"collection":[{"href":"https:\/\/abuelaenlacocina.com\/index.php\/wp-json\/wp\/v2\/posts"}],"about":[{"href":"https:\/\/abuelaenlacocina.com\/index.php\/wp-json\/wp\/v2\/types\/post"}],"author":[{"embeddable":true,"href":"https:\/\/abuelaenlacocina.com\/index.php\/wp-json\/wp\/v2\/users\/5"}],"replies":[{"embeddable":true,"href":"https:\/\/abuelaenlacocina.com\/index.php\/wp-json\/wp\/v2\/comments?post=4691"}],"version-history":[{"count":1,"href":"https:\/\/abuelaenlacocina.com\/index.php\/wp-json\/wp\/v2\/posts\/4691\/revisions"}],"predecessor-version":[{"id":4694,"href":"https:\/\/abuelaenlacocina.com\/index.php\/wp-json\/wp\/v2\/posts\/4691\/revisions\/4694"}],"wp:featuredmedia":[{"embeddable":true,"href":"https:\/\/abuelaenlacocina.com\/index.php\/wp-json\/wp\/v2\/media\/4693"}],"wp:attachment":[{"href":"https:\/\/abuelaenlacocina.com\/index.php\/wp-json\/wp\/v2\/media?parent=4691"}],"wp:term":[{"taxonomy":"category","embeddable":true,"href":"https:\/\/abuelaenlacocina.com\/index.php\/wp-json\/wp\/v2\/categories?post=4691"},{"taxonomy":"post_tag","embeddable":true,"href":"https:\/\/abuelaenlacocina.com\/index.php\/wp-json\/wp\/v2\/tags?post=4691"}],"curies":[{"name":"wp","href":"https:\/\/api.w.org\/{rel}","templated":true}]}}