{"id":4503,"date":"2023-07-22T00:12:11","date_gmt":"2023-07-22T00:12:11","guid":{"rendered":"https:\/\/abuelaenlacocina.com\/?p=4503"},"modified":"2023-07-22T00:12:12","modified_gmt":"2023-07-22T00:12:12","slug":"que-plantas-pueden-resistir-las-heladas-y-permanecer-al-aire-libre-en-invierno","status":"publish","type":"post","link":"https:\/\/abuelaenlacocina.com\/index.php\/2023\/07\/22\/que-plantas-pueden-resistir-las-heladas-y-permanecer-al-aire-libre-en-invierno\/","title":{"rendered":"\u00bfQu\u00e9 plantas pueden resistir las heladas y permanecer al aire libre en invierno?"},"content":{"rendered":"\n<p id=\"block-27bc3821-dd00-4a09-be24-607086acb117\">Poco a poco empiezan a bajar las temperaturas. Sin embargo, eso no significa que no podamos tener un jard\u00edn de flores. De hecho, hay algunas variedades de plantas superresistentes que pueden soportar las bajas temperaturas.<\/p>\n\n\n\n<p id=\"block-88b11df8-7b6a-4b9f-b1c9-59bdcd07db81\">En su balc\u00f3n o terraza, estas plantas le alegrar\u00e1n una buena tarde de oto\u00f1o mientras saborea una taza de t\u00e9 o una copa de vino.<\/p>\n\n\n\n<p id=\"block-9deccf47-2ef1-4ebb-828d-277c106adbb7\">As\u00ed que, si quieres tener&nbsp;<strong>un exterior todo florecido incluso durante el periodo invernal<\/strong>, descubre en este art\u00edculo&nbsp;<strong>algunas plantas imprescindibles que pueden permanecer en el exterior a pesar de las heladas y el fr\u00edo<\/strong>.<\/p>\n\n\n\n<h2 class=\"wp-block-heading\" id=\"block-40220e6e-e6c8-467e-bc10-477b8b0626ce\">Lista de plantas que resisten las heladas y el fr\u00edo<\/h2>\n\n\n\n<figure class=\"wp-block-image size-full\"><img loading=\"lazy\" decoding=\"async\" width=\"750\" height=\"500\" src=\"https:\/\/abuelaenlacocina.com\/wp-content\/uploads\/2023\/07\/image-9.jpg\" alt=\"\" class=\"wp-image-4506\" srcset=\"https:\/\/abuelaenlacocina.com\/wp-content\/uploads\/2023\/07\/image-9.jpg 750w, https:\/\/abuelaenlacocina.com\/wp-content\/uploads\/2023\/07\/image-9-300x200.jpg 300w\" sizes=\"auto, (max-width: 750px) 100vw, 750px\" \/><\/figure>\n\n\n\n<p id=\"block-41ca7876-991f-4afb-8706-49a6865d8544\">Si el verano es sin\u00f3nimo de un jard\u00edn colorido, el invierno no es una excepci\u00f3n, gracias&nbsp;<strong>a las plantas resistentes&nbsp;<\/strong>a las heladas y a las bajas temperaturas. Muy f\u00e1ciles de mantener, estas plantas crecen bien gracias al agua de lluvia e incluso a la nieve. En cuanto a la luz solar, no hay de qu\u00e9 preocuparse.<\/p>\n\n\n\n<p id=\"block-4647b5eb-4bb6-4be9-a4a6-b070bf9e9fbb\">Si vives en una casa y est\u00e1s desesperado&nbsp;<strong>por tener plantas coloridas durante el invierno,<\/strong>&nbsp;la soluci\u00f3n que tienes es crear un bonito arreglo floral para tu ventana o puerta principal. Aqu\u00ed tienes algunas selecciones de plantas entre las que puedes elegir para&nbsp;<strong>sublimar tu exterior.<\/strong>.<\/p>\n\n\n\n<h3 class=\"wp-block-heading\" id=\"block-c6abd19d-2d40-450e-ab88-5d26dcb58399\">La palmera china<\/h3>\n\n\n\n<p id=\"block-009ab2e8-4592-4e74-a2e5-daabf33fa118\">La&nbsp;<strong>palma china<\/strong>&nbsp;es una planta tropical muy solicitada en decoraci\u00f3n, especialmente en las regiones mediterr\u00e1neas. Sin embargo, quiz\u00e1 no sepa que&nbsp;<strong>esta planta puede soportar temperaturas de hasta -15\u00b0C<\/strong>.<\/p>\n\n\n\n<p id=\"block-10897880-07a2-4db8-bcef-3b8131d7622c\">Por tanto, si tienes esta planta en casa, es perfectamente posible ponerla en el exterior. A partir del oto\u00f1o, no dudes en acolchar la base de la planta para conservar el calor en el suelo el mayor tiempo posible.<\/p>\n\n\n\n<h3 class=\"wp-block-heading\" id=\"block-8820e28a-add0-4999-9e83-a2d9dcce15c9\">Pensamientos<\/h3>\n\n\n\n<p id=\"block-f564e4ec-8171-4685-b4b6-e7708619ab0f\">El pensamiento es&nbsp;<strong>una planta delicada pero puede soportar temperaturas bajas de hasta -7\u00b0C<\/strong>. Para que no le afecten las heladas, lo mejor es poner 5 cm de mantillo de paja en la base de la planta. Tambi\u00e9n conviene eliminar las cabezas muertas para fortalecer las ra\u00edces.<\/p>\n\n\n\n<h3 class=\"wp-block-heading\" id=\"block-60c40f74-3d48-4b55-814f-4dd9be99aa4e\">Ciclamen de N\u00e1poles<\/h3>\n\n\n\n<p id=\"block-8f75585e-d0f5-46b2-8df8-6ccd65774beb\">Si busca una planta que pueda&nbsp;<strong>sobrevivir al aire libre frente a las heladas y la nieve<\/strong>, elija&nbsp;el ciclamen&nbsp;de N\u00e1poles. Te encantar\u00e1 su extraordinaria floraci\u00f3n si lo colocas&nbsp;<strong>en un lugar luminoso con tierra h\u00fameda<\/strong>. S\u00f3lo ten cuidado de no regar en exceso.<\/p>\n","protected":false},"excerpt":{"rendered":"<p>Poco a poco empiezan a bajar las temperaturas. Sin embargo, eso no significa que no podamos tener un jard\u00edn de flores. De hecho, hay algunas variedades de plantas superresistentes que &#8230; <\/p>\n<p class=\"read-more-container\"><a title=\"\u00bfQu\u00e9 plantas pueden resistir las heladas y permanecer al aire libre en invierno?\" class=\"read-more button\" href=\"https:\/\/abuelaenlacocina.com\/index.php\/2023\/07\/22\/que-plantas-pueden-resistir-las-heladas-y-permanecer-al-aire-libre-en-invierno\/#more-4503\" aria-label=\"More on \u00bfQu\u00e9 plantas pueden resistir las heladas y permanecer al aire libre en invierno?\">Seguir leyendo<\/a><\/p>\n","protected":false},"author":3,"featured_media":4505,"comment_status":"closed","ping_status":"closed","sticky":false,"template":"","format":"standard","meta":{"footnotes":""},"categories":[3],"tags":[],"class_list":["post-4503","post","type-post","status-publish","format-standard","has-post-thumbnail","hentry","category-jardin-y-consejos","generate-columns","tablet-grid-50","mobile-grid-100","grid-parent","grid-50","no-featured-image-padding"],"_links":{"self":[{"href":"https:\/\/abuelaenlacocina.com\/index.php\/wp-json\/wp\/v2\/posts\/4503","targetHints":{"allow":["GET"]}}],"collection":[{"href":"https:\/\/abuelaenlacocina.com\/index.php\/wp-json\/wp\/v2\/posts"}],"about":[{"href":"https:\/\/abuelaenlacocina.com\/index.php\/wp-json\/wp\/v2\/types\/post"}],"author":[{"embeddable":true,"href":"https:\/\/abuelaenlacocina.com\/index.php\/wp-json\/wp\/v2\/users\/3"}],"replies":[{"embeddable":true,"href":"https:\/\/abuelaenlacocina.com\/index.php\/wp-json\/wp\/v2\/comments?post=4503"}],"version-history":[{"count":1,"href":"https:\/\/abuelaenlacocina.com\/index.php\/wp-json\/wp\/v2\/posts\/4503\/revisions"}],"predecessor-version":[{"id":4507,"href":"https:\/\/abuelaenlacocina.com\/index.php\/wp-json\/wp\/v2\/posts\/4503\/revisions\/4507"}],"wp:featuredmedia":[{"embeddable":true,"href":"https:\/\/abuelaenlacocina.com\/index.php\/wp-json\/wp\/v2\/media\/4505"}],"wp:attachment":[{"href":"https:\/\/abuelaenlacocina.com\/index.php\/wp-json\/wp\/v2\/media?parent=4503"}],"wp:term":[{"taxonomy":"category","embeddable":true,"href":"https:\/\/abuelaenlacocina.com\/index.php\/wp-json\/wp\/v2\/categories?post=4503"},{"taxonomy":"post_tag","embeddable":true,"href":"https:\/\/abuelaenlacocina.com\/index.php\/wp-json\/wp\/v2\/tags?post=4503"}],"curies":[{"name":"wp","href":"https:\/\/api.w.org\/{rel}","templated":true}]}}