{"id":4427,"date":"2023-07-21T15:26:09","date_gmt":"2023-07-21T15:26:09","guid":{"rendered":"https:\/\/abuelaenlacocina.com\/?p=4427"},"modified":"2023-07-21T15:26:10","modified_gmt":"2023-07-21T15:26:10","slug":"perejil-5-formas-de-mantenerlo-lo-mas-fresco-posible","status":"publish","type":"post","link":"https:\/\/abuelaenlacocina.com\/index.php\/2023\/07\/21\/perejil-5-formas-de-mantenerlo-lo-mas-fresco-posible\/","title":{"rendered":"Perejil: \u00a15 formas de mantenerlo lo m\u00e1s fresco posible!"},"content":{"rendered":"\n<p id=\"block-d00085d0-1862-4ba7-a120-e73ce6d8ea51\">Quieres&nbsp;<strong>conservar perejil para poder utilizarlo siempre que lo necesites<\/strong>&nbsp;? Con estos&nbsp;<strong>5 m\u00e9todos super eficaces<\/strong>, podr\u00e1s disfrutarlo siempre que lo necesites.<\/p>\n\n\n\n<p id=\"block-483c0fca-b01e-48ec-89bd-1d55112e5cdc\">El perejil es una hierba arom\u00e1tica maravillosamente perfumada y muy apreciada en la cocina, donde puede utilizarse para preparar innumerables recetas. Su delicado sabor hace que muchos platos resulten m\u00e1s sabrosos y apetitosos. Por eso hay que tenerlo a mano en casa.<\/p>\n\n\n\n<p id=\"block-1cc08746-db64-449d-a055-7a5d687061f5\">Si no cultivas esta hierba arom\u00e1tica en casa, puedes comprarla y&nbsp;<strong>almacenarla adecuadamente para poder utilizarla siempre que quieras<\/strong>. Para que dure mucho tiempo y conserve su olor, sabor y color, hay que saber c\u00f3mo guardarla.<\/p>\n\n\n\n<p id=\"block-1c013f95-f694-49f6-afcf-d37d3262679c\">En los p\u00e1rrafos siguientes, descubra\u00a0<strong>5 f\u00f3rmulas de conservaci\u00f3n<\/strong>\u00a0para guardar perejil de la mejor manera posible\u00a0perejil. Son m\u00e9todos muy sencillos y s\u00faper eficaces. Los resultados le sorprender\u00e1n incluso.<\/p>\n\n\n\n<figure class=\"wp-block-image size-full\"><img loading=\"lazy\" decoding=\"async\" width=\"950\" height=\"467\" src=\"https:\/\/abuelaenlacocina.com\/wp-content\/uploads\/2023\/07\/image-7-16.jpg\" alt=\"\" class=\"wp-image-4430\" srcset=\"https:\/\/abuelaenlacocina.com\/wp-content\/uploads\/2023\/07\/image-7-16.jpg 950w, https:\/\/abuelaenlacocina.com\/wp-content\/uploads\/2023\/07\/image-7-16-300x147.jpg 300w, https:\/\/abuelaenlacocina.com\/wp-content\/uploads\/2023\/07\/image-7-16-768x378.jpg 768w\" sizes=\"auto, (max-width: 950px) 100vw, 950px\" \/><\/figure>\n\n\n\n<h2 class=\"wp-block-heading\" id=\"block-816f6d88-ea4b-4e3b-9de0-8ef02cbff2ee\">Aqu\u00ed tienes 5 formas sencillas de conservar el perejil<\/h2>\n\n\n\n<p id=\"block-cd44e350-66be-40a5-89d0-cd20eb7eeca2\">El perejil aporta&nbsp;<strong>sorprendentes beneficios al organismo<\/strong>. Rico en vitaminas y minerales, es un excelente antiinflamatorio natural. Sin embargo, esta hierba arom\u00e1tica se echa a perder muy r\u00e1pidamente. En pocos d\u00edas, sus hojas amarillean y ya no se pueden utilizar.<\/p>\n\n\n\n<p id=\"block-e256094c-b031-4277-ba8b-58c6ab7fafc9\">Para evitar desperdicios innecesarios, puedes&nbsp;<strong>utilizar uno de estos m\u00e9todos sencillos pero eficaces para conservar el perejil durante m\u00e1s tiempo<\/strong>. Si necesitas utilizarlo inmediatamente despu\u00e9s de comprarlo, puedes guardarlo en el frigor\u00edfico, donde durar\u00e1 dos o tres d\u00edas. En este caso, l\u00edmpialo, retira los tallos m\u00e1s largos y col\u00f3calo en un recipiente con un poco de agua.<\/p>\n\n\n\n<p id=\"block-c35fd093-b923-4f74-a3d4-17543cd5558f\">Tambi\u00e9n se puede&nbsp;<strong>meter en el congelador.<\/strong><\/p>\n\n\n\n<p>Despu\u00e9s de quitar las hojas amarillas o da\u00f1adas, lavarlas bien, secarlas bien con papel de cocina y picarlas finamente. A continuaci\u00f3n, gu\u00e1rdalo en un tarro de cristal. Cuando la necesite, coja la cantidad que necesite sin descongelar.<\/p>\n\n\n\n<p id=\"block-3d1e8a9e-96a1-4090-926a-375921585b25\">En el congelador, tambi\u00e9n puedes&nbsp;<strong>guardarlo con ajo.<\/strong>&nbsp;El perejil y el ajo forman una mezcla excelente que se utiliza mucho para hacer pan rallado. Mientras picas el perejil, a\u00f1ade dos dientes de ajo y gu\u00e1rdalo tambi\u00e9n en un tarro de cristal. Esta mezcla puede durar meses en el congelador.<\/p>\n\n\n\n<p id=\"block-d3d2a341-4778-4891-aa76-24cc8d195355\">Otra excelente forma de conservar el perejil es<strong>&nbsp;ponerlo en aceite.<\/strong>&nbsp;Para prepararlo, lava y seca las hojas de perejil y ponlas en un recipiente de cristal, cubri\u00e9ndolas por completo con aceite de oliva virgen extra. A continuaci\u00f3n, m\u00e9telo en el frigor\u00edfico.<\/p>\n\n\n\n<p id=\"block-925301b8-c302-497a-9d8b-afd12b74744d\">Tambi\u00e9n puede&nbsp;<strong>guardarlo en sal.<\/strong>&nbsp;Basta con mezclar la hierba arom\u00e1tica con la sal en un bol. Utilice 100 gramos de perejil para 200 gramos de sal.<\/p>\n","protected":false},"excerpt":{"rendered":"<p>Quieres&nbsp;conservar perejil para poder utilizarlo siempre que lo necesites&nbsp;? Con estos&nbsp;5 m\u00e9todos super eficaces, podr\u00e1s disfrutarlo siempre que lo necesites. El perejil es una hierba arom\u00e1tica maravillosamente perfumada y muy &#8230; <\/p>\n<p class=\"read-more-container\"><a title=\"Perejil: \u00a15 formas de mantenerlo lo m\u00e1s fresco posible!\" class=\"read-more button\" href=\"https:\/\/abuelaenlacocina.com\/index.php\/2023\/07\/21\/perejil-5-formas-de-mantenerlo-lo-mas-fresco-posible\/#more-4427\" aria-label=\"More on Perejil: \u00a15 formas de mantenerlo lo m\u00e1s fresco posible!\">Seguir leyendo<\/a><\/p>\n","protected":false},"author":3,"featured_media":4429,"comment_status":"closed","ping_status":"closed","sticky":false,"template":"","format":"standard","meta":{"footnotes":""},"categories":[3],"tags":[],"class_list":["post-4427","post","type-post","status-publish","format-standard","has-post-thumbnail","hentry","category-jardin-y-consejos","generate-columns","tablet-grid-50","mobile-grid-100","grid-parent","grid-50","no-featured-image-padding"],"_links":{"self":[{"href":"https:\/\/abuelaenlacocina.com\/index.php\/wp-json\/wp\/v2\/posts\/4427","targetHints":{"allow":["GET"]}}],"collection":[{"href":"https:\/\/abuelaenlacocina.com\/index.php\/wp-json\/wp\/v2\/posts"}],"about":[{"href":"https:\/\/abuelaenlacocina.com\/index.php\/wp-json\/wp\/v2\/types\/post"}],"author":[{"embeddable":true,"href":"https:\/\/abuelaenlacocina.com\/index.php\/wp-json\/wp\/v2\/users\/3"}],"replies":[{"embeddable":true,"href":"https:\/\/abuelaenlacocina.com\/index.php\/wp-json\/wp\/v2\/comments?post=4427"}],"version-history":[{"count":1,"href":"https:\/\/abuelaenlacocina.com\/index.php\/wp-json\/wp\/v2\/posts\/4427\/revisions"}],"predecessor-version":[{"id":4431,"href":"https:\/\/abuelaenlacocina.com\/index.php\/wp-json\/wp\/v2\/posts\/4427\/revisions\/4431"}],"wp:featuredmedia":[{"embeddable":true,"href":"https:\/\/abuelaenlacocina.com\/index.php\/wp-json\/wp\/v2\/media\/4429"}],"wp:attachment":[{"href":"https:\/\/abuelaenlacocina.com\/index.php\/wp-json\/wp\/v2\/media?parent=4427"}],"wp:term":[{"taxonomy":"category","embeddable":true,"href":"https:\/\/abuelaenlacocina.com\/index.php\/wp-json\/wp\/v2\/categories?post=4427"},{"taxonomy":"post_tag","embeddable":true,"href":"https:\/\/abuelaenlacocina.com\/index.php\/wp-json\/wp\/v2\/tags?post=4427"}],"curies":[{"name":"wp","href":"https:\/\/api.w.org\/{rel}","templated":true}]}}