{"id":4324,"date":"2023-07-20T21:48:23","date_gmt":"2023-07-20T21:48:23","guid":{"rendered":"https:\/\/abuelaenlacocina.com\/?p=4324"},"modified":"2023-07-20T21:48:24","modified_gmt":"2023-07-20T21:48:24","slug":"si-las-flores-de-tus-orquideas-cambian-repentinamente-de-color-debes-tener-en-cuenta-lo-siguiente","status":"publish","type":"post","link":"https:\/\/abuelaenlacocina.com\/index.php\/2023\/07\/20\/si-las-flores-de-tus-orquideas-cambian-repentinamente-de-color-debes-tener-en-cuenta-lo-siguiente\/","title":{"rendered":"Si las flores de tus orqu\u00eddeas cambian repentinamente de color, debes tener en cuenta lo siguiente."},"content":{"rendered":"\n<p id=\"block-cf602e49-6862-4d47-8de0-8d1df5be1fcf\">Para quienes aprecian&nbsp;<strong>las plantas ex\u00f3ticas<\/strong>, no hay nada m\u00e1s magn\u00edfico que ver orqu\u00eddeas creciendo sanas. La variedad m\u00e1s extendida es&nbsp;<strong>la Orqu\u00eddea Phalaenopsis<\/strong>&nbsp;que ofrece flores en forma de mariposa de maravillosos colores durante el periodo de floraci\u00f3n.<\/p>\n\n\n\n<p id=\"block-0703b4d7-8af3-43b3-82b8-5bc4edba66e5\">Sin embargo, es frecuente observar&nbsp;<strong>un fen\u00f3meno bastante extra\u00f1o durante la floraci\u00f3n<\/strong>&nbsp;de esta planta, a saber&nbsp;<strong>el cambio de color de los p\u00e9talos de sus flores<\/strong>. \u00bfCu\u00e1l es la causa de este fen\u00f3meno?<\/p>\n\n\n\n<h2 class=\"wp-block-heading\" id=\"block-cad2ac84-d1da-45f8-8dbe-9eea03d7a2de\">Declive natural<\/h2>\n\n\n\n<figure class=\"wp-block-image size-full\"><img loading=\"lazy\" decoding=\"async\" width=\"617\" height=\"410\" src=\"https:\/\/abuelaenlacocina.com\/wp-content\/uploads\/2023\/07\/image-6-5.jpg\" alt=\"\" class=\"wp-image-4327\" srcset=\"https:\/\/abuelaenlacocina.com\/wp-content\/uploads\/2023\/07\/image-6-5.jpg 617w, https:\/\/abuelaenlacocina.com\/wp-content\/uploads\/2023\/07\/image-6-5-300x199.jpg 300w\" sizes=\"auto, (max-width: 617px) 100vw, 617px\" \/><\/figure>\n\n\n\n<p id=\"block-6ef576b8-84a5-41a8-9565-cb898d0f8f04\">Esta es la \u00fanica raz\u00f3n por la que el cambio de color no deber\u00eda ser motivo de especial preocupaci\u00f3n. La muerte es una hip\u00f3tesis vinculada&nbsp;<strong>al envejecimiento normal de las flores<\/strong>.<\/p>\n\n\n\n<p id=\"block-a98da79b-1cde-4595-a9e6-886a3ced17ad\">Hacia el final de la floraci\u00f3n, cuando las flores est\u00e1n a punto de marchitarse o ya han empezado a hacerlo, sus pigmentos pueden descomponerse y el color empieza a cambiar.<\/p>\n\n\n\n<p id=\"block-de965367-284a-4af6-bfa1-d82891cf8fb2\">Es posible que observe tintes rosados en las flores blancas de su orqu\u00eddea o trazos m\u00e1s claros en las flores violetas.<\/p>\n\n\n\n<h2 class=\"wp-block-heading\" id=\"block-86709cfc-4566-45d3-bcc0-d0a4aa7796c5\">Ra\u00edces podridas<\/h2>\n\n\n\n<p id=\"block-1e53462a-44dc-468a-acf5-abecb32420a5\">Cuando&nbsp;las ra\u00edces&nbsp;de su planta se pudren, se requieren&nbsp;<strong>intervenciones muy r\u00e1pidas<\/strong>&nbsp;para poder salvar su orqu\u00eddea.<\/p>\n\n\n\n<p id=\"block-a9fb9de3-44c2-45c2-a4ec-587705aaa565\">Si observa que los p\u00e9talos de las flores est\u00e1n muy oscuros o moteados, de un color claro a negro, la causa puede ser la podredumbre de la ra\u00edz.<\/p>\n\n\n\n<p id=\"block-6eaa42f2-0176-4828-9c61-a3fad0b87628\">De hecho, cuando se exponen a demasiada agua,&nbsp;<strong>las ra\u00edces empiezan a pudrirse y las hojas y flores pueden volverse negras.<\/strong>.<\/p>\n\n\n\n<p id=\"block-d358f4cf-eccb-4e02-9d1b-c428b3baf249\">Para ello, intente trasplantar la planta en tierra seca para que se recupere r\u00e1pidamente.<\/p>\n\n\n\n<h2 class=\"wp-block-heading\" id=\"block-c05a5a05-7998-440e-89b9-59a4164bb311\">Quemaduras solares<\/h2>\n\n\n\n<p id=\"block-1c8de347-84bc-46f1-9d24-160b1c92f3e9\">Durante los meses de verano, no es raro que las flores de sus orqu\u00eddeas se vuelvan de color naranja o marr\u00f3n claro.<\/p>\n\n\n\n<p id=\"block-6c1fa9a4-4e98-4d41-b75e-6740342e2aae\">Desde luego, no se trata de una metamorfosis natural, ya que los p\u00e9talos cambian de textura y se vuelven m\u00e1s secos.<\/p>\n\n\n\n<p id=\"block-597d7b68-780b-4284-9c60-6df52e3dab13\">Son los rayos directos del sol los que queman las flores.<\/p>\n\n\n\n<p id=\"block-b4b06d66-c58a-4d2c-a21d-e24dc60a5cdf\">Para ello, hay que mantener la planta a la luz indirecta del sol. As\u00ed evitar\u00e1s que las hojas y las flores se quemen.<\/p>\n\n\n\n<h2 class=\"wp-block-heading\" id=\"block-312b9c79-49a8-411c-811c-4011e094ff6f\">Enfermedades o par\u00e1sitos<\/h2>\n\n\n\n<p id=\"block-aa939729-835d-468d-b031-8fb1ad9b1daa\">\u00bfHa notado&nbsp;<strong>una especie de capa blanca en las flores<\/strong>&nbsp;de sus orqu\u00eddeas? Podr\u00eda tratarse del ataque de una enfermedad o plaga.<\/p>\n\n\n\n<p id=\"block-b0c32fd2-23b7-41f8-b16a-cc96bf64556f\">El o\u00eddio es una enfermedad f\u00fangica que se reconoce por su p\u00e1tina blanca. Generalmente cubre las hojas o las flores. No en vano, se conoce como la enfermedad blanca de las plantas.<\/p>\n\n\n\n<p id=\"block-ce17fb45-3786-46dc-b744-5c2139b84100\">Sin embargo, tambi\u00e9n puede ser&nbsp;<strong>miellosa<\/strong>&nbsp;que es una sustancia blanca segregada por ciertos par\u00e1sitos como cochinillas o pulgones. Generalmente, cubre ciertas zonas de la corona.<\/p>\n","protected":false},"excerpt":{"rendered":"<p>Para quienes aprecian&nbsp;las plantas ex\u00f3ticas, no hay nada m\u00e1s magn\u00edfico que ver orqu\u00eddeas creciendo sanas. La variedad m\u00e1s extendida es&nbsp;la Orqu\u00eddea Phalaenopsis&nbsp;que ofrece flores en forma de mariposa de maravillosos &#8230; <\/p>\n<p class=\"read-more-container\"><a title=\"Si las flores de tus orqu\u00eddeas cambian repentinamente de color, debes tener en cuenta lo siguiente.\" class=\"read-more button\" href=\"https:\/\/abuelaenlacocina.com\/index.php\/2023\/07\/20\/si-las-flores-de-tus-orquideas-cambian-repentinamente-de-color-debes-tener-en-cuenta-lo-siguiente\/#more-4324\" aria-label=\"More on Si las flores de tus orqu\u00eddeas cambian repentinamente de color, debes tener en cuenta lo siguiente.\">Seguir leyendo<\/a><\/p>\n","protected":false},"author":3,"featured_media":4326,"comment_status":"closed","ping_status":"closed","sticky":false,"template":"","format":"standard","meta":{"footnotes":""},"categories":[3],"tags":[],"class_list":["post-4324","post","type-post","status-publish","format-standard","has-post-thumbnail","hentry","category-jardin-y-consejos","generate-columns","tablet-grid-50","mobile-grid-100","grid-parent","grid-50","no-featured-image-padding"],"_links":{"self":[{"href":"https:\/\/abuelaenlacocina.com\/index.php\/wp-json\/wp\/v2\/posts\/4324","targetHints":{"allow":["GET"]}}],"collection":[{"href":"https:\/\/abuelaenlacocina.com\/index.php\/wp-json\/wp\/v2\/posts"}],"about":[{"href":"https:\/\/abuelaenlacocina.com\/index.php\/wp-json\/wp\/v2\/types\/post"}],"author":[{"embeddable":true,"href":"https:\/\/abuelaenlacocina.com\/index.php\/wp-json\/wp\/v2\/users\/3"}],"replies":[{"embeddable":true,"href":"https:\/\/abuelaenlacocina.com\/index.php\/wp-json\/wp\/v2\/comments?post=4324"}],"version-history":[{"count":1,"href":"https:\/\/abuelaenlacocina.com\/index.php\/wp-json\/wp\/v2\/posts\/4324\/revisions"}],"predecessor-version":[{"id":4328,"href":"https:\/\/abuelaenlacocina.com\/index.php\/wp-json\/wp\/v2\/posts\/4324\/revisions\/4328"}],"wp:featuredmedia":[{"embeddable":true,"href":"https:\/\/abuelaenlacocina.com\/index.php\/wp-json\/wp\/v2\/media\/4326"}],"wp:attachment":[{"href":"https:\/\/abuelaenlacocina.com\/index.php\/wp-json\/wp\/v2\/media?parent=4324"}],"wp:term":[{"taxonomy":"category","embeddable":true,"href":"https:\/\/abuelaenlacocina.com\/index.php\/wp-json\/wp\/v2\/categories?post=4324"},{"taxonomy":"post_tag","embeddable":true,"href":"https:\/\/abuelaenlacocina.com\/index.php\/wp-json\/wp\/v2\/tags?post=4324"}],"curies":[{"name":"wp","href":"https:\/\/api.w.org\/{rel}","templated":true}]}}