{"id":4238,"date":"2023-07-18T23:31:14","date_gmt":"2023-07-18T23:31:14","guid":{"rendered":"https:\/\/abuelaenlacocina.com\/?p=4238"},"modified":"2023-07-18T23:31:15","modified_gmt":"2023-07-18T23:31:15","slug":"como-guardar-las-uvas-correctamente-cuidado-con-este-error-que-nunca-debes-cometer","status":"publish","type":"post","link":"https:\/\/abuelaenlacocina.com\/index.php\/2023\/07\/18\/como-guardar-las-uvas-correctamente-cuidado-con-este-error-que-nunca-debes-cometer\/","title":{"rendered":"\u00bfC\u00f3mo guardar las uvas correctamente? \u00a1Cuidado con este error que nunca debes cometer!"},"content":{"rendered":"\n<p id=\"block-fc51fdfd-1203-4857-bf22-87cf062490fd\">Con la llegada de septiembre, puedes&nbsp;<strong>abastecerte de uvas<\/strong>. Pero, \u00bfc\u00f3mo guardarlas correctamente? He aqu\u00ed la forma correcta y el error que nunca debes cometer.<\/p>\n\n\n\n<p id=\"block-0e73123d-f639-4e21-a221-5d64fc52f7d2\">Frescas, dulces y sabrosas,<strong>las uvas son una de las agradables frutas de septiembre<\/strong>. Irresistibles y sabrosas, son perfectas para disfrutarlas solas. Sin embargo, con ellas tambi\u00e9n se pueden preparar muchas recetas tan arom\u00e1ticas como deliciosas. Cuando tienes uvas en casa, lo m\u00e1s importante es&nbsp;<strong>conservar su frescura<\/strong>&nbsp;durante varios d\u00edas como si las acabaras de comprar. \u00bfC\u00f3mo conservar bien las uvas? \u00c9ste es el peor error que nunca debes cometer.<\/p>\n\n\n\n<p id=\"block-93fdca46-64f0-4184-869a-efa779ec5409\">\u00bfHa comprado las mejores uvas del mercado y no se las ha comido en un d\u00eda? Para que no se estropeen, tienes que saber c\u00f3mo guardarlas. Aqu\u00ed tienes la mejor forma de guardarlas para que no se estropeen.<\/p>\n\n\n\n<h2 class=\"wp-block-heading\" id=\"block-a5af4b01-676b-425a-b6d1-bfbca5760d96\">Conservar las uvas: cuidado con este error<\/h2>\n\n\n\n<figure class=\"wp-block-image size-full\"><img loading=\"lazy\" decoding=\"async\" width=\"751\" height=\"500\" src=\"https:\/\/abuelaenlacocina.com\/wp-content\/uploads\/2023\/07\/image-5-81.jpg\" alt=\"\" class=\"wp-image-4241\" srcset=\"https:\/\/abuelaenlacocina.com\/wp-content\/uploads\/2023\/07\/image-5-81.jpg 751w, https:\/\/abuelaenlacocina.com\/wp-content\/uploads\/2023\/07\/image-5-81-300x200.jpg 300w\" sizes=\"auto, (max-width: 751px) 100vw, 751px\" \/><\/figure>\n\n\n\n<p id=\"block-9e77819d-53fc-45ad-b54c-5582514d3f8c\">Has comprado uvas y al cabo de unos d\u00edas te encuentras con racimos completamente secos y que han perdido su calidad nutricional? Para remediar este problema, aqu\u00ed tienes&nbsp;<strong>algunos consejos pr\u00e1cticos<\/strong>&nbsp;que pueden evitar que esto ocurra para que siempre puedas disfrutar&nbsp;<strong>de uvas frescas y sabrosas<\/strong>. En el siguiente p\u00e1rrafo, descubre tambi\u00e9n qu\u00e9 error no debes cometer.<\/p>\n\n\n\n<p id=\"block-c8b3e925-1ec8-463b-869f-dd206c1003c8\">Vamos a empezar por&nbsp;el error&nbsp;que muchos cometen y que usted debe evitar absolutamente. Cuando llegues a casa despu\u00e9s de hacer la compra y no tengas intenci\u00f3n de comerte las uvas inmediatamente,&nbsp;<strong>evita absolutamente lavarlas antes de guardarlas en el frigor\u00edfico.<\/strong>&nbsp;Y con raz\u00f3n, el agua hace que las uvas se pudran debido a la humedad. No te preocupes si las guardas sucias. Puedes lavarlas antes de comerlas.<\/p>\n\n\n\n<p id=\"block-a892b458-36bc-48de-a3f9-495314f44364\">A continuaci\u00f3n,&nbsp;<strong>no ponga las uvas en un recipiente o caja<\/strong>. Lo ideal es envolver los racimos&nbsp;<strong>en hojas de papel<\/strong>&nbsp;como papel de peri\u00f3dico o las bolsas en las que se suele envasar el pan. Este material permite que el aire pase correctamente y evita que las pasas se sequen. Adem\u00e1s, tambi\u00e9n las protege de la humedad del frigor\u00edfico.<\/p>\n\n\n\n<p id=\"block-cd2ac7bc-93e1-49f0-a266-6ab639afa4ac\">Por \u00faltimo,&nbsp;<strong>no coloque las uvas cerca de otras frutas<\/strong>&nbsp;ya que corre el riesgo de que maduren demasiado deprisa. Col\u00f3quelas en un rinc\u00f3n aislado, por ejemplo en el caj\u00f3n del&nbsp;frigor\u00edfico. En este punto, aseg\u00farate de que no entre agua en su interior y se forme un estancamiento.<\/p>\n\n\n\n<p id=\"block-f90f2dd2-7db3-4264-8139-e37197460eab\">Con estas sencillas precauciones, sus uvas se mantendr\u00e1n frescas, deliciosas, dulces y jugosas incluso despu\u00e9s de varios d\u00edas. Pru\u00e9belo usted mismo y notar\u00e1 inmediatamente la gran diferencia con respecto a la forma en que suele hacer las cosas.<\/p>\n","protected":false},"excerpt":{"rendered":"<p>Con la llegada de septiembre, puedes&nbsp;abastecerte de uvas. Pero, \u00bfc\u00f3mo guardarlas correctamente? He aqu\u00ed la forma correcta y el error que nunca debes cometer. Frescas, dulces y sabrosas,las uvas son &#8230; <\/p>\n<p class=\"read-more-container\"><a title=\"\u00bfC\u00f3mo guardar las uvas correctamente? \u00a1Cuidado con este error que nunca debes cometer!\" class=\"read-more button\" href=\"https:\/\/abuelaenlacocina.com\/index.php\/2023\/07\/18\/como-guardar-las-uvas-correctamente-cuidado-con-este-error-que-nunca-debes-cometer\/#more-4238\" aria-label=\"More on \u00bfC\u00f3mo guardar las uvas correctamente? \u00a1Cuidado con este error que nunca debes cometer!\">Seguir leyendo<\/a><\/p>\n","protected":false},"author":3,"featured_media":4240,"comment_status":"closed","ping_status":"closed","sticky":false,"template":"","format":"standard","meta":{"footnotes":""},"categories":[3],"tags":[],"class_list":["post-4238","post","type-post","status-publish","format-standard","has-post-thumbnail","hentry","category-jardin-y-consejos","generate-columns","tablet-grid-50","mobile-grid-100","grid-parent","grid-50","no-featured-image-padding"],"_links":{"self":[{"href":"https:\/\/abuelaenlacocina.com\/index.php\/wp-json\/wp\/v2\/posts\/4238","targetHints":{"allow":["GET"]}}],"collection":[{"href":"https:\/\/abuelaenlacocina.com\/index.php\/wp-json\/wp\/v2\/posts"}],"about":[{"href":"https:\/\/abuelaenlacocina.com\/index.php\/wp-json\/wp\/v2\/types\/post"}],"author":[{"embeddable":true,"href":"https:\/\/abuelaenlacocina.com\/index.php\/wp-json\/wp\/v2\/users\/3"}],"replies":[{"embeddable":true,"href":"https:\/\/abuelaenlacocina.com\/index.php\/wp-json\/wp\/v2\/comments?post=4238"}],"version-history":[{"count":1,"href":"https:\/\/abuelaenlacocina.com\/index.php\/wp-json\/wp\/v2\/posts\/4238\/revisions"}],"predecessor-version":[{"id":4242,"href":"https:\/\/abuelaenlacocina.com\/index.php\/wp-json\/wp\/v2\/posts\/4238\/revisions\/4242"}],"wp:featuredmedia":[{"embeddable":true,"href":"https:\/\/abuelaenlacocina.com\/index.php\/wp-json\/wp\/v2\/media\/4240"}],"wp:attachment":[{"href":"https:\/\/abuelaenlacocina.com\/index.php\/wp-json\/wp\/v2\/media?parent=4238"}],"wp:term":[{"taxonomy":"category","embeddable":true,"href":"https:\/\/abuelaenlacocina.com\/index.php\/wp-json\/wp\/v2\/categories?post=4238"},{"taxonomy":"post_tag","embeddable":true,"href":"https:\/\/abuelaenlacocina.com\/index.php\/wp-json\/wp\/v2\/tags?post=4238"}],"curies":[{"name":"wp","href":"https:\/\/api.w.org\/{rel}","templated":true}]}}