{"id":4214,"date":"2023-07-18T20:49:11","date_gmt":"2023-07-18T20:49:11","guid":{"rendered":"https:\/\/abuelaenlacocina.com\/?p=4214"},"modified":"2023-07-18T22:33:21","modified_gmt":"2023-07-18T22:33:21","slug":"el-otono-es-la-mejor-epoca-para-plantar-estas-son-las-mejores-plantas-para-cultivar-en-septiembre","status":"publish","type":"post","link":"https:\/\/abuelaenlacocina.com\/index.php\/2023\/07\/18\/el-otono-es-la-mejor-epoca-para-plantar-estas-son-las-mejores-plantas-para-cultivar-en-septiembre\/","title":{"rendered":"El oto\u00f1o es la mejor \u00e9poca para plantar: \u00e9stas son las mejores plantas para cultivar en septiembre"},"content":{"rendered":"\n<p id=\"block-55c8573b-1747-41d9-bc7c-120ca44ffebf\">Con la llegada del oto\u00f1o, es hora de que los jardineros&nbsp;<strong>empiecen a preparar sus jardines para los meses m\u00e1s fr\u00edos que se avecinan.<\/strong>&nbsp;Aunque los aficionados pueden pasar menos tiempo en sus jardines durante los meses de oto\u00f1o, los jardineros pueden hacer que sus jardines sean exuberantes en cualquier \u00e9poca del a\u00f1o. Para ello, &nbsp;<strong>comparte su lista de plantas para cultivar en oto\u00f1o.<\/strong>.<\/p>\n\n\n\n<p id=\"block-29c7e1d1-e5a8-456a-a203-12c38f672b55\">El oto\u00f1o es la mejor \u00e9poca del a\u00f1o para&nbsp;<strong>cultivar abundantes plantas resistentes en los jardines<\/strong>. Es el momento ideal porque el suelo a\u00fan est\u00e1 caliente y las probabilidades de lluvia son altas. Es probable que las&nbsp;<strong>nuevas ra\u00edces de las plantas<\/strong>&nbsp;se desarrollen r\u00e1pidamente y est\u00e9n bien ancladas en el suelo.<\/p>\n\n\n\n<p id=\"block-285850da-2328-4fec-86b7-8aa7c249f8bf\">Cuando los d\u00edas se acortan, muchas plantas entran en hibernaci\u00f3n vegetativa. Esto significa que en lugar de concentrarse en sus hojas,&nbsp;<strong>empiezan a centrarse en el sistema radicular.<\/strong>.<\/p>\n\n\n\n<figure class=\"wp-block-image\" id=\"block-85b851f8-8f74-4e62-85d4-88b7c193320d\"><img decoding=\"async\" src=\"https:\/\/tuinentips.com\/wp-content\/uploads\/2023\/07\/image-133-1024x512.png\" alt=\"This image has an empty alt attribute; its file name is image-133-1024x512.png\" \/><\/figure>\n\n\n\n<p id=\"block-fd6abf41-70e2-4dcb-80e6-62bde1745d71\">Ahora es el momento de&nbsp;<strong>redise\u00f1ar tu jard\u00edn<\/strong>&nbsp;y trasladar \u00e1rboles&nbsp;y arbustos a un nuevo lugar. Procura trasplantarlos con un terr\u00f3n de tierra lo m\u00e1s grande posible. M\u00f3jelos bien antes y despu\u00e9s de trasladarlos.<\/p>\n\n\n\n<p id=\"block-a94df91d-2022-48dd-b1d2-0534a1236914\">Tambi\u00e9n es el momento de plantar setos, \u00e1rboles, arbustos y plantas de hoja perenne. Tambi\u00e9n es un buen momento para&nbsp;<strong>plantar bulbos de primavera para que florezcan el a\u00f1o que viene<\/strong>.<\/p>\n\n\n\n<h2 class=\"wp-block-heading\" id=\"block-55669f6f-281c-46c5-a996-04c552aaa520\">Estas son las mejores cosas para plantar en oto\u00f1o<\/h2>\n\n\n\n<h3 class=\"wp-block-heading\" id=\"block-8d163824-cac6-4def-990b-9d9e1e830a43\">Setos en macetas<\/h3>\n\n\n\n<h4 class=\"wp-block-heading\" id=\"block-d240c3e4-153e-4099-b3da-86f54c8f80c4\">Abelia Grandiflora Confetti<\/h4>\n\n\n\n<p id=\"block-3dc7d37d-9a70-4566-9c8d-c035ae354a25\">Se trata de una especie enana muy colorida que luce estupendamente durante muchos meses del a\u00f1o. El seto confeti tiene peque\u00f1as hojas de color verde gris\u00e1ceo con un borde cremoso durante los meses de verano.<\/p>\n\n\n\n<p id=\"block-f6dfb181-5c28-466b-9044-c8266fa9aae1\">A medida que el tiempo se enfr\u00eda, el borde cambia a tonos rosados.<\/p>\n\n\n\n<p id=\"block-51dd9a97-b0f3-47a2-a0ce-1bf3d2db200d\">En verano y oto\u00f1o, se puede admirar la sucesi\u00f3n de fragantes flores tubulares blancas, ligeramente te\u00f1idas de rosa.<\/p>\n\n\n\n<p id=\"block-883d5373-2901-48f6-be15-a67f98de519e\">Son muy populares entre las abejas y otros polinizadores.<\/p>\n\n\n\n<h4 class=\"wp-block-heading\" id=\"block-fd326146-26aa-4bba-83a9-ef279e7d42e4\">Amelanchier<\/h4>\n\n\n\n<p id=\"block-08f47162-5225-4483-aea6-0bbeec2a4309\">Este seto es una elecci\u00f3n perfecta como seto por&nbsp;<strong>su follaje oto\u00f1al<\/strong>&nbsp;y la producci\u00f3n de flores blancas como la nieve de ensue\u00f1o en primavera.<\/p>\n\n\n\n<p id=\"block-56353a86-497a-45fd-8b0b-339c29ced6e0\">Sin duda a\u00f1adir\u00e1 valor est\u00e9tico a cualquier espacio ajardinado. Adem\u00e1s, el seto Amelanchier est\u00e1 disponible en diferentes formas.<\/p>\n\n\n\n<h4 class=\"wp-block-heading\" id=\"block-b479e494-7f61-41c9-82ed-653f02006657\">Seto de espino negro<\/h4>\n\n\n\n<p id=\"block-c18bd95b-f8f5-464f-88c9-68ebadc2b9d4\">El espino negro o prunus spinosa es&nbsp;<strong>otro tipo de planta para setos<\/strong>&nbsp;que constituye un excelente seto de seguridad por su follaje denso, espinoso y tupido.<\/p>\n\n\n\n<p id=\"block-519516a9-7a21-4368-958e-d0e24e410ca4\">Crece mejor a pleno sol y se adapta a la mayor\u00eda de los suelos, incluidos los arenosos, arcillosos y limosos. Esto lo convierte en una opci\u00f3n vers\u00e1til para numerosos proyectos de paisajismo.<\/p>\n","protected":false},"excerpt":{"rendered":"<p>Con la llegada del oto\u00f1o, es hora de que los jardineros&nbsp;empiecen a preparar sus jardines para los meses m\u00e1s fr\u00edos que se avecinan.&nbsp;Aunque los aficionados pueden pasar menos tiempo en &#8230; <\/p>\n<p class=\"read-more-container\"><a title=\"El oto\u00f1o es la mejor \u00e9poca para plantar: \u00e9stas son las mejores plantas para cultivar en septiembre\" class=\"read-more button\" href=\"https:\/\/abuelaenlacocina.com\/index.php\/2023\/07\/18\/el-otono-es-la-mejor-epoca-para-plantar-estas-son-las-mejores-plantas-para-cultivar-en-septiembre\/#more-4214\" aria-label=\"More on El oto\u00f1o es la mejor \u00e9poca para plantar: \u00e9stas son las mejores plantas para cultivar en septiembre\">Seguir leyendo<\/a><\/p>\n","protected":false},"author":3,"featured_media":4227,"comment_status":"closed","ping_status":"closed","sticky":false,"template":"","format":"standard","meta":{"footnotes":""},"categories":[3],"tags":[],"class_list":["post-4214","post","type-post","status-publish","format-standard","has-post-thumbnail","hentry","category-jardin-y-consejos","generate-columns","tablet-grid-50","mobile-grid-100","grid-parent","grid-50","no-featured-image-padding"],"_links":{"self":[{"href":"https:\/\/abuelaenlacocina.com\/index.php\/wp-json\/wp\/v2\/posts\/4214","targetHints":{"allow":["GET"]}}],"collection":[{"href":"https:\/\/abuelaenlacocina.com\/index.php\/wp-json\/wp\/v2\/posts"}],"about":[{"href":"https:\/\/abuelaenlacocina.com\/index.php\/wp-json\/wp\/v2\/types\/post"}],"author":[{"embeddable":true,"href":"https:\/\/abuelaenlacocina.com\/index.php\/wp-json\/wp\/v2\/users\/3"}],"replies":[{"embeddable":true,"href":"https:\/\/abuelaenlacocina.com\/index.php\/wp-json\/wp\/v2\/comments?post=4214"}],"version-history":[{"count":1,"href":"https:\/\/abuelaenlacocina.com\/index.php\/wp-json\/wp\/v2\/posts\/4214\/revisions"}],"predecessor-version":[{"id":4217,"href":"https:\/\/abuelaenlacocina.com\/index.php\/wp-json\/wp\/v2\/posts\/4214\/revisions\/4217"}],"wp:featuredmedia":[{"embeddable":true,"href":"https:\/\/abuelaenlacocina.com\/index.php\/wp-json\/wp\/v2\/media\/4227"}],"wp:attachment":[{"href":"https:\/\/abuelaenlacocina.com\/index.php\/wp-json\/wp\/v2\/media?parent=4214"}],"wp:term":[{"taxonomy":"category","embeddable":true,"href":"https:\/\/abuelaenlacocina.com\/index.php\/wp-json\/wp\/v2\/categories?post=4214"},{"taxonomy":"post_tag","embeddable":true,"href":"https:\/\/abuelaenlacocina.com\/index.php\/wp-json\/wp\/v2\/tags?post=4214"}],"curies":[{"name":"wp","href":"https:\/\/api.w.org\/{rel}","templated":true}]}}