{"id":4179,"date":"2023-07-17T14:26:29","date_gmt":"2023-07-17T14:26:29","guid":{"rendered":"https:\/\/abuelaenlacocina.com\/?p=4179"},"modified":"2023-07-17T14:26:30","modified_gmt":"2023-07-17T14:26:30","slug":"como-cultivar-ajos-en-el-balcon-mezcla-cafe-con-un-diente-de-ajo-y-el-resultado-te-sorprendera","status":"publish","type":"post","link":"https:\/\/abuelaenlacocina.com\/index.php\/2023\/07\/17\/como-cultivar-ajos-en-el-balcon-mezcla-cafe-con-un-diente-de-ajo-y-el-resultado-te-sorprendera\/","title":{"rendered":"\u00bfC\u00f3mo cultivar ajos en el balc\u00f3n? Mezcla caf\u00e9 con un diente de ajo y el resultado te sorprender\u00e1."},"content":{"rendered":"\n<p id=\"block-e3562fde-2c67-446d-a3f7-e9e6eadacc36\">Para la cocina mediterr\u00e1nea,&nbsp;<strong>el ajo es un condimento esencial que se utiliza con regularidad.<\/strong>&nbsp;Por esta raz\u00f3n, ahorre dinero plant\u00e1ndolo&nbsp;<strong>en su jard\u00edn o en su balc\u00f3n<\/strong>. De esta forma, podr\u00e1 tener ajo a mano cuando lo necesite.<\/p>\n\n\n\n<h2 class=\"wp-block-heading\" id=\"block-ac9ffcfb-f1f2-467b-9698-e3b48990967c\">\u00bfC\u00f3mo cultivar una planta a partir de un diente de ajo?<\/h2>\n\n\n\n<p id=\"block-b4b0aa48-fa20-474c-85fc-934e6796d911\">Para cultivar\u00a0ajo, hay que hacerlo en oto\u00f1o o primavera, que resultan ser las mejores \u00e9pocas del a\u00f1o. A continuaci\u00f3n, primero debes\u00a0<strong>obtener ajos con varios bulbos<\/strong>. De cada bulbo podr\u00e1s\u00a0<strong>tener varias plantas individuales<\/strong>. Una vez que haya elegido su bulbo de ajo, separe los segmentos individuales que lo componen. Retira la piel superflua del diente: debe estar intacta y no mostrar ning\u00fan rastro de moho.<\/p>\n\n\n\n<p id=\"block-76d3f09e-22a5-44e4-b193-f6cd4b506a14\">Empieza por remojar los clavos en agua durante 24 horas. A continuaci\u00f3n, enti\u00e9rralos en la tierra: es una operaci\u00f3n muy sencilla. Utilice tierra de buena calidad mezclada con posos de caf\u00e9. Este producto aporta a la planta nutrientes excepcionales. Puede simplemente\u00a0<strong>utilizar los cl\u00e1sicos posos de caf\u00e9<\/strong>\u00a0que salen de preparar su bebida matinal.<\/p>\n\n\n\n<figure class=\"wp-block-image size-full\"><img loading=\"lazy\" decoding=\"async\" width=\"750\" height=\"400\" src=\"https:\/\/abuelaenlacocina.com\/wp-content\/uploads\/2023\/07\/image-5-73.jpg\" alt=\"\" class=\"wp-image-4182\" srcset=\"https:\/\/abuelaenlacocina.com\/wp-content\/uploads\/2023\/07\/image-5-73.jpg 750w, https:\/\/abuelaenlacocina.com\/wp-content\/uploads\/2023\/07\/image-5-73-300x160.jpg 300w\" sizes=\"auto, (max-width: 750px) 100vw, 750px\" \/><\/figure>\n\n\n\n<p id=\"block-153a4332-5e8c-4e67-831b-de60911ae7d0\">Para ello, prepare una mezcla de 50% de musgo de turba y 50% de posos de caf\u00e9. Mantenga siempre una distancia de 10 cm entre una c\u00e1scara y otra. Los agujeros tambi\u00e9n deben tener unos 10 cm de profundidad para poder introducir el diente de ajo en la tierra.<\/p>\n\n\n\n<p id=\"block-1875002d-a5d7-41f0-8591-0b3b0442cdec\">A continuaci\u00f3n, riega la maceta generosamente empapando la tierra. A continuaci\u00f3n, coloca la maceta en un lugar muy soleado. Mant\u00e9n la tierra h\u00fameda hasta que germinen las pl\u00e1ntulas.<\/p>\n\n\n\n<p id=\"block-22123cf8-3f4a-4423-86fd-3ee5b46a5c4a\">En cuanto aparezcan los primeros brotes, hay que empezar a limitar el riego. Esto tiene lugar al cabo de unos veinte d\u00edas. Al cabo de un mes, podr\u00e1&nbsp;<strong>ver una planta que ya tiene unos 12 a 15 cm de altura<\/strong>. Al cabo de dos meses, las plantas alcanzar\u00e1n unos 40 cm de altura. En este momento, las hojas empiezan a desprender el cl\u00e1sico olor a ajo.<\/p>\n\n\n\n<h2 class=\"wp-block-heading\" id=\"block-1e684c41-57a9-4aa8-925b-8b215cb58410\">C\u00f3mo cosechar ajos<\/h2>\n\n\n\n<p id=\"block-9c98a3de-054f-44d2-ab49-20e74fa13bac\">Cosechar cuando la parte herb\u00e1cea est\u00e9 completamente seca. Retira la planta del suelo utilizando una peque\u00f1a pala o cuchara para cavar con cuidado. A continuaci\u00f3n,<strong>limpia la tierra que cubre los bulbos y s\u00e9calos durante una semana al sol.<\/strong><\/p>\n\n\n\n<p>De esta forma, podr\u00e1s disponer de ajos para utilizarlos en cualquier momento.<\/p>\n","protected":false},"excerpt":{"rendered":"<p>Para la cocina mediterr\u00e1nea,&nbsp;el ajo es un condimento esencial que se utiliza con regularidad.&nbsp;Por esta raz\u00f3n, ahorre dinero plant\u00e1ndolo&nbsp;en su jard\u00edn o en su balc\u00f3n. De esta forma, podr\u00e1 tener &#8230; <\/p>\n<p class=\"read-more-container\"><a title=\"\u00bfC\u00f3mo cultivar ajos en el balc\u00f3n? Mezcla caf\u00e9 con un diente de ajo y el resultado te sorprender\u00e1.\" class=\"read-more button\" href=\"https:\/\/abuelaenlacocina.com\/index.php\/2023\/07\/17\/como-cultivar-ajos-en-el-balcon-mezcla-cafe-con-un-diente-de-ajo-y-el-resultado-te-sorprendera\/#more-4179\" aria-label=\"More on \u00bfC\u00f3mo cultivar ajos en el balc\u00f3n? Mezcla caf\u00e9 con un diente de ajo y el resultado te sorprender\u00e1.\">Seguir leyendo<\/a><\/p>\n","protected":false},"author":3,"featured_media":4181,"comment_status":"closed","ping_status":"closed","sticky":false,"template":"","format":"standard","meta":{"footnotes":""},"categories":[3],"tags":[],"class_list":["post-4179","post","type-post","status-publish","format-standard","has-post-thumbnail","hentry","category-jardin-y-consejos","generate-columns","tablet-grid-50","mobile-grid-100","grid-parent","grid-50","no-featured-image-padding"],"_links":{"self":[{"href":"https:\/\/abuelaenlacocina.com\/index.php\/wp-json\/wp\/v2\/posts\/4179","targetHints":{"allow":["GET"]}}],"collection":[{"href":"https:\/\/abuelaenlacocina.com\/index.php\/wp-json\/wp\/v2\/posts"}],"about":[{"href":"https:\/\/abuelaenlacocina.com\/index.php\/wp-json\/wp\/v2\/types\/post"}],"author":[{"embeddable":true,"href":"https:\/\/abuelaenlacocina.com\/index.php\/wp-json\/wp\/v2\/users\/3"}],"replies":[{"embeddable":true,"href":"https:\/\/abuelaenlacocina.com\/index.php\/wp-json\/wp\/v2\/comments?post=4179"}],"version-history":[{"count":1,"href":"https:\/\/abuelaenlacocina.com\/index.php\/wp-json\/wp\/v2\/posts\/4179\/revisions"}],"predecessor-version":[{"id":4183,"href":"https:\/\/abuelaenlacocina.com\/index.php\/wp-json\/wp\/v2\/posts\/4179\/revisions\/4183"}],"wp:featuredmedia":[{"embeddable":true,"href":"https:\/\/abuelaenlacocina.com\/index.php\/wp-json\/wp\/v2\/media\/4181"}],"wp:attachment":[{"href":"https:\/\/abuelaenlacocina.com\/index.php\/wp-json\/wp\/v2\/media?parent=4179"}],"wp:term":[{"taxonomy":"category","embeddable":true,"href":"https:\/\/abuelaenlacocina.com\/index.php\/wp-json\/wp\/v2\/categories?post=4179"},{"taxonomy":"post_tag","embeddable":true,"href":"https:\/\/abuelaenlacocina.com\/index.php\/wp-json\/wp\/v2\/tags?post=4179"}],"curies":[{"name":"wp","href":"https:\/\/api.w.org\/{rel}","templated":true}]}}