{"id":3537,"date":"2023-07-02T22:01:18","date_gmt":"2023-07-02T22:01:18","guid":{"rendered":"https:\/\/abuelaenlacocina.com\/?p=3537"},"modified":"2023-07-02T22:01:20","modified_gmt":"2023-07-02T22:01:20","slug":"como-cuidar-las-orquideas-en-los-meses-mas-calidos-un-poco-mas-de-atencion","status":"publish","type":"post","link":"https:\/\/abuelaenlacocina.com\/index.php\/2023\/07\/02\/como-cuidar-las-orquideas-en-los-meses-mas-calidos-un-poco-mas-de-atencion\/","title":{"rendered":"C\u00f3mo cuidar las orqu\u00eddeas en los meses m\u00e1s c\u00e1lidos: \u00a1un poco m\u00e1s de atenci\u00f3n!"},"content":{"rendered":"\n<p id=\"block-ace583c1-7e7f-4c86-ba15-72174a1ef639\">\u00bfC\u00f3mo se cuidan las orqu\u00eddeas durante este periodo de intenso calor? Aqu\u00ed tienes todo lo que necesitas para&nbsp;<strong>ayudar a tus plantas a sobrevivir<\/strong>.<\/p>\n\n\n\n<p id=\"block-0f0337df-fe43-4aef-8b54-40bf55deec64\">Durante el verano, las plantas necesitan cuidados especiales. Pero tranquil\u00edcese, nada diferente de lo que hace a diario. A diferencia de muchas otras plantas,&nbsp;las orqu\u00eddeas&nbsp;ofrecen&nbsp;<strong>floraciones muy hermosas durante el verano<\/strong>. Todo lo que hace falta son los m\u00e9todos adecuados y la atenci\u00f3n que necesitan.<\/p>\n\n\n\n<h2 class=\"wp-block-heading\" id=\"block-3df60410-2a8e-443f-b7be-373a21b27fb8\">\u00bfC\u00f3mo se cuidan las orqu\u00eddeas durante los meses m\u00e1s calurosos del a\u00f1o?<\/h2>\n\n\n\n<figure class=\"wp-block-image size-full\"><img loading=\"lazy\" decoding=\"async\" width=\"334\" height=\"500\" src=\"https:\/\/abuelaenlacocina.com\/wp-content\/uploads\/2023\/07\/image-1-5.jpg\" alt=\"\" class=\"wp-image-3542\" srcset=\"https:\/\/abuelaenlacocina.com\/wp-content\/uploads\/2023\/07\/image-1-5.jpg 334w, https:\/\/abuelaenlacocina.com\/wp-content\/uploads\/2023\/07\/image-1-5-200x300.jpg 200w\" sizes=\"auto, (max-width: 334px) 100vw, 334px\" \/><\/figure>\n\n\n\n<p id=\"block-cf60bdc7-75fa-4e90-8d8b-a68387be2492\">Los meses m\u00e1s calurosos pueden&nbsp;<strong>afectar duramente a las plantas<\/strong>. Y no s\u00f3lo las plantas, incluso los seres humanos luchan con las&nbsp;altas temperaturas. Al igual que t\u00fa sufres con el calor, tambi\u00e9n lo hacen las plantas que&nbsp;<strong>necesitan cuidados y atenci\u00f3n extra<\/strong>. Pero, \u00bfqu\u00e9 cuidados y atenciones debes dar a tus plantas?<\/p>\n\n\n\n<p id=\"block-6b573387-d0f4-46c6-8fbd-cfff2bfeb688\">Evidentemente, no hay una respuesta \u00fanica y fija, sino que todo depende de la temperatura, la frecuencia de las lluvias, el estado de la planta y tambi\u00e9n de qu\u00e9 tipo de planta se trate. En definitiva, hay que poner en juego&nbsp;<strong>todo un abanico de factores<\/strong>&nbsp;as\u00ed como&nbsp;<strong>el saber hacer del jardinero<\/strong>. Pero si necesitas consejo, aqu\u00ed me tienes y voy a hablar espec\u00edficamente de los cuidados que necesitan las orqu\u00eddeas.<\/p>\n\n\n\n<p id=\"block-95c01495-9b3f-4d82-b7f3-743e1cdb410d\">Las orqu\u00eddeas son plantas especiales. A diferencia de otras&nbsp;flores, pueden&nbsp;<strong>dar las m\u00e1s bellas floraciones en verano<\/strong>. Sin embargo, las flores carnosas necesitan estar bien hidratadas. Para ello, basta con fijarse en el tipo de fibra que las compone. Para entender bien el estado de la planta, f\u00edjate en&nbsp;<strong>el color de las ra\u00edces<\/strong>. Cuanto m\u00e1s gris sea, m\u00e1s deshidratada est\u00e1 la planta. As\u00ed que&nbsp;<strong>hay que regar con frecuencia<\/strong>.<\/p>\n\n\n\n<p id=\"block-86d73625-cfe4-4fef-b772-d8fc7f836620\">Tambi\u00e9n es necesario&nbsp;<strong>prestar atenci\u00f3n a la temperatura del agua<\/strong>. Nunca debe&nbsp;estar demasiado fr\u00eda&nbsp;para no crear un gran cambio de temperatura. Evite el contacto directo con el sol y coloque su orqu\u00eddea en un ambiente luminoso pero h\u00famedo.<\/p>\n","protected":false},"excerpt":{"rendered":"<p>\u00bfC\u00f3mo se cuidan las orqu\u00eddeas durante este periodo de intenso calor? Aqu\u00ed tienes todo lo que necesitas para&nbsp;ayudar a tus plantas a sobrevivir. Durante el verano, las plantas necesitan cuidados &#8230; <\/p>\n<p class=\"read-more-container\"><a title=\"C\u00f3mo cuidar las orqu\u00eddeas en los meses m\u00e1s c\u00e1lidos: \u00a1un poco m\u00e1s de atenci\u00f3n!\" class=\"read-more button\" href=\"https:\/\/abuelaenlacocina.com\/index.php\/2023\/07\/02\/como-cuidar-las-orquideas-en-los-meses-mas-calidos-un-poco-mas-de-atencion\/#more-3537\" aria-label=\"More on C\u00f3mo cuidar las orqu\u00eddeas en los meses m\u00e1s c\u00e1lidos: \u00a1un poco m\u00e1s de atenci\u00f3n!\">Seguir leyendo<\/a><\/p>\n","protected":false},"author":3,"featured_media":3541,"comment_status":"closed","ping_status":"closed","sticky":false,"template":"","format":"standard","meta":{"footnotes":""},"categories":[3],"tags":[],"class_list":["post-3537","post","type-post","status-publish","format-standard","has-post-thumbnail","hentry","category-jardin-y-consejos","generate-columns","tablet-grid-50","mobile-grid-100","grid-parent","grid-50","no-featured-image-padding"],"_links":{"self":[{"href":"https:\/\/abuelaenlacocina.com\/index.php\/wp-json\/wp\/v2\/posts\/3537","targetHints":{"allow":["GET"]}}],"collection":[{"href":"https:\/\/abuelaenlacocina.com\/index.php\/wp-json\/wp\/v2\/posts"}],"about":[{"href":"https:\/\/abuelaenlacocina.com\/index.php\/wp-json\/wp\/v2\/types\/post"}],"author":[{"embeddable":true,"href":"https:\/\/abuelaenlacocina.com\/index.php\/wp-json\/wp\/v2\/users\/3"}],"replies":[{"embeddable":true,"href":"https:\/\/abuelaenlacocina.com\/index.php\/wp-json\/wp\/v2\/comments?post=3537"}],"version-history":[{"count":1,"href":"https:\/\/abuelaenlacocina.com\/index.php\/wp-json\/wp\/v2\/posts\/3537\/revisions"}],"predecessor-version":[{"id":3543,"href":"https:\/\/abuelaenlacocina.com\/index.php\/wp-json\/wp\/v2\/posts\/3537\/revisions\/3543"}],"wp:featuredmedia":[{"embeddable":true,"href":"https:\/\/abuelaenlacocina.com\/index.php\/wp-json\/wp\/v2\/media\/3541"}],"wp:attachment":[{"href":"https:\/\/abuelaenlacocina.com\/index.php\/wp-json\/wp\/v2\/media?parent=3537"}],"wp:term":[{"taxonomy":"category","embeddable":true,"href":"https:\/\/abuelaenlacocina.com\/index.php\/wp-json\/wp\/v2\/categories?post=3537"},{"taxonomy":"post_tag","embeddable":true,"href":"https:\/\/abuelaenlacocina.com\/index.php\/wp-json\/wp\/v2\/tags?post=3537"}],"curies":[{"name":"wp","href":"https:\/\/api.w.org\/{rel}","templated":true}]}}