{"id":3368,"date":"2023-06-27T21:21:39","date_gmt":"2023-06-27T21:21:39","guid":{"rendered":"https:\/\/abuelaenlacocina.com\/?p=3368"},"modified":"2023-06-27T21:21:41","modified_gmt":"2023-06-27T21:21:41","slug":"como-potenciar-la-floracion-de-sus-rosales-durante-el-verano-aqui-tienes-el-truco-secreto-del-jardinero","status":"publish","type":"post","link":"https:\/\/abuelaenlacocina.com\/index.php\/2023\/06\/27\/como-potenciar-la-floracion-de-sus-rosales-durante-el-verano-aqui-tienes-el-truco-secreto-del-jardinero\/","title":{"rendered":"\u00bfC\u00f3mo potenciar la floraci\u00f3n de sus rosales durante el verano? Aqu\u00ed tienes el truco secreto del jardinero."},"content":{"rendered":"\n<p id=\"block-785548b0-3955-481d-b525-032b90b40caa\">Si muchos de nosotros amamos la rosa, es porque es&nbsp;<strong>una flor \u00fanica<\/strong>&nbsp;que destaca por su delicadeza, belleza, color y aroma. As\u00ed que no es de extra\u00f1ar que&nbsp;<strong>esta flor reine en los jardines<\/strong>&nbsp;para <strong>ofrecer una magn\u00edfica estampa de elegancia<\/strong>&nbsp;especialmente durante&nbsp;la floraci\u00f3n. En primavera y verano, las rosas florecen y subliman su jard\u00edn con su pl\u00e9tora de colores, cada uno tan atractivo como el siguiente.<\/p>\n\n\n\n<p id=\"block-4a2ae745-16aa-4032-85cb-59b83e754d50\">Si eres\u00a0<strong>un amante de esta flor,<\/strong>\u00a0necesitas conocer los\u00a0<strong>pasos de mantenimiento<\/strong>\u00a0para tener floraciones abundantes. Adem\u00e1s, te revelo\u00a0<strong>el consejo secreto de los expertos en jardiner\u00eda<\/strong>\u00a0para disfrutar de hermosas floraciones durante la temporada estival.<\/p>\n\n\n\n<figure class=\"wp-block-image size-full\"><img loading=\"lazy\" decoding=\"async\" width=\"685\" height=\"385\" src=\"https:\/\/abuelaenlacocina.com\/wp-content\/uploads\/2023\/06\/image-28-3.jpg\" alt=\"\" class=\"wp-image-3371\" srcset=\"https:\/\/abuelaenlacocina.com\/wp-content\/uploads\/2023\/06\/image-28-3.jpg 685w, https:\/\/abuelaenlacocina.com\/wp-content\/uploads\/2023\/06\/image-28-3-300x169.jpg 300w\" sizes=\"auto, (max-width: 685px) 100vw, 685px\" \/><\/figure>\n\n\n\n<h2 class=\"wp-block-heading\" id=\"block-e24e3e4b-226c-410b-b266-419f06568f72\">\u00bfC\u00f3mo mantener las rosas en flor durante todo el verano?<\/h2>\n\n\n\n<p id=\"block-120360c5-2402-4026-9413-ab417f422b22\">\u00bfQu\u00e9 hay m\u00e1s bonito que admirar sus rosas en plena floraci\u00f3n? Sin embargo, esto requiere un mantenimiento espec\u00edfico para garantizar que las flores prosperen. Para ello,&nbsp;<strong>simplemente pode sus rosales<\/strong>. La poda de los rosales es una&nbsp;<strong>fase esencial<\/strong>&nbsp;si desea tener&nbsp;plantas de hoja perenne que resistan las enfermedades y ofrezcan una buena floraci\u00f3n. Basta con cortar algunos tallos con las tijeras de podar para obtener abundantes flores frescas y coloridas.<\/p>\n\n\n\n<p id=\"block-6d5d06c2-972e-4b42-b680-41956fbb8b08\">Cuando realice la poda, retire tambi\u00e9n las flores marchitas y los tallos muertos o enredados. La poda suele realizarse despu\u00e9s de la floraci\u00f3n o al final del periodo invernal. En ese momento,&nbsp;<strong>elimine todas las ramas envejecidas y da\u00f1adas<\/strong>&nbsp;para permitir que su rosal respire adecuadamente.<\/p>\n\n\n\n<h2 class=\"wp-block-heading\" id=\"block-13b038ac-11b5-45ca-8e71-a7dbaacbf15a\">\u00bfC\u00f3mo podar?<\/h2>\n\n\n\n<p id=\"block-03513a24-0c5f-4a23-8c23-29d15abba0e7\">Para tener&nbsp;<strong>abundante floraci\u00f3n<\/strong>&nbsp;durante el verano, siga estos pocos pasos. Coja unas tijeras de podar desinfectadas y afiladas y corte las flores secas 2 cm por encima de un conjunto de 5 \u00f3 7 foliolos. De esta forma, los nuevos brotes&nbsp;<strong>producir\u00e1n m\u00e1s flores<\/strong>. Si elimina las&nbsp;hojas&nbsp;de un grupo de 3 foliolos, el rosal ser\u00e1 vigoroso pero la producci\u00f3n de rosas ser\u00e1 limitada.<\/p>\n\n\n\n<p id=\"block-591b0fe1-103c-4999-a0b9-257a7720ba5a\">En el caso de un rosal de floraci\u00f3n en grupo, debe&nbsp;<strong>retirar regularmente las flores<\/strong>&nbsp;que se marchiten antes de que florezcan las dem\u00e1s. Si quita continuamente las flores marchitas,&nbsp;<strong>sus rosas seguir\u00e1n ofreciendo hermosas floraciones durante todo el verano<\/strong>.<\/p>\n\n\n\n<p id=\"block-bcc16eee-1e2f-4baa-923f-fc36f06e6e72\">Adem\u00e1s, es esencial abonar sus&nbsp;rosas&nbsp;despu\u00e9s de la floraci\u00f3n. Las flores se mantienen&nbsp;<strong>frescas y hermosas<\/strong>&nbsp;cuando reciben nutrientes y energ\u00eda. La&nbsp;<strong>fertilizaci\u00f3n<\/strong>&nbsp;tambi\u00e9n mantiene las hojas verdes, fuertes y sanas durante todo el periodo estival.<\/p>\n","protected":false},"excerpt":{"rendered":"<p>Si muchos de nosotros amamos la rosa, es porque es&nbsp;una flor \u00fanica&nbsp;que destaca por su delicadeza, belleza, color y aroma. As\u00ed que no es de extra\u00f1ar que&nbsp;esta flor reine en &#8230; <\/p>\n<p class=\"read-more-container\"><a title=\"\u00bfC\u00f3mo potenciar la floraci\u00f3n de sus rosales durante el verano? Aqu\u00ed tienes el truco secreto del jardinero.\" class=\"read-more button\" href=\"https:\/\/abuelaenlacocina.com\/index.php\/2023\/06\/27\/como-potenciar-la-floracion-de-sus-rosales-durante-el-verano-aqui-tienes-el-truco-secreto-del-jardinero\/#more-3368\" aria-label=\"More on \u00bfC\u00f3mo potenciar la floraci\u00f3n de sus rosales durante el verano? Aqu\u00ed tienes el truco secreto del jardinero.\">Seguir leyendo<\/a><\/p>\n","protected":false},"author":3,"featured_media":3370,"comment_status":"closed","ping_status":"closed","sticky":false,"template":"","format":"standard","meta":{"footnotes":""},"categories":[3],"tags":[],"class_list":["post-3368","post","type-post","status-publish","format-standard","has-post-thumbnail","hentry","category-jardin-y-consejos","generate-columns","tablet-grid-50","mobile-grid-100","grid-parent","grid-50","no-featured-image-padding"],"_links":{"self":[{"href":"https:\/\/abuelaenlacocina.com\/index.php\/wp-json\/wp\/v2\/posts\/3368","targetHints":{"allow":["GET"]}}],"collection":[{"href":"https:\/\/abuelaenlacocina.com\/index.php\/wp-json\/wp\/v2\/posts"}],"about":[{"href":"https:\/\/abuelaenlacocina.com\/index.php\/wp-json\/wp\/v2\/types\/post"}],"author":[{"embeddable":true,"href":"https:\/\/abuelaenlacocina.com\/index.php\/wp-json\/wp\/v2\/users\/3"}],"replies":[{"embeddable":true,"href":"https:\/\/abuelaenlacocina.com\/index.php\/wp-json\/wp\/v2\/comments?post=3368"}],"version-history":[{"count":1,"href":"https:\/\/abuelaenlacocina.com\/index.php\/wp-json\/wp\/v2\/posts\/3368\/revisions"}],"predecessor-version":[{"id":3372,"href":"https:\/\/abuelaenlacocina.com\/index.php\/wp-json\/wp\/v2\/posts\/3368\/revisions\/3372"}],"wp:featuredmedia":[{"embeddable":true,"href":"https:\/\/abuelaenlacocina.com\/index.php\/wp-json\/wp\/v2\/media\/3370"}],"wp:attachment":[{"href":"https:\/\/abuelaenlacocina.com\/index.php\/wp-json\/wp\/v2\/media?parent=3368"}],"wp:term":[{"taxonomy":"category","embeddable":true,"href":"https:\/\/abuelaenlacocina.com\/index.php\/wp-json\/wp\/v2\/categories?post=3368"},{"taxonomy":"post_tag","embeddable":true,"href":"https:\/\/abuelaenlacocina.com\/index.php\/wp-json\/wp\/v2\/tags?post=3368"}],"curies":[{"name":"wp","href":"https:\/\/api.w.org\/{rel}","templated":true}]}}