{"id":3335,"date":"2023-06-27T17:38:15","date_gmt":"2023-06-27T17:38:15","guid":{"rendered":"https:\/\/abuelaenlacocina.com\/?p=3335"},"modified":"2023-06-27T17:38:18","modified_gmt":"2023-06-27T17:38:18","slug":"albahaca-si-no-lo-haces-antes-de-mediados-de-junio-acabaras-con-una-planta-muerta","status":"publish","type":"post","link":"https:\/\/abuelaenlacocina.com\/index.php\/2023\/06\/27\/albahaca-si-no-lo-haces-antes-de-mediados-de-junio-acabaras-con-una-planta-muerta\/","title":{"rendered":"Albahaca: si no lo haces antes de mediados de junio, acabar\u00e1s con una planta muerta."},"content":{"rendered":"\n<p id=\"block-5f9fb4fc-2bdf-40f4-8ee6-2dfa2e9f5539\">Aunque la albahaca es una&nbsp;<strong>planta t\u00edpicamente de verano<\/strong>, puede cultivarse en interior incluso en pleno invierno pero&nbsp;<strong>con algunas precauciones<\/strong>. Es raro encontrarla en la naturaleza durante el invierno porque sufren con el fr\u00edo. Descubra c\u00f3mo&nbsp;<strong>cuidar una planta de albahaca en maceta<\/strong>&nbsp;para tenerla disponible en la cocina todo el a\u00f1o.<\/p>\n\n\n\n<h2 class=\"wp-block-heading\" id=\"block-36744cb3-ee0c-4617-a2ff-c9e0e42b58e8\">Albahaca en maceta sana y exuberante todo el a\u00f1o<\/h2>\n\n\n\n<p id=\"block-76240a05-28c4-4a08-a4b5-01b21bf36a52\">Si quieres&nbsp;<strong>plantar albahaca<\/strong>, puedes comprar una planta ya cultivada en una maceta peque\u00f1a o plantar a partir de semillas. En ese caso, este es el procedimiento a seguir.<\/p>\n\n\n\n<p id=\"block-26075ada-c5f8-4edb-9316-bd96ef9606a7\">Empieza por lo b\u00e1sico. Para que la albahaca est\u00e9 sana, es necesario\u00a0<strong>utilizar terracota, a\u00f1adiendo una capa de arcilla y piedras en el fondo<\/strong>\u00a0para evitar cualquier estancamiento de agua.<\/p>\n\n\n\n<figure class=\"wp-block-image size-full\"><img loading=\"lazy\" decoding=\"async\" width=\"375\" height=\"500\" src=\"https:\/\/abuelaenlacocina.com\/wp-content\/uploads\/2023\/06\/image-27-10.jpg\" alt=\"\" class=\"wp-image-3339\" srcset=\"https:\/\/abuelaenlacocina.com\/wp-content\/uploads\/2023\/06\/image-27-10.jpg 375w, https:\/\/abuelaenlacocina.com\/wp-content\/uploads\/2023\/06\/image-27-10-225x300.jpg 225w\" sizes=\"auto, (max-width: 375px) 100vw, 375px\" \/><\/figure>\n\n\n\n<p id=\"block-d8f8c2b9-8e41-49fe-a4e4-ddadf2d03a4b\">Esta hierba arom\u00e1tica no requiere cuidados especiales. Sin embargo, antes de sembrarla, es aconsejable&nbsp;<strong>preparar un suelo adecuado para ella.<\/strong>&nbsp;Para ello, aseg\u00farese de que el suelo est\u00e9 provisto de compost y abono org\u00e1nico. Humedezca tambi\u00e9n la tierra y d\u00e9jela reposar durante un d\u00eda.<\/p>\n\n\n\n<p id=\"block-65c3e7d8-2435-4cd7-93f9-21c0d0dba8dc\">A continuaci\u00f3n, puedes empezar a sembrar y enterrar las semillas a&nbsp;<strong>una profundidad de 1 a 2 cent\u00edmetros<\/strong>&nbsp;y con una separaci\u00f3n de 15 cent\u00edmetros. C\u00fabrelas con una capa de tierra y vierte un poco de agua para humedecerla.<\/p>\n\n\n\n<p id=\"block-72e40d13-2733-494b-bb69-29179333d632\">Para conseguir y&nbsp;<strong>mantener una planta de albahaca exuberante<\/strong>, no riegue en exceso. S\u00f3lo mant\u00e9n la humedad&nbsp;en el suelo. Al cabo de 4 semanas, ver\u00e1 que las hojas de albahaca ser\u00e1n&nbsp;<strong>abundantes y exuberantes<\/strong>.<\/p>\n\n\n\n<h2 class=\"wp-block-heading\" id=\"block-15403040-5f6a-4cbd-8031-8178cc06dda5\">\u00bfQu\u00e9 puede hacer en junio para evitar acabar con una planta muerta?<\/h2>\n\n\n\n<p id=\"block-ea584712-0b1e-402c-b0b3-4716c6848904\">Esta hierba arom\u00e1tica de hojas verde brillante tiene muchas propiedades beneficiosas para el organismo. Es especialmente rica en vitaminas y minerales. Al recolectar las hojas de la planta, proceda siempre con las hojas m\u00e1s grandes y viejas.<\/p>\n\n\n\n<p id=\"block-ccd4d980-c1d6-474a-83c0-9124beb4a83c\">Cuando se cultiva albahaca, se pueden ver peque\u00f1as espigas con p\u00e9talos blancos. Se trata del periodo de floraci\u00f3n, que se produce a partir de junio y contin\u00faa durante todo el verano y, por tanto, hasta septiembre. Esto significa que ha llegado el final del crecimiento de la planta. Sin embargo, en cuanto aparecen las flores en junio,&nbsp;<strong>retirelas inmediatamente para estimular a la planta a crecer<\/strong>&nbsp;con m\u00e1s vigor y densidad. Proceda entonces a&nbsp;<strong>podar las flores y algunos tallos<\/strong>&nbsp;para conseguir que la planta produzca m\u00e1s ramas y hojas.<\/p>\n","protected":false},"excerpt":{"rendered":"<p>Aunque la albahaca es una&nbsp;planta t\u00edpicamente de verano, puede cultivarse en interior incluso en pleno invierno pero&nbsp;con algunas precauciones. Es raro encontrarla en la naturaleza durante el invierno porque sufren &#8230; <\/p>\n<p class=\"read-more-container\"><a title=\"Albahaca: si no lo haces antes de mediados de junio, acabar\u00e1s con una planta muerta.\" class=\"read-more button\" href=\"https:\/\/abuelaenlacocina.com\/index.php\/2023\/06\/27\/albahaca-si-no-lo-haces-antes-de-mediados-de-junio-acabaras-con-una-planta-muerta\/#more-3335\" aria-label=\"More on Albahaca: si no lo haces antes de mediados de junio, acabar\u00e1s con una planta muerta.\">Seguir leyendo<\/a><\/p>\n","protected":false},"author":3,"featured_media":3338,"comment_status":"closed","ping_status":"closed","sticky":false,"template":"","format":"standard","meta":{"footnotes":""},"categories":[3],"tags":[],"class_list":["post-3335","post","type-post","status-publish","format-standard","has-post-thumbnail","hentry","category-jardin-y-consejos","generate-columns","tablet-grid-50","mobile-grid-100","grid-parent","grid-50","no-featured-image-padding"],"_links":{"self":[{"href":"https:\/\/abuelaenlacocina.com\/index.php\/wp-json\/wp\/v2\/posts\/3335","targetHints":{"allow":["GET"]}}],"collection":[{"href":"https:\/\/abuelaenlacocina.com\/index.php\/wp-json\/wp\/v2\/posts"}],"about":[{"href":"https:\/\/abuelaenlacocina.com\/index.php\/wp-json\/wp\/v2\/types\/post"}],"author":[{"embeddable":true,"href":"https:\/\/abuelaenlacocina.com\/index.php\/wp-json\/wp\/v2\/users\/3"}],"replies":[{"embeddable":true,"href":"https:\/\/abuelaenlacocina.com\/index.php\/wp-json\/wp\/v2\/comments?post=3335"}],"version-history":[{"count":1,"href":"https:\/\/abuelaenlacocina.com\/index.php\/wp-json\/wp\/v2\/posts\/3335\/revisions"}],"predecessor-version":[{"id":3340,"href":"https:\/\/abuelaenlacocina.com\/index.php\/wp-json\/wp\/v2\/posts\/3335\/revisions\/3340"}],"wp:featuredmedia":[{"embeddable":true,"href":"https:\/\/abuelaenlacocina.com\/index.php\/wp-json\/wp\/v2\/media\/3338"}],"wp:attachment":[{"href":"https:\/\/abuelaenlacocina.com\/index.php\/wp-json\/wp\/v2\/media?parent=3335"}],"wp:term":[{"taxonomy":"category","embeddable":true,"href":"https:\/\/abuelaenlacocina.com\/index.php\/wp-json\/wp\/v2\/categories?post=3335"},{"taxonomy":"post_tag","embeddable":true,"href":"https:\/\/abuelaenlacocina.com\/index.php\/wp-json\/wp\/v2\/tags?post=3335"}],"curies":[{"name":"wp","href":"https:\/\/api.w.org\/{rel}","templated":true}]}}