{"id":3163,"date":"2023-06-23T13:09:28","date_gmt":"2023-06-23T13:09:28","guid":{"rendered":"https:\/\/abuelaenlacocina.com\/?p=3163"},"modified":"2023-06-23T13:09:30","modified_gmt":"2023-06-23T13:09:30","slug":"7-razones-por-las-que-nunca-debe-eliminar-esta-mala-hierba-de-su-jardin","status":"publish","type":"post","link":"https:\/\/abuelaenlacocina.com\/index.php\/2023\/06\/23\/7-razones-por-las-que-nunca-debe-eliminar-esta-mala-hierba-de-su-jardin\/","title":{"rendered":"7 razones por las que nunca debe eliminar esta mala hierba de su jard\u00edn"},"content":{"rendered":"\n<p id=\"block-a165dbec-8d31-4d13-892e-f182348b7a3e\"><strong>Tener un huerto o jard\u00edn<\/strong>&nbsp;se ha puesto muy de moda en los \u00faltimos a\u00f1os. Muchos optamos por cultivar nuestras propias frutas y verduras para ahorrar dinero. Pero a menudo ocurre que&nbsp;<strong>en el huerto crecen malas hierbas que parecen innecesarias<\/strong>&nbsp;y que se tiende a erradicar en poco tiempo. Sin embargo, algunas&nbsp;malas hierbas&nbsp;no son tan malas como crees.<\/p>\n\n\n\n<p id=\"block-814b9b2f-60fe-407c-b243-12736ef76fe7\">Este es el caso de la verdolaga, que crece de forma natural en los jardines. La gente destruye esta planta en cuanto empieza a invadir el jard\u00edn a pesar de que es una&nbsp;<strong>planta beneficiosa para el ser humano<\/strong>. Considerada err\u00f3neamente in\u00fatil, esta mala hierba es una planta incre\u00edblemente beneficiosa para el organismo gracias a&nbsp;<strong>su abundancia de vitaminas y nutrientes<\/strong>.<\/p>\n\n\n\n<h2 class=\"wp-block-heading\" id=\"block-5aefc587-1923-40cc-97fb-531df7b32cb5\">\u00bfPor qu\u00e9 no erradicar esta mala hierba?<\/h2>\n\n\n\n<p id=\"block-a65d5a50-4250-4187-aae6-d606f34f39f6\">Muchos jardineros tienden a eliminar esta mala hierba en cuanto empieza a crecer en el jard\u00edn. Pero a partir de ahora, cambie su rutina y deje la verdolaga en su jard\u00edn y caminos. Esta planta puede utilizarse en la cocina para preparar bocadillos o ensaladas en lugar de espinacas. Se distingue por\u00a0<strong>sus hojas crujientes con un sabor ligeramente alimonado<\/strong>.<\/p>\n\n\n\n<figure class=\"wp-block-image size-full\"><img loading=\"lazy\" decoding=\"async\" width=\"600\" height=\"357\" src=\"https:\/\/abuelaenlacocina.com\/wp-content\/uploads\/2023\/06\/image-25-8.jpg\" alt=\"\" class=\"wp-image-3166\" srcset=\"https:\/\/abuelaenlacocina.com\/wp-content\/uploads\/2023\/06\/image-25-8.jpg 600w, https:\/\/abuelaenlacocina.com\/wp-content\/uploads\/2023\/06\/image-25-8-300x179.jpg 300w\" sizes=\"auto, (max-width: 600px) 100vw, 600px\" \/><\/figure>\n\n\n\n<p id=\"block-2ce2b48c-b9f1-4497-a66b-59159b5736b9\">Adem\u00e1s,&nbsp;<strong>La verdolaga aporta energ\u00eda<\/strong>&nbsp;gracias a su alto contenido en prote\u00ednas. Tambi\u00e9n consigue proporcionar protecci\u00f3n contra las enfermedades card\u00edacas y los accidentes cerebrovasculares. Ten en cuenta que esta planta es&nbsp;<strong>beneficiosa para los ni\u00f1os que padecen TDAH, autismo y cualquier otro trastorno del desarrollo<\/strong>.<\/p>\n\n\n\n<h2 class=\"wp-block-heading\" id=\"block-25424859-a3a2-4550-afba-d89330b633ac\">Aqu\u00ed tienes 7 buenas razones para dejar crecer la verdolaga en tu jard\u00edn<\/h2>\n\n\n\n<p id=\"block-64e05e5b-eb3a-4907-9ca1-aa260963e1ed\">Comer verdolaga contribuye a&nbsp;<strong>luchar contra la depresi\u00f3n<\/strong>.<\/p>\n\n\n\n<p id=\"block-b86a7d8c-c77d-463d-9099-7883704a4324\">Esta planta&nbsp;<strong>compuesta en un 93% de agua<\/strong>&nbsp;garantiza una buena hidrataci\u00f3n.<\/p>\n\n\n\n<p id=\"block-652a3c09-5082-415a-aa3e-3ef53fbf1fbe\">Si te falta hierro, prueba a comer verdolaga.<\/p>\n\n\n\n<p id=\"block-833e7384-e9b7-4d3f-b40d-1355cb077926\">Si incluyes esta planta en tu dieta, obtendr\u00e1s una buena dosis de potasio que te ayudar\u00e1 a regular la tensi\u00f3n arterial.<\/p>\n\n\n\n<p id=\"block-0ad5ed5a-adda-490c-90cd-8b63dc53c568\">La verdolaga es&nbsp;<strong>rica en calcio y magnesio<\/strong>&nbsp;para fortalecer la salud de huesos, dientes y m\u00fasculos.<\/p>\n\n\n\n<p id=\"block-d32cd9a9-08f0-4617-90c5-e88f9b9de352\">La verdolaga se presenta como un&nbsp;<strong>potente antioxidante<\/strong>&nbsp;capaz de frenar el da\u00f1o celular y el envejecimiento cut\u00e1neo.<\/p>\n\n\n\n<p id=\"block-494e02f0-1a77-4485-809f-d96fcae79ed0\">Esta planta contiene&nbsp;<strong>una buena cantidad de Omega-3<\/strong>. Es perfecta para tus sopas y otras recetas.<\/p>\n","protected":false},"excerpt":{"rendered":"<p>Tener un huerto o jard\u00edn&nbsp;se ha puesto muy de moda en los \u00faltimos a\u00f1os. Muchos optamos por cultivar nuestras propias frutas y verduras para ahorrar dinero. Pero a menudo ocurre &#8230; <\/p>\n<p class=\"read-more-container\"><a title=\"7 razones por las que nunca debe eliminar esta mala hierba de su jard\u00edn\" class=\"read-more button\" href=\"https:\/\/abuelaenlacocina.com\/index.php\/2023\/06\/23\/7-razones-por-las-que-nunca-debe-eliminar-esta-mala-hierba-de-su-jardin\/#more-3163\" aria-label=\"More on 7 razones por las que nunca debe eliminar esta mala hierba de su jard\u00edn\">Seguir leyendo<\/a><\/p>\n","protected":false},"author":3,"featured_media":3165,"comment_status":"closed","ping_status":"closed","sticky":false,"template":"","format":"standard","meta":{"footnotes":""},"categories":[3],"tags":[],"class_list":["post-3163","post","type-post","status-publish","format-standard","has-post-thumbnail","hentry","category-jardin-y-consejos","generate-columns","tablet-grid-50","mobile-grid-100","grid-parent","grid-50","no-featured-image-padding"],"_links":{"self":[{"href":"https:\/\/abuelaenlacocina.com\/index.php\/wp-json\/wp\/v2\/posts\/3163","targetHints":{"allow":["GET"]}}],"collection":[{"href":"https:\/\/abuelaenlacocina.com\/index.php\/wp-json\/wp\/v2\/posts"}],"about":[{"href":"https:\/\/abuelaenlacocina.com\/index.php\/wp-json\/wp\/v2\/types\/post"}],"author":[{"embeddable":true,"href":"https:\/\/abuelaenlacocina.com\/index.php\/wp-json\/wp\/v2\/users\/3"}],"replies":[{"embeddable":true,"href":"https:\/\/abuelaenlacocina.com\/index.php\/wp-json\/wp\/v2\/comments?post=3163"}],"version-history":[{"count":1,"href":"https:\/\/abuelaenlacocina.com\/index.php\/wp-json\/wp\/v2\/posts\/3163\/revisions"}],"predecessor-version":[{"id":3167,"href":"https:\/\/abuelaenlacocina.com\/index.php\/wp-json\/wp\/v2\/posts\/3163\/revisions\/3167"}],"wp:featuredmedia":[{"embeddable":true,"href":"https:\/\/abuelaenlacocina.com\/index.php\/wp-json\/wp\/v2\/media\/3165"}],"wp:attachment":[{"href":"https:\/\/abuelaenlacocina.com\/index.php\/wp-json\/wp\/v2\/media?parent=3163"}],"wp:term":[{"taxonomy":"category","embeddable":true,"href":"https:\/\/abuelaenlacocina.com\/index.php\/wp-json\/wp\/v2\/categories?post=3163"},{"taxonomy":"post_tag","embeddable":true,"href":"https:\/\/abuelaenlacocina.com\/index.php\/wp-json\/wp\/v2\/tags?post=3163"}],"curies":[{"name":"wp","href":"https:\/\/api.w.org\/{rel}","templated":true}]}}