{"id":3110,"date":"2023-06-22T14:54:50","date_gmt":"2023-06-22T14:54:50","guid":{"rendered":"https:\/\/abuelaenlacocina.com\/?p=3110"},"modified":"2023-06-22T14:54:52","modified_gmt":"2023-06-22T14:54:52","slug":"mi-orquidea-ya-no-florece-es-hora-de-tirarla","status":"publish","type":"post","link":"https:\/\/abuelaenlacocina.com\/index.php\/2023\/06\/22\/mi-orquidea-ya-no-florece-es-hora-de-tirarla\/","title":{"rendered":"Mi orqu\u00eddea ya no florece. \u00bfEs hora de tirarla?"},"content":{"rendered":"\n<p id=\"block-4823c865-3b23-4570-a96c-8608f5381a76\">Las orqu\u00eddeas se encuentran entre las plantas&nbsp;<strong>delicadas y sensibles<\/strong>&nbsp;que requieren muchos cuidados y atenci\u00f3n. \u00bfC\u00f3mo estimularlas para que vuelvan a florecer? Te doy algunos consejos pr\u00e1cticos.<\/p>\n\n\n\n<p id=\"block-f9cd1f98-6d7a-4f99-adac-e53485a67a9f\">Cuando tu orqu\u00eddea floreci\u00f3, fue un momento extraordinario en el que pudiste contemplar la belleza de sus flores durante semanas enteras. Pero ahora ha desaparecido. Tu planta ya no tiene flores y est\u00e1s preocupado. Ante todo, no pienses en tirarla, porque a\u00fan es posible&nbsp;<strong>salvarla con estos pocos consejos<\/strong>.<\/p>\n\n\n\n<h2 class=\"wp-block-heading\" id=\"block-013b54b9-e743-4487-a6ab-4b2ce116e7ef\">\u00bfPor qu\u00e9 ha dejado de florecer su orqu\u00eddea?<\/h2>\n\n\n\n<p id=\"block-bf16c0e9-c31f-454e-bc0f-258206c62511\">Si ha comprado orqu\u00eddeas comercialmente, se venden cuando est\u00e1n en plena floraci\u00f3n. Sin embargo, si su planta deja de florecer de nuevo, puede que falte algo en los cuidados generales que le da. En primer lugar, debe saber que <strong>una orqu\u00eddea necesita luz indirecta, humedad, agua no calc\u00e1rea y abono<\/strong>.<\/p>\n\n\n\n<p id=\"block-62759a04-2683-44ed-b988-7bcc900fd5f5\">Si ya no tiene flores, puede deberse a un ataque de insectos que hay que tratar r\u00e1pidamente. Para ello, compruebe si la planta tiene par\u00e1sitos. F\u00edjese tambi\u00e9n en sus ra\u00edces. Si est\u00e1n blandas y marrones en lugar de firmes y blancas, significa\u00a0<strong>que su orqu\u00eddea no est\u00e1 en plena forma<\/strong>.<\/p>\n\n\n\n<figure class=\"wp-block-image size-full\"><img loading=\"lazy\" decoding=\"async\" width=\"450\" height=\"253\" src=\"https:\/\/abuelaenlacocina.com\/wp-content\/uploads\/2023\/06\/image-24.png\" alt=\"\" class=\"wp-image-3113\" srcset=\"https:\/\/abuelaenlacocina.com\/wp-content\/uploads\/2023\/06\/image-24.png 450w, https:\/\/abuelaenlacocina.com\/wp-content\/uploads\/2023\/06\/image-24-300x169.png 300w\" sizes=\"auto, (max-width: 450px) 100vw, 450px\" \/><\/figure>\n\n\n\n<h2 class=\"wp-block-heading\" id=\"block-8b713930-8db3-4fad-a827-947945ce51bf\">\u00bfQu\u00e9 debo hacer con una orqu\u00eddea que ha dejado de florecer?<\/h2>\n\n\n\n<p id=\"block-2d55c2b7-becb-4802-a4f8-7ad257c0f849\">Las flores de una orqu\u00eddea permanecen coloridas y vivas durante varias semanas. Tras este periodo de floraci\u00f3n, puede ocurrir que&nbsp;<strong>la orqu\u00eddea ya no florezca<\/strong>. Si comprueba que goza de buena salud, a\u00fan puede salvarla para que tenga una nueva floraci\u00f3n muy r\u00e1pidamente. S\u00f3lo tiene que&nbsp;<strong>seguir estos consejos<\/strong>.<\/p>\n\n\n\n<p id=\"block-d2b7e34f-4c11-48a3-a50f-de2128ebc4de\">Despu\u00e9s de la floraci\u00f3n,&nbsp;<strong>retire el tallo marchito<\/strong>&nbsp;para estimular la aparici\u00f3n de nuevas flores.<\/p>\n\n\n\n<p id=\"block-92e4c8f3-6c9f-4fbd-a655-f4cc832e6c06\">A continuaci\u00f3n, coloque la planta en un lugar fresco con una temperatura de 15\u00b0C&nbsp;durante unos 15 d\u00edas. A continuaci\u00f3n, col\u00f3cala en un lugar luminoso alejado de la luz solar directa.<\/p>\n\n\n\n<p id=\"block-4d68795e-3a20-47c0-9e27-ec2d046dd5ae\">Cada dos a\u00f1os,&nbsp;<strong>remoje su planta<\/strong>&nbsp;para mantenerla sana con una nueva tierra para macetas llena de nutrientes.<\/p>\n\n\n\n<p id=\"block-9f53196e-669a-407d-b884-7785596dab0b\">Una vez a la semana,&nbsp;<strong>sumerja la maceta de su planta en un recipiente con agua<\/strong>&nbsp;durante 15 minutos. Escurre la maceta para evitar el estancamiento de agua y espera a que la humedad se evapore por completo antes de regar.<\/p>\n\n\n\n<p id=\"block-e89ae5c1-b54b-4e16-a08f-337d46a0b2fe\">No olvide humedecer las&nbsp;<a href=\"https:\/\/www.mesrecettes.info\/la-methode-des-gouttes-pour-obtenir-de-la-menthe-parfumee-et-pleine-de-feuilles\/\" target=\"_blank\" rel=\"noopener\">hojas<\/a>&nbsp;regularmente para conservar la humedad de la planta.<\/p>\n\n\n\n<p id=\"block-2ad8c803-e7d8-41ce-992d-ba0b6a117bc8\">Abone la tierra con abono&nbsp;<strong>dos veces al mes en verano y una vez al mes durante la temporada de invierno<\/strong>.<\/p>\n","protected":false},"excerpt":{"rendered":"<p>Las orqu\u00eddeas se encuentran entre las plantas&nbsp;delicadas y sensibles&nbsp;que requieren muchos cuidados y atenci\u00f3n. \u00bfC\u00f3mo estimularlas para que vuelvan a florecer? Te doy algunos consejos pr\u00e1cticos. Cuando tu orqu\u00eddea floreci\u00f3, &#8230; <\/p>\n<p class=\"read-more-container\"><a title=\"Mi orqu\u00eddea ya no florece. \u00bfEs hora de tirarla?\" class=\"read-more button\" href=\"https:\/\/abuelaenlacocina.com\/index.php\/2023\/06\/22\/mi-orquidea-ya-no-florece-es-hora-de-tirarla\/#more-3110\" aria-label=\"More on Mi orqu\u00eddea ya no florece. \u00bfEs hora de tirarla?\">Seguir leyendo<\/a><\/p>\n","protected":false},"author":3,"featured_media":3112,"comment_status":"closed","ping_status":"closed","sticky":false,"template":"","format":"standard","meta":{"footnotes":""},"categories":[3],"tags":[],"class_list":["post-3110","post","type-post","status-publish","format-standard","has-post-thumbnail","hentry","category-jardin-y-consejos","generate-columns","tablet-grid-50","mobile-grid-100","grid-parent","grid-50","no-featured-image-padding"],"_links":{"self":[{"href":"https:\/\/abuelaenlacocina.com\/index.php\/wp-json\/wp\/v2\/posts\/3110","targetHints":{"allow":["GET"]}}],"collection":[{"href":"https:\/\/abuelaenlacocina.com\/index.php\/wp-json\/wp\/v2\/posts"}],"about":[{"href":"https:\/\/abuelaenlacocina.com\/index.php\/wp-json\/wp\/v2\/types\/post"}],"author":[{"embeddable":true,"href":"https:\/\/abuelaenlacocina.com\/index.php\/wp-json\/wp\/v2\/users\/3"}],"replies":[{"embeddable":true,"href":"https:\/\/abuelaenlacocina.com\/index.php\/wp-json\/wp\/v2\/comments?post=3110"}],"version-history":[{"count":1,"href":"https:\/\/abuelaenlacocina.com\/index.php\/wp-json\/wp\/v2\/posts\/3110\/revisions"}],"predecessor-version":[{"id":3114,"href":"https:\/\/abuelaenlacocina.com\/index.php\/wp-json\/wp\/v2\/posts\/3110\/revisions\/3114"}],"wp:featuredmedia":[{"embeddable":true,"href":"https:\/\/abuelaenlacocina.com\/index.php\/wp-json\/wp\/v2\/media\/3112"}],"wp:attachment":[{"href":"https:\/\/abuelaenlacocina.com\/index.php\/wp-json\/wp\/v2\/media?parent=3110"}],"wp:term":[{"taxonomy":"category","embeddable":true,"href":"https:\/\/abuelaenlacocina.com\/index.php\/wp-json\/wp\/v2\/categories?post=3110"},{"taxonomy":"post_tag","embeddable":true,"href":"https:\/\/abuelaenlacocina.com\/index.php\/wp-json\/wp\/v2\/tags?post=3110"}],"curies":[{"name":"wp","href":"https:\/\/api.w.org\/{rel}","templated":true}]}}