{"id":29722,"date":"2024-11-05T17:30:03","date_gmt":"2024-11-05T17:30:03","guid":{"rendered":"https:\/\/abuelaenlacocina.com\/?p=29722"},"modified":"2024-11-05T17:30:05","modified_gmt":"2024-11-05T17:30:05","slug":"como-plantar-ruda-con-estos-sencillos-pasos-9","status":"publish","type":"post","link":"https:\/\/abuelaenlacocina.com\/index.php\/2024\/11\/05\/como-plantar-ruda-con-estos-sencillos-pasos-9\/","title":{"rendered":"C\u00f3mo plantar ruda con estos sencillos pasos"},"content":{"rendered":"\n<p>Suelo y riego<\/p>\n\n\n\n<p>\u2022 La ruda se adapta bien a diferentes tipos de suelo, pero prospera mejor en una mezcla que contenga arena para asegurar un buen drenaje.<\/p>\n\n\n\n<p>\u2022 A\u00f1adir materia org\u00e1nica al suelo favorece el crecimiento de la planta y ayuda a mantener la humedad, lo que es esencial para el desarrollo de sus hojas.<\/p>\n\n\n\n<p>\u2022 Si la plantas a pleno sol, riega la ruda unas 3 veces por semana para mantenerla hidratada, pero evita que el suelo est\u00e9 encharcado.<\/p>\n\n\n\n<p>Temperatura y luz<\/p>\n\n\n\n<p>\u2022 La ruda prefiere climas c\u00e1lidos y soleados. Col\u00f3cala en un lugar donde reciba pleno sol para que crezca m\u00e1s fuerte y saludable.<\/p>\n\n\n\n<p>\u2022 Si vives en una zona con inviernos fr\u00edos, es recomendable trasladar la planta al interior durante los meses m\u00e1s fr\u00edos para protegerla de las heladas.<\/p>\n\n\n\n<p>Insectos y plagas<\/p>\n\n\n\n<p>\u2022 Una de las ventajas de cultivar ruda es su capacidad natural para repeler insectos, lo que la convierte en una excelente compa\u00f1era para otras plantas del jard\u00edn. Las hojas de ruda contienen sustancias qu\u00edmicas que ayudan a alejar insectos como la mosca blanca y los \u00e1caros.<\/p>\n\n\n\n<p>Propagaci\u00f3n de la ruda<\/p>\n\n\n\n<p>\u2022 La forma m\u00e1s com\u00fan de propagar la ruda es mediante semillas, pero tambi\u00e9n puedes hacerlo a trav\u00e9s de esquejes para acelerar el proceso. Para esto, corta un esqueje sano y pl\u00e1ntalo en una mezcla de tierra adecuada. En 2 a 3 semanas deber\u00eda enraizar.<\/p>\n\n\n\n<p>\u2022 Es mejor cultivar la ruda en primavera. Cuando las plantas alcanzan unos 20 cm de altura, puedes trasplantarlas al jard\u00edn si lo deseas.<\/p>\n\n\n\n<p><a href=\"https:\/\/web.facebook.com\/photo\/?fbid=122183181632227385&amp;set=a.122104274810227385&amp;__cft__[0]=AZWvbKNa4nO4WnzGp2PuMtOBnrJh_FRhNYjNqe28sjMLGYFKUTDl5Q-CXiXxr3FcBUFWys2ferJ5Qjgw1jIokstX5xPDgYt25awVceop0ArzdPQBLR_rHuNpqXIscrNWQrwq6mm_kKIdNk2Eyzc0jJZCHvk4d04_7Zt-rPnpa5r8mA&amp;__tn__=EH-R\" target=\"_blank\" rel=\"noopener\"><\/a><\/p>\n","protected":false},"excerpt":{"rendered":"<p>Suelo y riego \u2022 La ruda se adapta bien a diferentes tipos de suelo, pero prospera mejor en una mezcla que contenga arena para asegurar un buen drenaje. \u2022 A\u00f1adir &#8230; <\/p>\n<p class=\"read-more-container\"><a title=\"C\u00f3mo plantar ruda con estos sencillos pasos\" class=\"read-more button\" href=\"https:\/\/abuelaenlacocina.com\/index.php\/2024\/11\/05\/como-plantar-ruda-con-estos-sencillos-pasos-9\/#more-29722\" aria-label=\"More on C\u00f3mo plantar ruda con estos sencillos pasos\">Seguir leyendo<\/a><\/p>\n","protected":false},"author":5,"featured_media":29723,"comment_status":"open","ping_status":"open","sticky":false,"template":"","format":"standard","meta":{"footnotes":""},"categories":[3],"tags":[],"class_list":["post-29722","post","type-post","status-publish","format-standard","has-post-thumbnail","hentry","category-jardin-y-consejos","generate-columns","tablet-grid-50","mobile-grid-100","grid-parent","grid-50","no-featured-image-padding"],"_links":{"self":[{"href":"https:\/\/abuelaenlacocina.com\/index.php\/wp-json\/wp\/v2\/posts\/29722","targetHints":{"allow":["GET"]}}],"collection":[{"href":"https:\/\/abuelaenlacocina.com\/index.php\/wp-json\/wp\/v2\/posts"}],"about":[{"href":"https:\/\/abuelaenlacocina.com\/index.php\/wp-json\/wp\/v2\/types\/post"}],"author":[{"embeddable":true,"href":"https:\/\/abuelaenlacocina.com\/index.php\/wp-json\/wp\/v2\/users\/5"}],"replies":[{"embeddable":true,"href":"https:\/\/abuelaenlacocina.com\/index.php\/wp-json\/wp\/v2\/comments?post=29722"}],"version-history":[{"count":1,"href":"https:\/\/abuelaenlacocina.com\/index.php\/wp-json\/wp\/v2\/posts\/29722\/revisions"}],"predecessor-version":[{"id":29724,"href":"https:\/\/abuelaenlacocina.com\/index.php\/wp-json\/wp\/v2\/posts\/29722\/revisions\/29724"}],"wp:featuredmedia":[{"embeddable":true,"href":"https:\/\/abuelaenlacocina.com\/index.php\/wp-json\/wp\/v2\/media\/29723"}],"wp:attachment":[{"href":"https:\/\/abuelaenlacocina.com\/index.php\/wp-json\/wp\/v2\/media?parent=29722"}],"wp:term":[{"taxonomy":"category","embeddable":true,"href":"https:\/\/abuelaenlacocina.com\/index.php\/wp-json\/wp\/v2\/categories?post=29722"},{"taxonomy":"post_tag","embeddable":true,"href":"https:\/\/abuelaenlacocina.com\/index.php\/wp-json\/wp\/v2\/tags?post=29722"}],"curies":[{"name":"wp","href":"https:\/\/api.w.org\/{rel}","templated":true}]}}