{"id":29707,"date":"2024-11-05T17:11:15","date_gmt":"2024-11-05T17:11:15","guid":{"rendered":"https:\/\/abuelaenlacocina.com\/?p=29707"},"modified":"2024-11-05T17:11:16","modified_gmt":"2024-11-05T17:11:16","slug":"como-cultivar-y-hacer-que-el-amarilis-vuelva-a-florar-7","status":"publish","type":"post","link":"https:\/\/abuelaenlacocina.com\/index.php\/2024\/11\/05\/como-cultivar-y-hacer-que-el-amarilis-vuelva-a-florar-7\/","title":{"rendered":"C\u00f3mo Cultivar y Hacer que el Amarilis Vuelva a Florar"},"content":{"rendered":"\n<p>Materiales y cuidados del amaryllis:<\/p>\n\n\n\n<p>1. Suelo y riego: Usa suelo de drenaje r\u00e1pido y peso medio. A\u00f1ade arena si es necesario para sostener las plantas maduras. Riega solo cuando el suelo est\u00e9 seco. Coloca la planta en un \u00e1rea soleada y bien drenada.<\/p>\n\n\n\n<p>2. Preparaci\u00f3n del suelo: El amaryllis prefiere luz solar directa o parcial y suelo bien drenado, con pH entre 6.0 y 6.8. Si el suelo es arenoso, agrega compost descompuesto.<\/p>\n\n\n\n<p>3. Selecci\u00f3n de bulbos: Los bulbos grandes florecen antes. Los peque\u00f1os tardan m\u00e1s. Se pueden cultivar tanto en interiores como en el jard\u00edn.<\/p>\n\n\n\n<p>4. \u00c9poca de floraci\u00f3n: El amaryllis florece entre marzo y junio. Mant\u00e9n la primera capa de 5 cm de suelo h\u00fameda, sin encharcar.<\/p>\n\n\n\n<p>5. Fertilizaci\u00f3n: Aplica fertilizante org\u00e1nico de liberaci\u00f3n controlada en oto\u00f1o, tras la floraci\u00f3n y antes del crecimiento de las hojas.<\/p>\n\n\n\n<p>Poda y cuidados adicionales:<\/p>\n\n\n\n<p>1. Poda: Tras la floraci\u00f3n, corta las cabezas y tallos. Retira hojas muertas a finales de primavera.<\/p>\n\n\n\n<p>2. Plagas y enfermedades: Las babosas y caracoles son las principales plagas. Usa pellets de hierro para prevenir da\u00f1os. En condiciones h\u00famedas, usa fungicida de cobre para evitar quemaduras en las hojas.<\/p>\n\n\n\n<p>Propagaci\u00f3n y rebrote de bulbos:<\/p>\n\n\n\n<p>1. Propagaci\u00f3n: Divide los bulbos a finales de primavera o principios de verano cuando las hojas se sequen por completo. Repl\u00e1ntalos de inmediato.<\/p>\n\n\n\n<p>2. Refloraci\u00f3n: Deja que los bulbos entren en dormancia durante 10-12 semanas en un lugar fresco y seco. Despu\u00e9s de la dormancia, replanta en suelo fresco y col\u00f3calo en un lugar soleado.<\/p>\n\n\n\n<p><a href=\"https:\/\/web.facebook.com\/photo\/?fbid=122185609214227385&amp;set=a.122104274810227385&amp;__cft__[0]=AZUGUDpiDfJ_MlQ14IpzLr1iFPUwPp4Lblh6p7A3UfdcTfKGWOJB6aap9vda64jYC41w7SxZqLxiRr0U4susGU_nErYrPSWKGycN4mmyGV2BuMLNGIIrYLFMLkB-lw1me9wHWo7P6BtfSfBt2M1BhLC4luydJ_YYclFoaSNVYyXIsw&amp;__tn__=EH-R\" target=\"_blank\" rel=\"noopener\"><\/a><\/p>\n\n\n\n<figure class=\"wp-block-image\"><a href=\"https:\/\/web.facebook.com\/photo\/?fbid=122185609214227385&amp;set=a.122104274810227385&amp;__cft__[0]=AZUGUDpiDfJ_MlQ14IpzLr1iFPUwPp4Lblh6p7A3UfdcTfKGWOJB6aap9vda64jYC41w7SxZqLxiRr0U4susGU_nErYrPSWKGycN4mmyGV2BuMLNGIIrYLFMLkB-lw1me9wHWo7P6BtfSfBt2M1BhLC4luydJ_YYclFoaSNVYyXIsw&amp;__tn__=EH-R\" target=\"_blank\" rel=\"noopener\"><img decoding=\"async\" src=\"https:\/\/scontent.fczl1-2.fna.fbcdn.net\/v\/t39.30808-6\/464411903_122185609220227385_8643948957305822886_n.jpg?stp=dst-jpg_s600x600&amp;_nc_cat=101&amp;ccb=1-7&amp;_nc_sid=127cfc&amp;_nc_eui2=AeFbzhl7fnoCJTCCmIbQfhHSL5uRMND9u68vm5Ew0P27ryIErP6ZJ2BO9Z-VqS1fjcLuI91wXniNI16ybmndk07_&amp;_nc_ohc=fxK_9AagwM8Q7kNvgHeeKEs&amp;_nc_zt=23&amp;_nc_ht=scontent.fczl1-2.fna&amp;_nc_gid=ASLFuEDp5ceHQP76LD64Lzi&amp;oh=00_AYCp5YrQ5iRTLAZlE8MXWkBrMgAPkWnsUqZt-weSr0r_aQ&amp;oe=67303D97\" alt=\"Aucune description de photo disponible.\" \/><\/a><\/figure>\n\n\n\n<p>Voir les statistiques et les publicit\u00e9s<\/p>\n\n\n\n<p><a href=\"https:\/\/web.facebook.com\/ad_center\/create\/boostpost\/?entry_point=www_profile_plus_permalink&amp;page_id=227498300453720&amp;target_id=122185609256227385&amp;__cft__[0]=AZUGUDpiDfJ_MlQ14IpzLr1iFPUwPp4Lblh6p7A3UfdcTfKGWOJB6aap9vda64jYC41w7SxZqLxiRr0U4susGU_nErYrPSWKGycN4mmyGV2BuMLNGIIrYLFMLkB-lw1me9wHWo7P6BtfSfBt2M1BhLC4luydJ_YYclFoaSNVYyXIsw&amp;__tn__=*W-R\" target=\"_blank\" rel=\"noopener\"><\/a><\/p>\n\n\n\n<p><a href=\"https:\/\/web.facebook.com\/ad_center\/create\/boostpost\/?entry_point=www_profile_plus_permalink&amp;page_id=227498300453720&amp;target_id=122185609256227385&amp;__cft__[0]=AZUGUDpiDfJ_MlQ14IpzLr1iFPUwPp4Lblh6p7A3UfdcTfKGWOJB6aap9vda64jYC41w7SxZqLxiRr0U4susGU_nErYrPSWKGycN4mmyGV2BuMLNGIIrYLFMLkB-lw1me9wHWo7P6BtfSfBt2M1BhLC4luydJ_YYclFoaSNVYyXIsw&amp;__tn__=*W-R\" target=\"_blank\" rel=\"noopener\">Booster la publication<\/a><\/p>\n\n\n\n\n\n\n\n<p>Toutes les r\u00e9actions&nbsp;:<\/p>\n\n\n\n<p>6,5&nbsp;K6,5&nbsp;K<\/p>\n","protected":false},"excerpt":{"rendered":"<p>Materiales y cuidados del amaryllis: 1. Suelo y riego: Usa suelo de drenaje r\u00e1pido y peso medio. A\u00f1ade arena si es necesario para sostener las plantas maduras. Riega solo cuando &#8230; <\/p>\n<p class=\"read-more-container\"><a title=\"C\u00f3mo Cultivar y Hacer que el Amarilis Vuelva a Florar\" class=\"read-more button\" href=\"https:\/\/abuelaenlacocina.com\/index.php\/2024\/11\/05\/como-cultivar-y-hacer-que-el-amarilis-vuelva-a-florar-7\/#more-29707\" aria-label=\"More on C\u00f3mo Cultivar y Hacer que el Amarilis Vuelva a Florar\">Seguir leyendo<\/a><\/p>\n","protected":false},"author":5,"featured_media":29708,"comment_status":"open","ping_status":"open","sticky":false,"template":"","format":"standard","meta":{"footnotes":""},"categories":[3],"tags":[],"class_list":["post-29707","post","type-post","status-publish","format-standard","has-post-thumbnail","hentry","category-jardin-y-consejos","generate-columns","tablet-grid-50","mobile-grid-100","grid-parent","grid-50","no-featured-image-padding"],"_links":{"self":[{"href":"https:\/\/abuelaenlacocina.com\/index.php\/wp-json\/wp\/v2\/posts\/29707","targetHints":{"allow":["GET"]}}],"collection":[{"href":"https:\/\/abuelaenlacocina.com\/index.php\/wp-json\/wp\/v2\/posts"}],"about":[{"href":"https:\/\/abuelaenlacocina.com\/index.php\/wp-json\/wp\/v2\/types\/post"}],"author":[{"embeddable":true,"href":"https:\/\/abuelaenlacocina.com\/index.php\/wp-json\/wp\/v2\/users\/5"}],"replies":[{"embeddable":true,"href":"https:\/\/abuelaenlacocina.com\/index.php\/wp-json\/wp\/v2\/comments?post=29707"}],"version-history":[{"count":1,"href":"https:\/\/abuelaenlacocina.com\/index.php\/wp-json\/wp\/v2\/posts\/29707\/revisions"}],"predecessor-version":[{"id":29709,"href":"https:\/\/abuelaenlacocina.com\/index.php\/wp-json\/wp\/v2\/posts\/29707\/revisions\/29709"}],"wp:featuredmedia":[{"embeddable":true,"href":"https:\/\/abuelaenlacocina.com\/index.php\/wp-json\/wp\/v2\/media\/29708"}],"wp:attachment":[{"href":"https:\/\/abuelaenlacocina.com\/index.php\/wp-json\/wp\/v2\/media?parent=29707"}],"wp:term":[{"taxonomy":"category","embeddable":true,"href":"https:\/\/abuelaenlacocina.com\/index.php\/wp-json\/wp\/v2\/categories?post=29707"},{"taxonomy":"post_tag","embeddable":true,"href":"https:\/\/abuelaenlacocina.com\/index.php\/wp-json\/wp\/v2\/tags?post=29707"}],"curies":[{"name":"wp","href":"https:\/\/api.w.org\/{rel}","templated":true}]}}