{"id":29289,"date":"2024-10-14T17:32:04","date_gmt":"2024-10-14T17:32:04","guid":{"rendered":"https:\/\/abuelaenlacocina.com\/?p=29289"},"modified":"2024-10-14T17:32:06","modified_gmt":"2024-10-14T17:32:06","slug":"cometes-alguno-de-estos-errores-al-invernar-los-geranios-en-primavera-probablemente-no-los-reviviras","status":"publish","type":"post","link":"https:\/\/abuelaenlacocina.com\/index.php\/2024\/10\/14\/cometes-alguno-de-estos-errores-al-invernar-los-geranios-en-primavera-probablemente-no-los-reviviras\/","title":{"rendered":"Cometes alguno de estos errores al invernar los geranios? En primavera probablemente no los revivir\u00e1s."},"content":{"rendered":"\n<p>Las macetas llenas de hermosos geranios adornaron nuestros alf\u00e9izares durante todo el verano y oto\u00f1o. Sin embargo, con la llegada del invierno, ha llegado el momento de invernar los geranios para que puedan seguir alegr\u00e1ndonos en los pr\u00f3ximos a\u00f1os.<\/p>\n\n\n\n<p>\u00a1No hay tiempo que perder, incluso una ligera helada puede da\u00f1arlos!<\/p>\n\n\n\n<p>El geranio, tambi\u00e9n conocido como pelargonio, es una planta perenne que ha ganado mucha popularidad, decorando tanto alf\u00e9izares como terrazas. No solo son hermosos y tienen un aroma maravilloso, sino que su cuidado no es particularmente complicado, por lo que hasta un principiante puede hacerse cargo de ellos sin problemas.<\/p>\n\n\n\n<p>Adem\u00e1s, los geranios se pueden multiplicar f\u00e1cilmente mediante esquejes, lo que nos permite aumentar nuestra colecci\u00f3n de manera continua. Pero cuando el invierno se acerca, es necesario trasladar las macetas a un lugar adecuado para que las plantas sigan prosperando. \u00bfC\u00f3mo hacerlo?<\/p>\n\n\n\n<p>\u00bfInvernar o no? Podr\u00edamos pensar que es mejor comprar nuevas pl\u00e1ntulas en primavera en lugar de dedicar tiempo y esfuerzo a invernar los geranios. Esta es, por supuesto, una opci\u00f3n, y a veces la m\u00e1s sencilla.<\/p>\n\n\n\n<p>Sin embargo, de este modo no solo estamos desechando los geranios y desperdiciando dinero, sino que las nuevas pl\u00e1ntulas del comercio no florecer\u00e1n tan abundantemente como las plantas perennes. As\u00ed que merece la pena considerarlo.<\/p>\n\n\n\n<p>La preparaci\u00f3n para el invierno comienza en septiembre.<\/p>\n\n\n\n<p>A finales de septiembre, deber\u00edamos comenzar a prepararnos para la invernada. \u00bfC\u00f3mo? En ese momento, debemos regar los geranios con menos frecuencia que lo que hemos estado acostumbrados. Y a medida que la temperatura disminuya, deber\u00edamos reducir a\u00fan m\u00e1s el riego.<\/p>\n\n\n\n<p>Sin embargo, no debemos dejar de regarlos por completo, ya que las plantas podr\u00edan secarse. Tambi\u00e9n es importante dejar de fertilizar al final de septiembre.<\/p>\n\n\n\n<p>\u00bfCu\u00e1ndo es el momento adecuado? Los geranios est\u00e1n acostumbrados a disfrutar del sol en los alf\u00e9izares incluso en los c\u00e1lidos d\u00edas de verano, pero las heladas pueden da\u00f1arlos gravemente. Por lo tanto, es esencial invernarlos antes de que las temperaturas se acerquen a cero.<\/p>\n\n\n\n<p>Cada a\u00f1o es diferente, por lo que es importante controlar el clima regularmente. Un peque\u00f1o descuido podr\u00eda hacer que los geranios se congelen, se marchiten y no haya manera de recuperarlos.<\/p>\n\n\n\n<p>Elimina las flores y hojas secas.<\/p>\n\n\n\n<p>Cuando llegue el momento de invernar, toma unas tijeras. Es importante eliminar todas las flores y hojas secas para reducir el riesgo de moho. Tambi\u00e9n debemos podar las plantas adecuadamente y retirar los brotes nuevos, de modo que los geranios no se agoten y puedan pasar el invierno en reposo vegetativo.<\/p>\n\n\n\n<p>Suficiente luz y temperatura adecuada. Ahora, pasemos al proceso de invernada en s\u00ed. \u00bfNecesitamos equipo especial para ello? No, basta con encontrar un espacio que cumpla con las condiciones necesarias.<\/p>\n\n\n\n<p>Esas condiciones son b\u00e1sicamente dos: suficiente luz y una temperatura que oscile entre los 6 y 10 \u00b0C. Si la temperatura es m\u00e1s alta, los geranios comenzar\u00edan a crecer y florecer, lo cual no es lo que queremos durante la invernada. Un pasillo bien iluminado podr\u00eda ser un lugar adecuado.<\/p>\n\n\n\n<p>Si seguimos todas estas reglas, en mayo podremos sacar los geranios nuevamente al exterior y florecer\u00e1n a\u00fan m\u00e1s hermosos que el a\u00f1o anterior. \u00bfQu\u00e9 te parece? \u00bfTe animas a hacerlo o prefieres comprar nuevas pl\u00e1ntulas?<\/p>\n","protected":false},"excerpt":{"rendered":"<p>Las macetas llenas de hermosos geranios adornaron nuestros alf\u00e9izares durante todo el verano y oto\u00f1o. Sin embargo, con la llegada del invierno, ha llegado el momento de invernar los geranios &#8230; <\/p>\n<p class=\"read-more-container\"><a title=\"Cometes alguno de estos errores al invernar los geranios? En primavera probablemente no los revivir\u00e1s.\" class=\"read-more button\" href=\"https:\/\/abuelaenlacocina.com\/index.php\/2024\/10\/14\/cometes-alguno-de-estos-errores-al-invernar-los-geranios-en-primavera-probablemente-no-los-reviviras\/#more-29289\" aria-label=\"More on Cometes alguno de estos errores al invernar los geranios? En primavera probablemente no los revivir\u00e1s.\">Seguir leyendo<\/a><\/p>\n","protected":false},"author":5,"featured_media":29290,"comment_status":"open","ping_status":"open","sticky":false,"template":"","format":"standard","meta":{"footnotes":""},"categories":[3],"tags":[],"class_list":["post-29289","post","type-post","status-publish","format-standard","has-post-thumbnail","hentry","category-jardin-y-consejos","generate-columns","tablet-grid-50","mobile-grid-100","grid-parent","grid-50","no-featured-image-padding"],"_links":{"self":[{"href":"https:\/\/abuelaenlacocina.com\/index.php\/wp-json\/wp\/v2\/posts\/29289","targetHints":{"allow":["GET"]}}],"collection":[{"href":"https:\/\/abuelaenlacocina.com\/index.php\/wp-json\/wp\/v2\/posts"}],"about":[{"href":"https:\/\/abuelaenlacocina.com\/index.php\/wp-json\/wp\/v2\/types\/post"}],"author":[{"embeddable":true,"href":"https:\/\/abuelaenlacocina.com\/index.php\/wp-json\/wp\/v2\/users\/5"}],"replies":[{"embeddable":true,"href":"https:\/\/abuelaenlacocina.com\/index.php\/wp-json\/wp\/v2\/comments?post=29289"}],"version-history":[{"count":1,"href":"https:\/\/abuelaenlacocina.com\/index.php\/wp-json\/wp\/v2\/posts\/29289\/revisions"}],"predecessor-version":[{"id":29291,"href":"https:\/\/abuelaenlacocina.com\/index.php\/wp-json\/wp\/v2\/posts\/29289\/revisions\/29291"}],"wp:featuredmedia":[{"embeddable":true,"href":"https:\/\/abuelaenlacocina.com\/index.php\/wp-json\/wp\/v2\/media\/29290"}],"wp:attachment":[{"href":"https:\/\/abuelaenlacocina.com\/index.php\/wp-json\/wp\/v2\/media?parent=29289"}],"wp:term":[{"taxonomy":"category","embeddable":true,"href":"https:\/\/abuelaenlacocina.com\/index.php\/wp-json\/wp\/v2\/categories?post=29289"},{"taxonomy":"post_tag","embeddable":true,"href":"https:\/\/abuelaenlacocina.com\/index.php\/wp-json\/wp\/v2\/tags?post=29289"}],"curies":[{"name":"wp","href":"https:\/\/api.w.org\/{rel}","templated":true}]}}