{"id":27564,"date":"2024-08-31T15:57:53","date_gmt":"2024-08-31T15:57:53","guid":{"rendered":"https:\/\/abuelaenlacocina.com\/?p=27564"},"modified":"2024-08-31T15:57:54","modified_gmt":"2024-08-31T15:57:54","slug":"planta-estas-hermosas-flores-ahora-mismo-no-te-arrepentiras","status":"publish","type":"post","link":"https:\/\/abuelaenlacocina.com\/index.php\/2024\/08\/31\/planta-estas-hermosas-flores-ahora-mismo-no-te-arrepentiras\/","title":{"rendered":"Planta estas hermosas flores ahora mismo. No te arrepentir\u00e1s."},"content":{"rendered":"\n<p>Finales de agosto y principios de septiembre son momentos muy activos en el jard\u00edn. Aunque es bien sabido que el inicio del oto\u00f1o es la \u00e9poca para la cosecha y para preparar el jard\u00edn para el invierno, tambi\u00e9n es el momento perfecto para plantar muchas nuevas flores. <strong>Qu\u00e9 flores se pueden sembrar a principios del oto\u00f1o?<\/strong> Para algunas especies, este es el \u00faltimo momento.<\/p>\n\n\n\n<p>No se deben posponer las tareas de jardiner\u00eda en oto\u00f1o. Seg\u00fan el calendario de jardiner\u00eda, el final de este mes y el principio del siguiente son los mejores momentos para cuidar ciertas plantas.<\/p>\n\n\n\n<p>Desafortunadamente, en dos semanas podr\u00eda ser demasiado tarde para muchas de ellas, y si te demoras, tu jard\u00edn no lucir\u00e1 tan espectacular. \u00bfQu\u00e9 flores se pueden sembrar y plantar a finales de agosto y principios de septiembre?<\/p>\n\n\n\n<p>Si quieres que estas flores florezcan en oto\u00f1o, debes sembrarlas en agosto. Por ejemplo, si sue\u00f1as con un jard\u00edn oto\u00f1al hermoso, es mejor que act\u00faes de inmediato. Si lo pospones, corres el riesgo de que no se establezcan y no florezcan en unas semanas.<\/p>\n\n\n\n<p>No retrases demasiado la siembra de flores como el corona de rey, hibisco, arbusto pintor, anturios o narcisos. Tambi\u00e9n puedes plantarlos en el suelo a principios de septiembre, pero cuanto antes lo hagas, mejor.<\/p>\n\n\n\n<p><strong>Qu\u00e9 flores deber\u00edamos plantar en septiembre?<\/strong> Estas plantas pueden esperar un poco m\u00e1s. Las siguientes plantas se recomiendan para plantar en septiembre: pensamientos, acebo, campanillas azules, dedaleras o no me olvides. Si te gustan las margaritas, tambi\u00e9n debes considerar plantarlas.<\/p>\n\n\n\n<p>Los jacintos y los s\u00edmbolos del oto\u00f1o, como el brezo, probablemente no necesiten menci\u00f3n. Sin embargo, para un crecimiento saludable, el brezo necesita un suelo bastante \u00e1cido. Por otro lado, se recomienda plantar el pasto enano, murci\u00e9lago y la calabaza de oto\u00f1o a principios de oto\u00f1o.<\/p>\n","protected":false},"excerpt":{"rendered":"<p>Finales de agosto y principios de septiembre son momentos muy activos en el jard\u00edn. Aunque es bien sabido que el inicio del oto\u00f1o es la \u00e9poca para la cosecha y &#8230; <\/p>\n<p class=\"read-more-container\"><a title=\"Planta estas hermosas flores ahora mismo. No te arrepentir\u00e1s.\" class=\"read-more button\" href=\"https:\/\/abuelaenlacocina.com\/index.php\/2024\/08\/31\/planta-estas-hermosas-flores-ahora-mismo-no-te-arrepentiras\/#more-27564\" aria-label=\"More on Planta estas hermosas flores ahora mismo. No te arrepentir\u00e1s.\">Seguir leyendo<\/a><\/p>\n","protected":false},"author":5,"featured_media":27565,"comment_status":"open","ping_status":"open","sticky":false,"template":"","format":"standard","meta":{"footnotes":""},"categories":[3],"tags":[],"class_list":["post-27564","post","type-post","status-publish","format-standard","has-post-thumbnail","hentry","category-jardin-y-consejos","generate-columns","tablet-grid-50","mobile-grid-100","grid-parent","grid-50","no-featured-image-padding"],"_links":{"self":[{"href":"https:\/\/abuelaenlacocina.com\/index.php\/wp-json\/wp\/v2\/posts\/27564","targetHints":{"allow":["GET"]}}],"collection":[{"href":"https:\/\/abuelaenlacocina.com\/index.php\/wp-json\/wp\/v2\/posts"}],"about":[{"href":"https:\/\/abuelaenlacocina.com\/index.php\/wp-json\/wp\/v2\/types\/post"}],"author":[{"embeddable":true,"href":"https:\/\/abuelaenlacocina.com\/index.php\/wp-json\/wp\/v2\/users\/5"}],"replies":[{"embeddable":true,"href":"https:\/\/abuelaenlacocina.com\/index.php\/wp-json\/wp\/v2\/comments?post=27564"}],"version-history":[{"count":1,"href":"https:\/\/abuelaenlacocina.com\/index.php\/wp-json\/wp\/v2\/posts\/27564\/revisions"}],"predecessor-version":[{"id":27566,"href":"https:\/\/abuelaenlacocina.com\/index.php\/wp-json\/wp\/v2\/posts\/27564\/revisions\/27566"}],"wp:featuredmedia":[{"embeddable":true,"href":"https:\/\/abuelaenlacocina.com\/index.php\/wp-json\/wp\/v2\/media\/27565"}],"wp:attachment":[{"href":"https:\/\/abuelaenlacocina.com\/index.php\/wp-json\/wp\/v2\/media?parent=27564"}],"wp:term":[{"taxonomy":"category","embeddable":true,"href":"https:\/\/abuelaenlacocina.com\/index.php\/wp-json\/wp\/v2\/categories?post=27564"},{"taxonomy":"post_tag","embeddable":true,"href":"https:\/\/abuelaenlacocina.com\/index.php\/wp-json\/wp\/v2\/tags?post=27564"}],"curies":[{"name":"wp","href":"https:\/\/api.w.org\/{rel}","templated":true}]}}