{"id":27310,"date":"2024-08-28T13:34:09","date_gmt":"2024-08-28T13:34:09","guid":{"rendered":"https:\/\/abuelaenlacocina.com\/?p=27310"},"modified":"2024-08-28T13:34:10","modified_gmt":"2024-08-28T13:34:10","slug":"coloque-una-caja-en-el-jardin-y-atrajo-caracoles-de-toda-la-zona-incluso-ayude-a-los-vecinos","status":"publish","type":"post","link":"https:\/\/abuelaenlacocina.com\/index.php\/2024\/08\/28\/coloque-una-caja-en-el-jardin-y-atrajo-caracoles-de-toda-la-zona-incluso-ayude-a-los-vecinos\/","title":{"rendered":"Coloqu\u00e9 una caja en el jard\u00edn y atrajo caracoles de toda la zona. Incluso ayud\u00e9 a los vecinos"},"content":{"rendered":"\n<p><strong>C\u00f3mo deshacerse de los caracoles? Opta por m\u00e9todos sencillos y tradicionales que ya utilizaban nuestras abuelas. Solo necesitas verter un poco de l\u00edquido en un recipiente y todos los caracoles del vecindario se acercar\u00e1n. \u00bfC\u00f3mo funciona?<\/strong><\/p>\n\n\n\n<p>Los caracoles y babosas en el jard\u00edn pueden ser una pesadilla para muchos. Causan da\u00f1os significativos al alimentarse de nuestras plantas favoritas, provocando que se marchiten y no podamos disfrutarlas por mucho tiempo. Algunos recurren a productos comerciales con ingredientes artificiales para combatirlos, pero yo y otros usuarios de internet tenemos un m\u00e9todo alternativo. Con un truco casero, puedes deshacerte de todos los caracoles.<\/p>\n\n\n\n<p><strong>C\u00f3mo eliminar los caracoles de una vez por todas? No olvides cuidar tu jard\u00edn regularmente.<\/strong><\/p>\n\n\n\n<p>En mi \u00e1rea, los caracoles son un gran problema, especialmente despu\u00e9s de las lluvias. Parece que hay infinitos, y los peores son los que no tienen concha. Mi abuela una vez me aconsej\u00f3 que cuidara el jard\u00edn regularmente para reducir la probabilidad de plagas.<\/p>\n\n\n\n<p>Por eso, corto el c\u00e9sped con frecuencia, ya que la hierba alta puede servir de refugio para ellos. Tambi\u00e9n elimino las malas hierbas y planto algunas especies de plantas que los caracoles no toleran, como ortigas, or\u00e9gano y lavanda. Aunque en ocasiones me tent\u00f3 usar productos m\u00e1s fuertes antes de comenzar con estos m\u00e9todos &#8220;m\u00e1s suaves&#8221;, este enfoque me ayud\u00f3 a resolver el problema r\u00e1pidamente.<\/p>\n\n\n\n<p><strong>C\u00f3mo erradicar los caracoles del jard\u00edn? Un truco sencillo para atrapar todas las plagas<\/strong><\/p>\n\n\n\n<p>Mi abuela me ense\u00f1\u00f3 este truco para eliminar caracoles del jard\u00edn, y otros tambi\u00e9n lo utilizan. Consiste en verter cerveza en un recipiente y colocarlo en un punto central del jard\u00edn. Los caracoles, atra\u00eddos por el aroma, &#8220;se deslizar\u00e1n&#8221; hacia el l\u00edquido y simplemente se ahogar\u00e1n en \u00e9l. Puedes ver im\u00e1genes de c\u00f3mo funciona exactamente en Instagram en @slugs_sipping.<\/p>\n","protected":false},"excerpt":{"rendered":"<p>C\u00f3mo deshacerse de los caracoles? Opta por m\u00e9todos sencillos y tradicionales que ya utilizaban nuestras abuelas. Solo necesitas verter un poco de l\u00edquido en un recipiente y todos los caracoles &#8230; <\/p>\n<p class=\"read-more-container\"><a title=\"Coloqu\u00e9 una caja en el jard\u00edn y atrajo caracoles de toda la zona. Incluso ayud\u00e9 a los vecinos\" class=\"read-more button\" href=\"https:\/\/abuelaenlacocina.com\/index.php\/2024\/08\/28\/coloque-una-caja-en-el-jardin-y-atrajo-caracoles-de-toda-la-zona-incluso-ayude-a-los-vecinos\/#more-27310\" aria-label=\"More on Coloqu\u00e9 una caja en el jard\u00edn y atrajo caracoles de toda la zona. Incluso ayud\u00e9 a los vecinos\">Seguir leyendo<\/a><\/p>\n","protected":false},"author":5,"featured_media":27311,"comment_status":"open","ping_status":"open","sticky":false,"template":"","format":"standard","meta":{"footnotes":""},"categories":[3],"tags":[],"class_list":["post-27310","post","type-post","status-publish","format-standard","has-post-thumbnail","hentry","category-jardin-y-consejos","generate-columns","tablet-grid-50","mobile-grid-100","grid-parent","grid-50","no-featured-image-padding"],"_links":{"self":[{"href":"https:\/\/abuelaenlacocina.com\/index.php\/wp-json\/wp\/v2\/posts\/27310","targetHints":{"allow":["GET"]}}],"collection":[{"href":"https:\/\/abuelaenlacocina.com\/index.php\/wp-json\/wp\/v2\/posts"}],"about":[{"href":"https:\/\/abuelaenlacocina.com\/index.php\/wp-json\/wp\/v2\/types\/post"}],"author":[{"embeddable":true,"href":"https:\/\/abuelaenlacocina.com\/index.php\/wp-json\/wp\/v2\/users\/5"}],"replies":[{"embeddable":true,"href":"https:\/\/abuelaenlacocina.com\/index.php\/wp-json\/wp\/v2\/comments?post=27310"}],"version-history":[{"count":1,"href":"https:\/\/abuelaenlacocina.com\/index.php\/wp-json\/wp\/v2\/posts\/27310\/revisions"}],"predecessor-version":[{"id":27312,"href":"https:\/\/abuelaenlacocina.com\/index.php\/wp-json\/wp\/v2\/posts\/27310\/revisions\/27312"}],"wp:featuredmedia":[{"embeddable":true,"href":"https:\/\/abuelaenlacocina.com\/index.php\/wp-json\/wp\/v2\/media\/27311"}],"wp:attachment":[{"href":"https:\/\/abuelaenlacocina.com\/index.php\/wp-json\/wp\/v2\/media?parent=27310"}],"wp:term":[{"taxonomy":"category","embeddable":true,"href":"https:\/\/abuelaenlacocina.com\/index.php\/wp-json\/wp\/v2\/categories?post=27310"},{"taxonomy":"post_tag","embeddable":true,"href":"https:\/\/abuelaenlacocina.com\/index.php\/wp-json\/wp\/v2\/tags?post=27310"}],"curies":[{"name":"wp","href":"https:\/\/api.w.org\/{rel}","templated":true}]}}