{"id":24718,"date":"2024-07-16T14:50:46","date_gmt":"2024-07-16T14:50:46","guid":{"rendered":"https:\/\/abuelaenlacocina.com\/?p=24718"},"modified":"2024-07-16T14:50:48","modified_gmt":"2024-07-16T14:50:48","slug":"como-hacer-un-mini-jardin-de-suculentas-para-una-maceta-portatil","status":"publish","type":"post","link":"https:\/\/abuelaenlacocina.com\/index.php\/2024\/07\/16\/como-hacer-un-mini-jardin-de-suculentas-para-una-maceta-portatil\/","title":{"rendered":"C\u00f3mo hacer un mini jard\u00edn de suculentas para una maceta port\u00e1til"},"content":{"rendered":"\n<p>Puedes disfrutar de tu propio jard\u00edn de suculentas independientemente del poco espacio que tengas. He aqu\u00ed c\u00f3mo crear un mini jard\u00edn de suculentas en una maceta.<\/p>\n\n\n\n<p>Las suculentas son conocidas por sus vibrantes colores y delicadas texturas. Utiliza estas plantas resistentes a la sequ\u00eda para crear un jard\u00edn en miniatura que imite un paisaje des\u00e9rtico de tama\u00f1o natural. Este jard\u00edn de suculentas es perfecto para un centro de mesa al aire libre. Hemos utilizado unas cuantas rocas, docenas de suculentas y cubiertas con diversas texturas y colores para crear este luminoso jard\u00edn en macetas. Adem\u00e1s, como esta decoraci\u00f3n se basa en plantas suculentas, \u00a1es muy f\u00e1cil de cuidar!<\/p>\n\n\n\n<h2 class=\"wp-block-heading\"><strong>Materiales necesarios<\/strong><\/h2>\n\n\n\n<ul class=\"wp-block-list\">\n<li>Maceta de 45 cm de di\u00e1metro y 20 cm de profundidad<\/li>\n\n\n\n<li>Sustrato para cactus, bolsa peque\u00f1a<\/li>\n\n\n\n<li>Cinco piedras de canto rodado del tama\u00f1o de un pu\u00f1o<\/li>\n\n\n\n<li>Euphorbia milii enana u otra suculenta con flores<\/li>\n\n\n\n<li>25 esquejes de suculentas variadas<\/li>\n\n\n\n<li>Roca de lava negra triturada<\/li>\n\n\n\n<li>Piedra p\u00f3mez blanca (para colocar debajo del vidrio azul)<\/li>\n\n\n\n<li>Vidrio azul claro (opcional)<\/li>\n<\/ul>\n\n\n\n<h2 class=\"wp-block-heading\"><strong>Paso 1: Preparar la maceta<\/strong><\/h2>\n\n\n\n<p>Llena la maceta casi hasta arriba con tierra para cactus, ya que proporciona el drenaje que necesitan las suculentas. Puedes encontrar una mezcla para cactus en cualquier vivero o centro de jardiner\u00eda.<\/p>\n\n\n\n<h2 class=\"wp-block-heading\"><strong>Paso 2: Colocar las rocas<\/strong><\/h2>\n\n\n\n<p>Coloca un n\u00famero impar (tres o cinco) de rocas del tama\u00f1o de un pu\u00f1o en la superficie de la tierra. Col\u00f3calas cerca unas de otras y descentradas para simular un terreno natural.<\/p>\n\n\n\n<h2 class=\"wp-block-heading\"><strong>Paso 3: Empezar a plantar<\/strong><\/h2>\n\n\n\n<p>A\u00f1ade una planta alta, tambi\u00e9n descentrada, en el jard\u00edn contenedor. Recomendamos un cultivar enano de\u00a0Coronas de espinas (Euphorbia mili), pero hay muchas otras opciones que puedes probar.<\/p>\n\n\n\n<h2 class=\"wp-block-heading\"><strong>Paso 4: Llenar la maceta<\/strong><\/h2>\n\n\n\n<p>Coloca peque\u00f1as suculentas enraizadas y esquejes para que parezca que han crecido entre las rocas. Var\u00eda los colores y las texturas de las plantas y col\u00f3calas de forma que no se vea la tierra.<\/p>\n\n\n\n<figure class=\"wp-block-image size-full\"><img loading=\"lazy\" decoding=\"async\" width=\"522\" height=\"500\" src=\"https:\/\/abuelaenlacocina.com\/wp-content\/uploads\/2024\/07\/image-230.png\" alt=\"\" class=\"wp-image-24720\" srcset=\"https:\/\/abuelaenlacocina.com\/wp-content\/uploads\/2024\/07\/image-230.png 522w, https:\/\/abuelaenlacocina.com\/wp-content\/uploads\/2024\/07\/image-230-300x287.png 300w\" sizes=\"auto, (max-width: 522px) 100vw, 522px\" \/><\/figure>\n\n\n\n<h2 class=\"wp-block-heading\"><strong>Paso 5: Terminar el jard\u00edn de suculentas<\/strong><\/h2>\n\n\n\n<p>A\u00f1ade tonos contrastados de roca de lava negra y piedra p\u00f3mez blanca para cubrir la tierra desnuda restante y, a continuaci\u00f3n, a\u00f1ade vidrio triturado y desmenuzado sobre la piedra p\u00f3mez para dar brillo a la capa superior.<\/p>\n\n\n\n<h2 class=\"wp-block-heading\"><strong>Cuidados de las plantas suculentas<\/strong><\/h2>\n\n\n\n<p>Dale al mini jard\u00edn de suculentas medio d\u00eda de sol, o mantenlo en un lugar que reciba sol indirecto. Ri\u00e9gala a fondo dos veces al mes y prot\u00e9gelas de la lluvia excesiva para que no se pudran las plantas.<\/p>\n\n\n\n<p>Si las temperaturas descienden por debajo del punto de congelaci\u00f3n, hiberna el jard\u00edn de suculentas en el interior. Introd\u00facelas gradualmente a una mayor exposici\u00f3n solar en primavera para evitar quemaduras.<\/p>\n\n\n\n<p><a target=\"_blank\" href=\"https:\/\/twitter.com\/intent\/tweet?text=C%C3%B3mo%20hacer%20un%20mini%20jard%C3%ADn%20de%20suculentas%20para%20una%20maceta%20port%C3%A1til&amp;url=https%3A%2F%2Fwww.ecojardinmagico.com%2Fcomo-hacer-un-mini-jardin-de-suculentas-para-una-maceta-portatil%2F\" rel=\"noreferrer noopener\"><\/a><\/p>\n","protected":false},"excerpt":{"rendered":"<p>Puedes disfrutar de tu propio jard\u00edn de suculentas independientemente del poco espacio que tengas. He aqu\u00ed c\u00f3mo crear un mini jard\u00edn de suculentas en una maceta. Las suculentas son conocidas &#8230; <\/p>\n<p class=\"read-more-container\"><a title=\"C\u00f3mo hacer un mini jard\u00edn de suculentas para una maceta port\u00e1til\" class=\"read-more button\" href=\"https:\/\/abuelaenlacocina.com\/index.php\/2024\/07\/16\/como-hacer-un-mini-jardin-de-suculentas-para-una-maceta-portatil\/#more-24718\" aria-label=\"More on C\u00f3mo hacer un mini jard\u00edn de suculentas para una maceta port\u00e1til\">Seguir leyendo<\/a><\/p>\n","protected":false},"author":5,"featured_media":24719,"comment_status":"open","ping_status":"open","sticky":false,"template":"","format":"standard","meta":{"footnotes":""},"categories":[3],"tags":[],"class_list":["post-24718","post","type-post","status-publish","format-standard","has-post-thumbnail","hentry","category-jardin-y-consejos","generate-columns","tablet-grid-50","mobile-grid-100","grid-parent","grid-50","no-featured-image-padding"],"_links":{"self":[{"href":"https:\/\/abuelaenlacocina.com\/index.php\/wp-json\/wp\/v2\/posts\/24718","targetHints":{"allow":["GET"]}}],"collection":[{"href":"https:\/\/abuelaenlacocina.com\/index.php\/wp-json\/wp\/v2\/posts"}],"about":[{"href":"https:\/\/abuelaenlacocina.com\/index.php\/wp-json\/wp\/v2\/types\/post"}],"author":[{"embeddable":true,"href":"https:\/\/abuelaenlacocina.com\/index.php\/wp-json\/wp\/v2\/users\/5"}],"replies":[{"embeddable":true,"href":"https:\/\/abuelaenlacocina.com\/index.php\/wp-json\/wp\/v2\/comments?post=24718"}],"version-history":[{"count":1,"href":"https:\/\/abuelaenlacocina.com\/index.php\/wp-json\/wp\/v2\/posts\/24718\/revisions"}],"predecessor-version":[{"id":24721,"href":"https:\/\/abuelaenlacocina.com\/index.php\/wp-json\/wp\/v2\/posts\/24718\/revisions\/24721"}],"wp:featuredmedia":[{"embeddable":true,"href":"https:\/\/abuelaenlacocina.com\/index.php\/wp-json\/wp\/v2\/media\/24719"}],"wp:attachment":[{"href":"https:\/\/abuelaenlacocina.com\/index.php\/wp-json\/wp\/v2\/media?parent=24718"}],"wp:term":[{"taxonomy":"category","embeddable":true,"href":"https:\/\/abuelaenlacocina.com\/index.php\/wp-json\/wp\/v2\/categories?post=24718"},{"taxonomy":"post_tag","embeddable":true,"href":"https:\/\/abuelaenlacocina.com\/index.php\/wp-json\/wp\/v2\/tags?post=24718"}],"curies":[{"name":"wp","href":"https:\/\/api.w.org\/{rel}","templated":true}]}}