{"id":2380,"date":"2023-06-04T15:58:13","date_gmt":"2023-06-04T15:58:13","guid":{"rendered":"https:\/\/abuelaenlacocina.com\/?p=2380"},"modified":"2023-06-04T15:58:13","modified_gmt":"2023-06-04T15:58:13","slug":"como-curar-las-hojas-amarillas-de-las-orquideas-el-metodo-natural","status":"publish","type":"post","link":"https:\/\/abuelaenlacocina.com\/index.php\/2023\/06\/04\/como-curar-las-hojas-amarillas-de-las-orquideas-el-metodo-natural\/","title":{"rendered":"C\u00f3mo curar las hojas amarillas de las orqu\u00eddeas: el m\u00e9todo natural"},"content":{"rendered":"\n<p>Unos sencillos pasos para solucionar el problema con un ingrediente natural.<\/p>\n\n\n\n<p>Muy a menudo las \u00a0<strong>hojas<\/strong>\u00a0de las orqu\u00eddeas que tenemos en casa tienden a volverse \u00a0<strong>amarillas<\/strong>\u00a0o en todo caso a perder el color verde brillante que las caracteriza.<\/p>\n\n\n\n<p>Las causas de este problema pueden variar, pero puedes intentar solucionarlo con un\u00a0<strong>m\u00e9todo natural<\/strong>\u00a0.<\/p>\n\n\n\n<p>Mal sehen, wie es geht.<\/p>\n\n\n\n<h2 class=\"wp-block-heading\"><strong>Necesario<\/strong><\/h2>\n\n\n\n<ul class=\"wp-block-list\">\n<li>C\u00e1scara de patata<\/li>\n\n\n\n<li>Contenedor<\/li>\n\n\n\n<li>600 ml de agua tibia<\/li>\n\n\n\n<li>Tamiz<\/li>\n\n\n\n<li>1 litro de agua<\/li>\n\n\n\n<li>Botella pulverizadora<\/li>\n<\/ul>\n\n\n\n<h2 class=\"wp-block-heading\"><strong>M\u00e9todo<\/strong><\/h2>\n\n\n\n<ol class=\"wp-block-list\">\n<li>Pela una patata y coloca la piel en el recipiente.<\/li>\n\n\n\n<li>Cubrir con agua tibia y dejar en remojo.<\/li>\n\n\n\n<li>Filtra la mezcla y dil\u00fayela con un litro de agua.<\/li>\n\n\n\n<li>Vierte la soluci\u00f3n resultante en un pulverizador.<\/li>\n\n\n\n<li>Humedecer las hojas, los tallos y las ra\u00edces con la soluci\u00f3n obtenida.<\/li>\n<\/ol>\n","protected":false},"excerpt":{"rendered":"<p>Unos sencillos pasos para solucionar el problema con un ingrediente natural. Muy a menudo las \u00a0hojas\u00a0de las orqu\u00eddeas que tenemos en casa tienden a volverse \u00a0amarillas\u00a0o en todo caso a &#8230; <\/p>\n<p class=\"read-more-container\"><a title=\"C\u00f3mo curar las hojas amarillas de las orqu\u00eddeas: el m\u00e9todo natural\" class=\"read-more button\" href=\"https:\/\/abuelaenlacocina.com\/index.php\/2023\/06\/04\/como-curar-las-hojas-amarillas-de-las-orquideas-el-metodo-natural\/#more-2380\" aria-label=\"More on C\u00f3mo curar las hojas amarillas de las orqu\u00eddeas: el m\u00e9todo natural\">Seguir leyendo<\/a><\/p>\n","protected":false},"author":3,"featured_media":2381,"comment_status":"closed","ping_status":"closed","sticky":false,"template":"","format":"standard","meta":{"footnotes":""},"categories":[3],"tags":[],"class_list":["post-2380","post","type-post","status-publish","format-standard","has-post-thumbnail","hentry","category-jardin-y-consejos","generate-columns","tablet-grid-50","mobile-grid-100","grid-parent","grid-50","no-featured-image-padding"],"_links":{"self":[{"href":"https:\/\/abuelaenlacocina.com\/index.php\/wp-json\/wp\/v2\/posts\/2380","targetHints":{"allow":["GET"]}}],"collection":[{"href":"https:\/\/abuelaenlacocina.com\/index.php\/wp-json\/wp\/v2\/posts"}],"about":[{"href":"https:\/\/abuelaenlacocina.com\/index.php\/wp-json\/wp\/v2\/types\/post"}],"author":[{"embeddable":true,"href":"https:\/\/abuelaenlacocina.com\/index.php\/wp-json\/wp\/v2\/users\/3"}],"replies":[{"embeddable":true,"href":"https:\/\/abuelaenlacocina.com\/index.php\/wp-json\/wp\/v2\/comments?post=2380"}],"version-history":[{"count":1,"href":"https:\/\/abuelaenlacocina.com\/index.php\/wp-json\/wp\/v2\/posts\/2380\/revisions"}],"predecessor-version":[{"id":2382,"href":"https:\/\/abuelaenlacocina.com\/index.php\/wp-json\/wp\/v2\/posts\/2380\/revisions\/2382"}],"wp:featuredmedia":[{"embeddable":true,"href":"https:\/\/abuelaenlacocina.com\/index.php\/wp-json\/wp\/v2\/media\/2381"}],"wp:attachment":[{"href":"https:\/\/abuelaenlacocina.com\/index.php\/wp-json\/wp\/v2\/media?parent=2380"}],"wp:term":[{"taxonomy":"category","embeddable":true,"href":"https:\/\/abuelaenlacocina.com\/index.php\/wp-json\/wp\/v2\/categories?post=2380"},{"taxonomy":"post_tag","embeddable":true,"href":"https:\/\/abuelaenlacocina.com\/index.php\/wp-json\/wp\/v2\/tags?post=2380"}],"curies":[{"name":"wp","href":"https:\/\/api.w.org\/{rel}","templated":true}]}}