{"id":23457,"date":"2024-06-22T22:59:14","date_gmt":"2024-06-22T22:59:14","guid":{"rendered":"https:\/\/abuelaenlacocina.com\/?p=23457"},"modified":"2024-06-22T22:59:15","modified_gmt":"2024-06-22T22:59:15","slug":"tylko-nie-choruje-i-kwitnie-przez-prawie-caly-rok-czy-to-mozliwe","status":"publish","type":"post","link":"https:\/\/abuelaenlacocina.com\/index.php\/2024\/06\/22\/tylko-nie-choruje-i-kwitnie-przez-prawie-caly-rok-czy-to-mozliwe\/","title":{"rendered":"Tylko nie choruje i kwitnie przez prawie ca\u0142y rok. Czy to mo\u017cliwe?"},"content":{"rendered":"\n<p>Los orqu\u00eddeas son sin duda alguna unas de las plantas de interior m\u00e1s hermosas, que a menudo adornan los alf\u00e9izares de las ventanas. Fascinan con una amplia gama de colores en sus flores y su elegante aspecto. Sin embargo, es importante recordar que las orqu\u00eddeas pueden ser caprichosas y requieren cuidados adecuados. \u00bfQu\u00e9 se puede hacer para que florezcan casi todo el a\u00f1o? Preparar una mezcla sencilla har\u00e1 que las orqu\u00eddeas se cubran de flores y nos deslumbren con su belleza durante mucho tiempo.<\/p>\n\n\n\n<p><strong>Con qu\u00e9 frecuencia florecen las orqu\u00eddeas?<\/strong><\/p>\n\n\n\n<p>Las orqu\u00eddeas son plantas de interior populares que embellecen muchos hogares. A pesar de su popularidad, su cultivo puede presentar dificultades incluso para los aficionados m\u00e1s experimentados a las flores. Son bastante exigentes y caprichosas, por lo que para disfrutar de sus hermosas flores, es crucial cuidarlas adecuadamente.<\/p>\n\n\n\n<p><strong>Con qu\u00e9 frecuencia florecen las orqu\u00eddeas?<\/strong><\/p>\n\n\n\n<p>Todo depende de la especie de la planta y de su condici\u00f3n, as\u00ed como del m\u00e9todo de cultivo. Por lo general, las orqu\u00eddeas florecen una o dos veces al a\u00f1o. Las flores suelen aparecer desde finales de oto\u00f1o hasta la primavera, pero tambi\u00e9n pueden florecer en otros meses. Si se crean las condiciones adecuadas para las orqu\u00eddeas, pueden florecer durante per\u00edodos prolongados. Existen variedades que pueden mantener sus flores durante varios meses, e incluso durante todo el a\u00f1o.<\/p>\n\n\n\n<figure class=\"wp-block-image size-full\"><img loading=\"lazy\" decoding=\"async\" width=\"800\" height=\"584\" src=\"https:\/\/abuelaenlacocina.com\/wp-content\/uploads\/2024\/06\/image-893.png\" alt=\"\" class=\"wp-image-23459\" srcset=\"https:\/\/abuelaenlacocina.com\/wp-content\/uploads\/2024\/06\/image-893.png 800w, https:\/\/abuelaenlacocina.com\/wp-content\/uploads\/2024\/06\/image-893-300x219.png 300w, https:\/\/abuelaenlacocina.com\/wp-content\/uploads\/2024\/06\/image-893-768x561.png 768w\" sizes=\"auto, (max-width: 800px) 100vw, 800px\" \/><\/figure>\n\n\n\n<p><strong>Storczyki cz\u0119sto s\u0105 atakowane przez r\u00f3\u017cne choroby, kt\u00f3re mog\u0105 rozwija\u0107 si\u0119 na li\u015bciach, p\u0119dach i korzeniach. Oto lista najcz\u0119stszych problem\u00f3w:<\/strong><\/p>\n\n\n\n<ol class=\"wp-block-list\">\n<li><strong>Fuzarioza<\/strong> &#8211; objawia si\u0119 \u017c\u00f3\u0142kni\u0119ciem najstarszych li\u015bci.<\/li>\n\n\n\n<li><strong>Zgorzel zgnilakowa<\/strong> &#8211; li\u015bcie marszcz\u0105 si\u0119 i trac\u0105 barw\u0119, staj\u0105c si\u0119 ja\u015bniejsze.<\/li>\n\n\n\n<li><strong>Szara ple\u015b\u0144<\/strong> &#8211; widoczna jest jako wodniste, szarawe przebarwienia na p\u0142atkach kwiat\u00f3w.<\/li>\n\n\n\n<li><strong>Mokra zgnilizna<\/strong> &#8211; pora\u017cone li\u015bcie staj\u0105 si\u0119 mi\u0119kkie i wydzielaj\u0105 nieprzyjemny zapach zgnilizny.<\/li>\n\n\n\n<li><strong>Bakteryjna plamisto\u015b\u0107 li\u015bci<\/strong> &#8211; objawia si\u0119 jasnymi przebarwieniami na li\u015bciach.<\/li>\n<\/ol>\n\n\n\n<p>Aby storczyk cz\u0119sto kwit\u0142, warto przygotowa\u0107 prost\u0105 mieszank\u0119, kt\u00f3ra pobudzi ro\u015blin\u0119 do wytwarzania nowych p\u0105k\u00f3w kwiatowych. Mo\u017cna u\u017cy\u0107 popularnego napoju typu cola, kt\u00f3ry jest skuteczny r\u00f3wnie\u017c w piel\u0119gnacji ro\u015blin. Rozcie\u0144czy\u0107 3 \u0142y\u017cki coli w litrze wody. Bawe\u0142niany wacik namoczony w tej mieszance mo\u017cna u\u017cywa\u0107 do przecierania li\u015bci storczyka co 2 tygodnie, co zapewni im zdrowy wygl\u0105d i blask. T\u0119 sam\u0105 mieszank\u0119 mo\u017cna stosowa\u0107 do podlewania ro\u015blin (raz na 2 tygodnie), co wspomo\u017ce rozw\u00f3j zdrowego systemu korzeniowego. Dodatkowo, rozcie\u0144czon\u0105 col\u0119 mo\u017cna u\u017cywa\u0107 do spryskiwania li\u015bci (2 razy w miesi\u0105cu), co wzmacnia ro\u015bliny i zwi\u0119ksza ich odporno\u015b\u0107 na choroby. Wypr\u00f3buj ten spos\u00f3b, a Twoje storczyki b\u0119d\u0105 zjawiskowo kwit\u0142y przez prawie ca\u0142y rok.<\/p>\n","protected":false},"excerpt":{"rendered":"<p>Los orqu\u00eddeas son sin duda alguna unas de las plantas de interior m\u00e1s hermosas, que a menudo adornan los alf\u00e9izares de las ventanas. Fascinan con una amplia gama de colores &#8230; <\/p>\n<p class=\"read-more-container\"><a title=\"Tylko nie choruje i kwitnie przez prawie ca\u0142y rok. Czy to mo\u017cliwe?\" class=\"read-more button\" href=\"https:\/\/abuelaenlacocina.com\/index.php\/2024\/06\/22\/tylko-nie-choruje-i-kwitnie-przez-prawie-caly-rok-czy-to-mozliwe\/#more-23457\" aria-label=\"More on Tylko nie choruje i kwitnie przez prawie ca\u0142y rok. Czy to mo\u017cliwe?\">Seguir leyendo<\/a><\/p>\n","protected":false},"author":5,"featured_media":23458,"comment_status":"open","ping_status":"open","sticky":false,"template":"","format":"standard","meta":{"footnotes":""},"categories":[3],"tags":[],"class_list":["post-23457","post","type-post","status-publish","format-standard","has-post-thumbnail","hentry","category-jardin-y-consejos","generate-columns","tablet-grid-50","mobile-grid-100","grid-parent","grid-50","no-featured-image-padding"],"_links":{"self":[{"href":"https:\/\/abuelaenlacocina.com\/index.php\/wp-json\/wp\/v2\/posts\/23457","targetHints":{"allow":["GET"]}}],"collection":[{"href":"https:\/\/abuelaenlacocina.com\/index.php\/wp-json\/wp\/v2\/posts"}],"about":[{"href":"https:\/\/abuelaenlacocina.com\/index.php\/wp-json\/wp\/v2\/types\/post"}],"author":[{"embeddable":true,"href":"https:\/\/abuelaenlacocina.com\/index.php\/wp-json\/wp\/v2\/users\/5"}],"replies":[{"embeddable":true,"href":"https:\/\/abuelaenlacocina.com\/index.php\/wp-json\/wp\/v2\/comments?post=23457"}],"version-history":[{"count":1,"href":"https:\/\/abuelaenlacocina.com\/index.php\/wp-json\/wp\/v2\/posts\/23457\/revisions"}],"predecessor-version":[{"id":23460,"href":"https:\/\/abuelaenlacocina.com\/index.php\/wp-json\/wp\/v2\/posts\/23457\/revisions\/23460"}],"wp:featuredmedia":[{"embeddable":true,"href":"https:\/\/abuelaenlacocina.com\/index.php\/wp-json\/wp\/v2\/media\/23458"}],"wp:attachment":[{"href":"https:\/\/abuelaenlacocina.com\/index.php\/wp-json\/wp\/v2\/media?parent=23457"}],"wp:term":[{"taxonomy":"category","embeddable":true,"href":"https:\/\/abuelaenlacocina.com\/index.php\/wp-json\/wp\/v2\/categories?post=23457"},{"taxonomy":"post_tag","embeddable":true,"href":"https:\/\/abuelaenlacocina.com\/index.php\/wp-json\/wp\/v2\/tags?post=23457"}],"curies":[{"name":"wp","href":"https:\/\/api.w.org\/{rel}","templated":true}]}}