{"id":13977,"date":"2024-02-21T21:33:12","date_gmt":"2024-02-21T21:33:12","guid":{"rendered":"https:\/\/abuelaenlacocina.com\/?p=13977"},"modified":"2024-02-21T21:33:13","modified_gmt":"2024-02-21T21:33:13","slug":"guardando-una-hoja-de-laurel-en-la-nevera-mi-abuela-siempre-lo-hacia-aqui-te-explicamos-por-que-y-como","status":"publish","type":"post","link":"https:\/\/abuelaenlacocina.com\/index.php\/2024\/02\/21\/guardando-una-hoja-de-laurel-en-la-nevera-mi-abuela-siempre-lo-hacia-aqui-te-explicamos-por-que-y-como\/","title":{"rendered":"&#8220;Guardando una hoja de laurel en la nevera? Mi abuela siempre lo hac\u00eda. Aqu\u00ed te explicamos por qu\u00e9 y c\u00f3mo.&#8221;"},"content":{"rendered":"\n<p><strong>Entre las plantas m\u00e1s comunes en nuestro pa\u00eds, el laurel encabeza la lista. Esta planta espec\u00edfica ha sido utilizada durante siglos en la cocina, as\u00ed como para diversos fines beneficiosos.<\/strong><\/p>\n\n\n\n<p>En este art\u00edculo, exploraremos algunas caracter\u00edsticas destacadas de las hojas de laurel y un uso particular en la nevera. Aqu\u00ed encontrar\u00e1s todos los detalles.<\/p>\n\n\n\n<p>Laurel: una planta \u00fanica Si las hojas de laurel son llamadas magn\u00edficas, es debido a sus numerosas propiedades. Puedes utilizarlas para preparar infusiones y tisanas que combaten el dolor abdominal.<\/p>\n\n\n\n<p>Gracias a su fragancia \u00fanica, las hojas de laurel sirven para perfumar toda la casa y condimentar diversas recetas.<\/p>\n\n\n\n<figure class=\"wp-block-image size-large\"><img loading=\"lazy\" decoding=\"async\" width=\"1024\" height=\"576\" src=\"https:\/\/abuelaenlacocina.com\/wp-content\/uploads\/2024\/02\/image-563-1024x576.png\" alt=\"\" class=\"wp-image-13979\" srcset=\"https:\/\/abuelaenlacocina.com\/wp-content\/uploads\/2024\/02\/image-563-1024x576.png 1024w, https:\/\/abuelaenlacocina.com\/wp-content\/uploads\/2024\/02\/image-563-300x169.png 300w, https:\/\/abuelaenlacocina.com\/wp-content\/uploads\/2024\/02\/image-563-768x432.png 768w, https:\/\/abuelaenlacocina.com\/wp-content\/uploads\/2024\/02\/image-563.png 1200w\" sizes=\"auto, (max-width: 1024px) 100vw, 1024px\" \/><\/figure>\n\n\n\n<p><strong>Por qu\u00e9 utilizar hojas de laurel en la nevera? <\/strong><\/p>\n\n\n\n<p><strong>Alguna vez has considerado usar laurel en la nevera? <\/strong>De hecho, el laurel se coloca en el frigor\u00edfico por una raz\u00f3n simple: la planta tiene la capacidad de perfumar todo el interior del electrodom\u00e9stico.<\/p>\n\n\n\n<p>Si has notado malos olores al abrir la puerta del frigor\u00edfico, eso indica un problema.<\/p>\n\n\n\n<p>En el frigor\u00edfico, algunos alimentos emiten olores m\u00e1s intensos que otros, como el queso, por ejemplo. Por lo tanto, los malos olores no siempre est\u00e1n relacionados con el estado de conservaci\u00f3n.<\/p>\n\n\n\n<p>Para solucionar este problema, puedes colocar hojas de laurel en los distintos estantes del frigor\u00edfico y dejarlas durante varios d\u00edas.<\/p>\n\n\n\n<p>Puedes combinar las hojas de laurel con bicarbonato de sodio, que tambi\u00e9n es efectivo contra los malos olores debido a su capacidad absorbente.<\/p>\n\n\n\n<p>Otros usos interesantes del laurel Existen opciones \u00fatiles adicionales para utilizar el laurel a diario. Por ejemplo, puedes preparar una infusi\u00f3n para perfumar la casa y las superficies. Hierve algunas hojas en una cacerola y deja que el vapor se extienda por todas las habitaciones.<\/p>\n\n\n\n<figure class=\"wp-block-image size-full\"><img loading=\"lazy\" decoding=\"async\" width=\"880\" height=\"495\" src=\"https:\/\/abuelaenlacocina.com\/wp-content\/uploads\/2024\/02\/image-564.png\" alt=\"\" class=\"wp-image-13980\" srcset=\"https:\/\/abuelaenlacocina.com\/wp-content\/uploads\/2024\/02\/image-564.png 880w, https:\/\/abuelaenlacocina.com\/wp-content\/uploads\/2024\/02\/image-564-300x169.png 300w, https:\/\/abuelaenlacocina.com\/wp-content\/uploads\/2024\/02\/image-564-768x432.png 768w\" sizes=\"auto, (max-width: 880px) 100vw, 880px\" \/><\/figure>\n\n\n\n<p><strong>Sab\u00edas que tambi\u00e9n puedes colocar hojas de laurel directamente en la bolsa de la aspiradora para perfumar toda la casa mientras la usas?<\/strong> Es sorprendente.<\/p>\n\n\n\n<p>Considera hacer bolsitas con hojas de laurel y colocarlas en cajones y armarios. De esta manera, eliminar\u00e1s insectos no deseados y perfumar\u00e1s el ambiente al mismo tiempo. \u00a1Incluso tu ropa quedar\u00e1 completamente perfumada!<\/p>\n","protected":false},"excerpt":{"rendered":"<p>Entre las plantas m\u00e1s comunes en nuestro pa\u00eds, el laurel encabeza la lista. Esta planta espec\u00edfica ha sido utilizada durante siglos en la cocina, as\u00ed como para diversos fines beneficiosos. &#8230; <\/p>\n<p class=\"read-more-container\"><a title=\"&#8220;Guardando una hoja de laurel en la nevera? Mi abuela siempre lo hac\u00eda. Aqu\u00ed te explicamos por qu\u00e9 y c\u00f3mo.&#8221;\" class=\"read-more button\" href=\"https:\/\/abuelaenlacocina.com\/index.php\/2024\/02\/21\/guardando-una-hoja-de-laurel-en-la-nevera-mi-abuela-siempre-lo-hacia-aqui-te-explicamos-por-que-y-como\/#more-13977\" aria-label=\"More on &#8220;Guardando una hoja de laurel en la nevera? Mi abuela siempre lo hac\u00eda. Aqu\u00ed te explicamos por qu\u00e9 y c\u00f3mo.&#8221;\">Seguir leyendo<\/a><\/p>\n","protected":false},"author":5,"featured_media":13978,"comment_status":"open","ping_status":"open","sticky":false,"template":"","format":"standard","meta":{"footnotes":""},"categories":[3],"tags":[],"class_list":["post-13977","post","type-post","status-publish","format-standard","has-post-thumbnail","hentry","category-jardin-y-consejos","generate-columns","tablet-grid-50","mobile-grid-100","grid-parent","grid-50","no-featured-image-padding"],"_links":{"self":[{"href":"https:\/\/abuelaenlacocina.com\/index.php\/wp-json\/wp\/v2\/posts\/13977","targetHints":{"allow":["GET"]}}],"collection":[{"href":"https:\/\/abuelaenlacocina.com\/index.php\/wp-json\/wp\/v2\/posts"}],"about":[{"href":"https:\/\/abuelaenlacocina.com\/index.php\/wp-json\/wp\/v2\/types\/post"}],"author":[{"embeddable":true,"href":"https:\/\/abuelaenlacocina.com\/index.php\/wp-json\/wp\/v2\/users\/5"}],"replies":[{"embeddable":true,"href":"https:\/\/abuelaenlacocina.com\/index.php\/wp-json\/wp\/v2\/comments?post=13977"}],"version-history":[{"count":1,"href":"https:\/\/abuelaenlacocina.com\/index.php\/wp-json\/wp\/v2\/posts\/13977\/revisions"}],"predecessor-version":[{"id":13981,"href":"https:\/\/abuelaenlacocina.com\/index.php\/wp-json\/wp\/v2\/posts\/13977\/revisions\/13981"}],"wp:featuredmedia":[{"embeddable":true,"href":"https:\/\/abuelaenlacocina.com\/index.php\/wp-json\/wp\/v2\/media\/13978"}],"wp:attachment":[{"href":"https:\/\/abuelaenlacocina.com\/index.php\/wp-json\/wp\/v2\/media?parent=13977"}],"wp:term":[{"taxonomy":"category","embeddable":true,"href":"https:\/\/abuelaenlacocina.com\/index.php\/wp-json\/wp\/v2\/categories?post=13977"},{"taxonomy":"post_tag","embeddable":true,"href":"https:\/\/abuelaenlacocina.com\/index.php\/wp-json\/wp\/v2\/tags?post=13977"}],"curies":[{"name":"wp","href":"https:\/\/api.w.org\/{rel}","templated":true}]}}