{"id":13587,"date":"2024-02-17T18:54:54","date_gmt":"2024-02-17T18:54:54","guid":{"rendered":"https:\/\/abuelaenlacocina.com\/?p=13587"},"modified":"2024-02-17T18:54:55","modified_gmt":"2024-02-17T18:54:55","slug":"cuando-la-planta-alada-apenas-se-mueve-realizo-la-prueba-del-aposito-se-como-ayudarle","status":"publish","type":"post","link":"https:\/\/abuelaenlacocina.com\/index.php\/2024\/02\/17\/cuando-la-planta-alada-apenas-se-mueve-realizo-la-prueba-del-aposito-se-como-ayudarle\/","title":{"rendered":"Cuando la planta alada apenas se mueve, realizo la &#8220;prueba del ap\u00f3sito&#8221;. S\u00e9 c\u00f3mo ayudarle."},"content":{"rendered":"\n<p>En invierno, muchas plantas de maceta se marchitan, especialmente las alas de \u00e1ngel, que se vuelven amarillas r\u00e1pidamente y no florecen, lo que hace que no luzcan muy bien. Se puede salvar a la planta marchita sin necesidad de utilizar fertilizantes especializados, solo con un truco sencillo. <\/p>\n\n\n\n<p><strong>Tu planta de alas de \u00e1ngel no se ve bien? <\/strong><\/p>\n\n\n\n<p>Seguramente, todos nos hemos preguntado al menos una vez por qu\u00e9 las alas de \u00e1ngel se vuelven amarillas y se marchitan a una velocidad alarmante. Las razones de la mala salud de esta planta pueden ser diversas, siendo el invierno uno de los principales culpables, con aire seco, falta de luz natural y una ventilaci\u00f3n deficiente en las habitaciones. En esos casos, es f\u00e1cil que aparezcan enfermedades o plagas en nuestras alas de \u00e1ngel. Si notas que algo est\u00e1 sucediendo, toma un trozo de un vegetal sabroso y r\u00e1pidamente diagnosticar\u00e1s el problema de la planta marchita.<\/p>\n\n\n\n<p><strong>VER TAMBI\u00c9N<\/strong>: En la nevera hay luz, pero en el congelador ya no. Descubre por qu\u00e9 En la nevera hay luz, pero en el congelador ya no. Descubre por qu\u00e9 \u00bfC\u00f3mo cuidar las alas de \u00e1ngel? Las alas de \u00e1ngel necesitan mucha luz, pero no la luz solar directa, ya que puede da\u00f1ar permanentemente sus hojas delicadas y largas. Lo ideal es colocarlas en un alf\u00e9izar orientado hacia el este o el oeste, detr\u00e1s de una cortina. Es importante recordar esto, especialmente en esta \u00e9poca del a\u00f1o, cuando las alas de \u00e1ngel tienden a amarillear y marchitarse, y la falta de acceso a la luz solo empeora la situaci\u00f3n. Los amantes de las plantas saben que las alas de \u00e1ngel son plantas de maceta extremadamente sensibles que pueden &#8220;ofenderse&#8221; r\u00e1pidamente y durante mucho tiempo.<\/p>\n\n\n\n<p>La temperatura tambi\u00e9n es crucial para su cultivo, ya que les encanta el calor. En invierno, las alas de \u00e1ngel necesitan al menos <strong>18<\/strong> grados Celsius para crecer de manera saludable y exuberante. No debes colocar estas plantas en corrientes de aire, ya que el aire fr\u00edo las marchitar\u00e1 r\u00e1pidamente, provocando su marchitamiento. Adem\u00e1s, es importante proporcionarles la humedad del aire adecuada. Es mejor rociarlas con agua y limitar el riego, ya que de lo contrario, atraeremos enfermedades f\u00fangicas y plagas que les gustan la humedad.<\/p>\n\n\n\n<figure class=\"wp-block-image size-full\"><img loading=\"lazy\" decoding=\"async\" width=\"768\" height=\"768\" src=\"https:\/\/abuelaenlacocina.com\/wp-content\/uploads\/2024\/02\/image-430.png\" alt=\"\" class=\"wp-image-13589\" srcset=\"https:\/\/abuelaenlacocina.com\/wp-content\/uploads\/2024\/02\/image-430.png 768w, https:\/\/abuelaenlacocina.com\/wp-content\/uploads\/2024\/02\/image-430-300x300.png 300w, https:\/\/abuelaenlacocina.com\/wp-content\/uploads\/2024\/02\/image-430-150x150.png 150w\" sizes=\"auto, (max-width: 768px) 100vw, 768px\" \/><\/figure>\n\n\n\n<p><strong>C\u00f3mo revitalizar las alas de \u00e1ngel con el simple &#8220;test del ap\u00f3sito&#8221;?<\/strong><\/p>\n\n\n\n<p>Es muy dif\u00edcil ver a simple vista si nuestra planta de alas de \u00e1ngel tiene peque\u00f1os enemigos. Por lo general, se trata de \u00e1caros y pulgones que se propagan sin ser invitados en las hojas y en la maceta de la planta. En ese momento, las alas de \u00e1ngel se vuelven amarillas, se marchitan y dejan de crecer, y no sabemos c\u00f3mo ayudarles. Existe una sencilla &#8220;prueba del ap\u00f3sito&#8221; que r\u00e1pidamente nos dar\u00e1 la respuesta sobre la condici\u00f3n de las alas de \u00e1ngel y nos permitir\u00e1 saber qu\u00e9 plagas habitan en ellas.<\/p>\n\n\n\n<p><strong>VER TAMBI\u00c9N<\/strong>: Los internautas discuten sobre 2 resultados. Solo los astutos tienen raz\u00f3n Los internautas discuten sobre 2 resultados. Solo los astutos tienen raz\u00f3n Para ello, necesitar\u00e1s un trozo de pepino fresco u otra verdura con un fuerte aroma. Todo lo que tienes que hacer es colocarlo en la maceta de las alas de \u00e1ngel durante 24 horas y luego leer los resultados. El estado del pepino refleja la condici\u00f3n de las alas de \u00e1ngel. Si la verdura est\u00e1 da\u00f1ada o tiene l\u00edneas oscuras o manchas, puedes estar seguro de que tus alas de \u00e1ngel se est\u00e1n marchitando debido a plagas. En ese caso, es mejor llevarlas a cuarentena y cambiarles el sustrato, lo que r\u00e1pidamente las revitalizar\u00e1.<\/p>\n","protected":false},"excerpt":{"rendered":"<p>En invierno, muchas plantas de maceta se marchitan, especialmente las alas de \u00e1ngel, que se vuelven amarillas r\u00e1pidamente y no florecen, lo que hace que no luzcan muy bien. Se &#8230; <\/p>\n<p class=\"read-more-container\"><a title=\"Cuando la planta alada apenas se mueve, realizo la &#8220;prueba del ap\u00f3sito&#8221;. S\u00e9 c\u00f3mo ayudarle.\" class=\"read-more button\" href=\"https:\/\/abuelaenlacocina.com\/index.php\/2024\/02\/17\/cuando-la-planta-alada-apenas-se-mueve-realizo-la-prueba-del-aposito-se-como-ayudarle\/#more-13587\" aria-label=\"More on Cuando la planta alada apenas se mueve, realizo la &#8220;prueba del ap\u00f3sito&#8221;. S\u00e9 c\u00f3mo ayudarle.\">Seguir leyendo<\/a><\/p>\n","protected":false},"author":5,"featured_media":13588,"comment_status":"closed","ping_status":"closed","sticky":false,"template":"","format":"standard","meta":{"footnotes":""},"categories":[3],"tags":[],"class_list":["post-13587","post","type-post","status-publish","format-standard","has-post-thumbnail","hentry","category-jardin-y-consejos","generate-columns","tablet-grid-50","mobile-grid-100","grid-parent","grid-50","no-featured-image-padding"],"_links":{"self":[{"href":"https:\/\/abuelaenlacocina.com\/index.php\/wp-json\/wp\/v2\/posts\/13587","targetHints":{"allow":["GET"]}}],"collection":[{"href":"https:\/\/abuelaenlacocina.com\/index.php\/wp-json\/wp\/v2\/posts"}],"about":[{"href":"https:\/\/abuelaenlacocina.com\/index.php\/wp-json\/wp\/v2\/types\/post"}],"author":[{"embeddable":true,"href":"https:\/\/abuelaenlacocina.com\/index.php\/wp-json\/wp\/v2\/users\/5"}],"replies":[{"embeddable":true,"href":"https:\/\/abuelaenlacocina.com\/index.php\/wp-json\/wp\/v2\/comments?post=13587"}],"version-history":[{"count":1,"href":"https:\/\/abuelaenlacocina.com\/index.php\/wp-json\/wp\/v2\/posts\/13587\/revisions"}],"predecessor-version":[{"id":13590,"href":"https:\/\/abuelaenlacocina.com\/index.php\/wp-json\/wp\/v2\/posts\/13587\/revisions\/13590"}],"wp:featuredmedia":[{"embeddable":true,"href":"https:\/\/abuelaenlacocina.com\/index.php\/wp-json\/wp\/v2\/media\/13588"}],"wp:attachment":[{"href":"https:\/\/abuelaenlacocina.com\/index.php\/wp-json\/wp\/v2\/media?parent=13587"}],"wp:term":[{"taxonomy":"category","embeddable":true,"href":"https:\/\/abuelaenlacocina.com\/index.php\/wp-json\/wp\/v2\/categories?post=13587"},{"taxonomy":"post_tag","embeddable":true,"href":"https:\/\/abuelaenlacocina.com\/index.php\/wp-json\/wp\/v2\/tags?post=13587"}],"curies":[{"name":"wp","href":"https:\/\/api.w.org\/{rel}","templated":true}]}}