{"id":13039,"date":"2024-02-11T13:37:24","date_gmt":"2024-02-11T13:37:24","guid":{"rendered":"https:\/\/abuelaenlacocina.com\/?p=13039"},"modified":"2024-02-11T13:37:25","modified_gmt":"2024-02-11T13:37:25","slug":"consejo-3-razones-por-las-cuales-los-capullos-de-tu-orquidea-comienzan-a-marchitarse-salvalos","status":"publish","type":"post","link":"https:\/\/abuelaenlacocina.com\/index.php\/2024\/02\/11\/consejo-3-razones-por-las-cuales-los-capullos-de-tu-orquidea-comienzan-a-marchitarse-salvalos\/","title":{"rendered":"Consejo: 3 Razones por las cuales los capullos de tu orqu\u00eddea comienzan a marchitarse. \u00a1SALVALOS!"},"content":{"rendered":"\n<p><strong>Los capullos en las orqu\u00eddeas pueden marchitarse por diversas razones, pero se pueden agrupar en tres causas principales.<\/strong><\/p>\n\n\n\n<p>Si deseas conocer cu\u00e1les son las razones y c\u00f3mo prevenirlas, lee los siguientes consejos.<\/p>\n\n\n\n<figure class=\"wp-block-image size-full\"><img loading=\"lazy\" decoding=\"async\" width=\"958\" height=\"635\" src=\"https:\/\/abuelaenlacocina.com\/wp-content\/uploads\/2024\/02\/image-233.png\" alt=\"\" class=\"wp-image-13041\" srcset=\"https:\/\/abuelaenlacocina.com\/wp-content\/uploads\/2024\/02\/image-233.png 958w, https:\/\/abuelaenlacocina.com\/wp-content\/uploads\/2024\/02\/image-233-300x199.png 300w, https:\/\/abuelaenlacocina.com\/wp-content\/uploads\/2024\/02\/image-233-768x509.png 768w\" sizes=\"auto, (max-width: 958px) 100vw, 958px\" \/><\/figure>\n\n\n\n<p>La primera raz\u00f3n es la falta de nutrientes. El nitr\u00f3geno, f\u00f3sforo y potasio son elementos esenciales para la vida normal de la orqu\u00eddea. En la naturaleza, la orqu\u00eddea obtiene todo lo que necesita, pero en condiciones limitadas de hogar, no tiene otra opci\u00f3n para obtener nutrientes que no sea el fertilizante que le proporcionamos. Por lo tanto, es crucial fertilizar la orqu\u00eddea siguiendo las instrucciones del envase del producto.<\/p>\n\n\n\n<p>La segunda raz\u00f3n es la presencia de plagas. Si vives en una casa, descubrir insectos es un fen\u00f3meno bastante com\u00fan. Los insectos que &#8220;muerden&#8221; la orqu\u00eddea le quitan los nutrientes necesarios para la formaci\u00f3n de los capullos. Por lo tanto, se aplica una regla simple: \u00a1no descuides los tratamientos preventivos contra las plagas!<\/p>\n\n\n\n<p>La tercera raz\u00f3n es el estr\u00e9s. Este es uno de los motivos muy importantes por los cuales la orqu\u00eddea presenta capullos secos. Para las orqu\u00eddeas, las variaciones de temperatura son especialmente estresantes.<\/p>\n\n\n\n<p><strong>Ejemplos de estas situaciones son:<\/strong><\/p>\n\n\n\n<ul class=\"wp-block-list\">\n<li>Un aumento brusco de 10 grados o m\u00e1s.<\/li>\n\n\n\n<li>Olvidar el riego o, por el contrario, regar en exceso.<\/li>\n\n\n\n<li>Temperatura constante elevada en la habitaci\u00f3n (m\u00e1s de 24 grados).<\/li>\n\n\n\n<li>Baja humedad.<\/li>\n\n\n\n<li>Falta de luz.<\/li>\n<\/ul>\n\n\n\n<figure class=\"wp-block-image size-full\"><img loading=\"lazy\" decoding=\"async\" width=\"800\" height=\"549\" src=\"https:\/\/abuelaenlacocina.com\/wp-content\/uploads\/2024\/02\/image-232.png\" alt=\"\" class=\"wp-image-13040\" srcset=\"https:\/\/abuelaenlacocina.com\/wp-content\/uploads\/2024\/02\/image-232.png 800w, https:\/\/abuelaenlacocina.com\/wp-content\/uploads\/2024\/02\/image-232-300x206.png 300w, https:\/\/abuelaenlacocina.com\/wp-content\/uploads\/2024\/02\/image-232-768x527.png 768w\" sizes=\"auto, (max-width: 800px) 100vw, 800px\" \/><\/figure>\n\n\n\n<p>Incluso cambios abruptos en la presi\u00f3n atmosf\u00e9rica pueden afectar a la orqu\u00eddea: algunos capullos pueden empezar a secarse antes de siquiera formarse. Las razones pueden ser muy diversas y no todo se puede controlar. Observa tu orqu\u00eddea y nota cu\u00e1l es la situaci\u00f3n adecuada para ti, luego intenta prevenirla.<\/p>\n","protected":false},"excerpt":{"rendered":"<p>Los capullos en las orqu\u00eddeas pueden marchitarse por diversas razones, pero se pueden agrupar en tres causas principales. Si deseas conocer cu\u00e1les son las razones y c\u00f3mo prevenirlas, lee los &#8230; <\/p>\n<p class=\"read-more-container\"><a title=\"Consejo: 3 Razones por las cuales los capullos de tu orqu\u00eddea comienzan a marchitarse. \u00a1SALVALOS!\" class=\"read-more button\" href=\"https:\/\/abuelaenlacocina.com\/index.php\/2024\/02\/11\/consejo-3-razones-por-las-cuales-los-capullos-de-tu-orquidea-comienzan-a-marchitarse-salvalos\/#more-13039\" aria-label=\"More on Consejo: 3 Razones por las cuales los capullos de tu orqu\u00eddea comienzan a marchitarse. \u00a1SALVALOS!\">Seguir leyendo<\/a><\/p>\n","protected":false},"author":5,"featured_media":12800,"comment_status":"closed","ping_status":"closed","sticky":false,"template":"","format":"standard","meta":{"footnotes":""},"categories":[3],"tags":[],"class_list":["post-13039","post","type-post","status-publish","format-standard","has-post-thumbnail","hentry","category-jardin-y-consejos","generate-columns","tablet-grid-50","mobile-grid-100","grid-parent","grid-50","no-featured-image-padding"],"_links":{"self":[{"href":"https:\/\/abuelaenlacocina.com\/index.php\/wp-json\/wp\/v2\/posts\/13039","targetHints":{"allow":["GET"]}}],"collection":[{"href":"https:\/\/abuelaenlacocina.com\/index.php\/wp-json\/wp\/v2\/posts"}],"about":[{"href":"https:\/\/abuelaenlacocina.com\/index.php\/wp-json\/wp\/v2\/types\/post"}],"author":[{"embeddable":true,"href":"https:\/\/abuelaenlacocina.com\/index.php\/wp-json\/wp\/v2\/users\/5"}],"replies":[{"embeddable":true,"href":"https:\/\/abuelaenlacocina.com\/index.php\/wp-json\/wp\/v2\/comments?post=13039"}],"version-history":[{"count":1,"href":"https:\/\/abuelaenlacocina.com\/index.php\/wp-json\/wp\/v2\/posts\/13039\/revisions"}],"predecessor-version":[{"id":13042,"href":"https:\/\/abuelaenlacocina.com\/index.php\/wp-json\/wp\/v2\/posts\/13039\/revisions\/13042"}],"wp:featuredmedia":[{"embeddable":true,"href":"https:\/\/abuelaenlacocina.com\/index.php\/wp-json\/wp\/v2\/media\/12800"}],"wp:attachment":[{"href":"https:\/\/abuelaenlacocina.com\/index.php\/wp-json\/wp\/v2\/media?parent=13039"}],"wp:term":[{"taxonomy":"category","embeddable":true,"href":"https:\/\/abuelaenlacocina.com\/index.php\/wp-json\/wp\/v2\/categories?post=13039"},{"taxonomy":"post_tag","embeddable":true,"href":"https:\/\/abuelaenlacocina.com\/index.php\/wp-json\/wp\/v2\/tags?post=13039"}],"curies":[{"name":"wp","href":"https:\/\/api.w.org\/{rel}","templated":true}]}}