{"id":12541,"date":"2024-02-04T13:54:14","date_gmt":"2024-02-04T13:54:14","guid":{"rendered":"https:\/\/abuelaenlacocina.com\/?p=12541"},"modified":"2024-02-04T13:54:15","modified_gmt":"2024-02-04T13:54:15","slug":"mi-abuela-me-dio-un-truco-para-conservar-el-ajo-permanecera-fresco-durante-un-ano-y-no-tendras-que-seguir-comprandolo","status":"publish","type":"post","link":"https:\/\/abuelaenlacocina.com\/index.php\/2024\/02\/04\/mi-abuela-me-dio-un-truco-para-conservar-el-ajo-permanecera-fresco-durante-un-ano-y-no-tendras-que-seguir-comprandolo\/","title":{"rendered":"&#8220;Mi abuela me dio un truco para conservar el ajo. Permanecer\u00e1 fresco durante un a\u00f1o y no tendr\u00e1s que seguir compr\u00e1ndolo.&#8221;"},"content":{"rendered":"\n<p><strong>Los beneficios del ajo son conocidos desde hace siglos y es uno de los ingredientes b\u00e1sicos que siempre deber\u00edas tener a mano. Sin embargo, no todos saben c\u00f3mo conservarlo.<\/strong><\/p>\n\n\n\n<p>La conservaci\u00f3n del ajo es un tema crucial. Si se beneficia de buenas condiciones de almacenamiento, perdurar\u00e1 hasta la pr\u00f3xima temporada. De lo contrario, comenzar\u00e1 a pudrirse o a germinar. Si deseas evitar esto y aprender qu\u00e9 condiciones crear para almacenar el ajo, sigue leyendo este art\u00edculo\u2026<\/p>\n\n\n\n<p>arom\u00e1tico, blanco, entero PIXELS Las propiedades beneficiosas del ajo se deben en gran medida a que es un bulbo que contiene suficientes nutrientes por s\u00ed mismo para cultivar algo en el futuro. As\u00ed que, en cuanto el ajo comienza a germinar (principalmente debido a la alta humedad), la cantidad de vitaminas comienza a disminuir r\u00e1pidamente. Empieza a lucir marchito, ins\u00edpido y se echa a perder r\u00e1pidamente.<\/p>\n\n\n\n<p>La podredumbre convierte al ajo en un cultivo que no deber\u00eda ser consumido. Antes de almacenar el ajo, debe ser cuidadosamente seleccionado y todas las cabezas con manchas, agujeros y manchas oscuras deben ser eliminadas.<\/p>\n\n\n\n<figure class=\"wp-block-image size-full\"><img loading=\"lazy\" decoding=\"async\" width=\"500\" height=\"750\" src=\"https:\/\/abuelaenlacocina.com\/wp-content\/uploads\/2024\/02\/image-62.png\" alt=\"\" class=\"wp-image-12543\" srcset=\"https:\/\/abuelaenlacocina.com\/wp-content\/uploads\/2024\/02\/image-62.png 500w, https:\/\/abuelaenlacocina.com\/wp-content\/uploads\/2024\/02\/image-62-200x300.png 200w\" sizes=\"auto, (max-width: 500px) 100vw, 500px\" \/><\/figure>\n\n\n\n<p><strong>ajo<\/strong>, ingredientes, comida PIXELS EL ANTIGUO M\u00c9TODO DE ALMACENAMIENTO Incluso antes de la invenci\u00f3n de los refrigeradores, el ajo se trenzaba y colgaba en un lugar fresco y oscuro, ya sea en el \u00e1tico o en el s\u00f3tano. Pod\u00eda conservarse de esta manera durante varios meses sin germinar. Pero <\/p>\n\n\n\n<p><strong>qu\u00e9 sucede si tus condiciones no te permiten almacenar el ajo de esta manera en casa?<\/strong><\/p>\n\n\n\n<p>QUEMA LAS RA\u00cdCES El ajo reci\u00e9n cosechado o comprado siempre tiene ra\u00edces. S\u00ed, no son muy visibles, pero son responsables de que el ajo germine o no. Si deseas evitarlo, debes quemarlas con f\u00f3sforos, un encendedor o un quemador de cocina.<\/p>\n\n\n\n<p><strong>hierba, hierbas, frescura PIXELS Enterrar en sal<\/strong><\/p>\n\n\n\n<p>Este m\u00e9todo requiere una caja o un bid\u00f3n de tres litros. Capas de sal se alternan con cabezas de ajo y las rodean estrechamente. De esta manera, los dientes de ajo permanecen frescos por m\u00e1s tiempo y no pueden pudrirse ni germinar: es como si estuvieran conservados en sal.<\/p>\n\n\n\n<figure class=\"wp-block-image size-full\"><img loading=\"lazy\" decoding=\"async\" width=\"500\" height=\"750\" src=\"https:\/\/abuelaenlacocina.com\/wp-content\/uploads\/2024\/02\/image-63.png\" alt=\"\" class=\"wp-image-12544\" srcset=\"https:\/\/abuelaenlacocina.com\/wp-content\/uploads\/2024\/02\/image-63.png 500w, https:\/\/abuelaenlacocina.com\/wp-content\/uploads\/2024\/02\/image-63-200x300.png 200w\" sizes=\"auto, (max-width: 500px) 100vw, 500px\" \/><\/figure>\n\n\n\n<p>Otra forma de proteger el ajo de la humedad es usar aserr\u00edn, cereales, cenizas o harina en lugar de sal, siempre y cuando la capa superior del producto a granel tenga al menos 2 cm de grosor.<\/p>\n\n\n\n<p><strong>Parafina derretida<\/strong><\/p>\n\n\n\n<p>En alg\u00fan momento, el ajo reci\u00e9n cosechado se sumerg\u00eda en parafina derretida, se dejaba escurrir y endurecer. De esta manera, no pod\u00eda perder humedad y no corr\u00eda el riesgo de estropearse.<\/p>\n\n\n\n<p>\u00a1Comparte este art\u00edculo con aquellos que no saben c\u00f3mo conservar correctamente el ajo en casa!<\/p>\n","protected":false},"excerpt":{"rendered":"<p>Los beneficios del ajo son conocidos desde hace siglos y es uno de los ingredientes b\u00e1sicos que siempre deber\u00edas tener a mano. Sin embargo, no todos saben c\u00f3mo conservarlo. La &#8230; <\/p>\n<p class=\"read-more-container\"><a title=\"&#8220;Mi abuela me dio un truco para conservar el ajo. Permanecer\u00e1 fresco durante un a\u00f1o y no tendr\u00e1s que seguir compr\u00e1ndolo.&#8221;\" class=\"read-more button\" href=\"https:\/\/abuelaenlacocina.com\/index.php\/2024\/02\/04\/mi-abuela-me-dio-un-truco-para-conservar-el-ajo-permanecera-fresco-durante-un-ano-y-no-tendras-que-seguir-comprandolo\/#more-12541\" aria-label=\"More on &#8220;Mi abuela me dio un truco para conservar el ajo. Permanecer\u00e1 fresco durante un a\u00f1o y no tendr\u00e1s que seguir compr\u00e1ndolo.&#8221;\">Seguir leyendo<\/a><\/p>\n","protected":false},"author":5,"featured_media":12542,"comment_status":"closed","ping_status":"closed","sticky":false,"template":"","format":"standard","meta":{"footnotes":""},"categories":[3],"tags":[],"class_list":["post-12541","post","type-post","status-publish","format-standard","has-post-thumbnail","hentry","category-jardin-y-consejos","generate-columns","tablet-grid-50","mobile-grid-100","grid-parent","grid-50","no-featured-image-padding"],"_links":{"self":[{"href":"https:\/\/abuelaenlacocina.com\/index.php\/wp-json\/wp\/v2\/posts\/12541","targetHints":{"allow":["GET"]}}],"collection":[{"href":"https:\/\/abuelaenlacocina.com\/index.php\/wp-json\/wp\/v2\/posts"}],"about":[{"href":"https:\/\/abuelaenlacocina.com\/index.php\/wp-json\/wp\/v2\/types\/post"}],"author":[{"embeddable":true,"href":"https:\/\/abuelaenlacocina.com\/index.php\/wp-json\/wp\/v2\/users\/5"}],"replies":[{"embeddable":true,"href":"https:\/\/abuelaenlacocina.com\/index.php\/wp-json\/wp\/v2\/comments?post=12541"}],"version-history":[{"count":1,"href":"https:\/\/abuelaenlacocina.com\/index.php\/wp-json\/wp\/v2\/posts\/12541\/revisions"}],"predecessor-version":[{"id":12545,"href":"https:\/\/abuelaenlacocina.com\/index.php\/wp-json\/wp\/v2\/posts\/12541\/revisions\/12545"}],"wp:featuredmedia":[{"embeddable":true,"href":"https:\/\/abuelaenlacocina.com\/index.php\/wp-json\/wp\/v2\/media\/12542"}],"wp:attachment":[{"href":"https:\/\/abuelaenlacocina.com\/index.php\/wp-json\/wp\/v2\/media?parent=12541"}],"wp:term":[{"taxonomy":"category","embeddable":true,"href":"https:\/\/abuelaenlacocina.com\/index.php\/wp-json\/wp\/v2\/categories?post=12541"},{"taxonomy":"post_tag","embeddable":true,"href":"https:\/\/abuelaenlacocina.com\/index.php\/wp-json\/wp\/v2\/tags?post=12541"}],"curies":[{"name":"wp","href":"https:\/\/api.w.org\/{rel}","templated":true}]}}