{"id":12187,"date":"2024-01-30T12:42:20","date_gmt":"2024-01-30T12:42:20","guid":{"rendered":"https:\/\/abuelaenlacocina.com\/?p=12187"},"modified":"2024-01-30T12:42:22","modified_gmt":"2024-01-30T12:42:22","slug":"tu-cordyline-tiene-hojas-secas-y-marrones-esta-prevencion-evita-este-inconveniente","status":"publish","type":"post","link":"https:\/\/abuelaenlacocina.com\/index.php\/2024\/01\/30\/tu-cordyline-tiene-hojas-secas-y-marrones-esta-prevencion-evita-este-inconveniente\/","title":{"rendered":"Tu cordyline tiene hojas secas y marrones? \u00a1Esta prevenci\u00f3n evita este inconveniente!"},"content":{"rendered":"\n<p>Sin embargo, incluso si cuidamos las plantas de la mejor manera posible, a veces sus hojas se vuelven secas y marrones.<\/p>\n\n\n\n<p>C\u00f3mo actuar para prevenir este inconveniente? Aqu\u00ed hay algunos elementos de respuesta.<\/p>\n\n\n\n<p><strong>Por qu\u00e9 la cordyline tiene hojas secas y de color marr\u00f3n?<\/strong><\/p>\n\n\n\n<p><strong>1. Falta de agua:<\/strong> Incluso si est\u00e1s acostumbrado a regar tu planta, a veces puede tener necesidades particulares de agua en ciertos momentos. Debes observar siempre el estado del suelo. Si las hojas se vuelven secas con manchas marrones, esto indica falta de agua. Sin embargo, no debes empapar el suelo.<\/p>\n\n\n\n<p>Si la capa superficial del suelo est\u00e1 seca, es una se\u00f1al de que es hora de regar tu cordyline. Si los bordes de las hojas est\u00e1n secos con manchas marrones, tambi\u00e9n significa que tu planta sufre de falta de agua.<\/p>\n\n\n\n<figure class=\"wp-block-image size-full\"><img loading=\"lazy\" decoding=\"async\" width=\"340\" height=\"500\" src=\"https:\/\/abuelaenlacocina.com\/wp-content\/uploads\/2024\/01\/image-779.png\" alt=\"\" class=\"wp-image-12189\" srcset=\"https:\/\/abuelaenlacocina.com\/wp-content\/uploads\/2024\/01\/image-779.png 340w, https:\/\/abuelaenlacocina.com\/wp-content\/uploads\/2024\/01\/image-779-204x300.png 204w\" sizes=\"auto, (max-width: 340px) 100vw, 340px\" \/><\/figure>\n\n\n\n<p><strong>2. Exposici\u00f3n excesiva al sol:<\/strong> La cordyline a menudo comunica sus necesidades a trav\u00e9s del estado de sus hojas. Estas se secan y tornan marrones cuando est\u00e1n demasiado expuestas al sol.<\/p>\n\n\n\n<p>En general, esta variedad de plantas aprecia una luminosidad tamizada. Con luz indirecta, tu planta prosperar\u00e1 plenamente y estar\u00e1 en perfecto estado de salud.<\/p>\n\n\n\n<p><strong>C\u00f3mo cuidar de tu cordyline para evitar hojas secas?<\/strong><\/p>\n\n\n\n<p>Para evitar tratar tus plantas, debes prevenir la aparici\u00f3n de diferentes inconvenientes mediante cuidados adecuados. Aqu\u00ed hay algunas precauciones para mantener tu cordyline saludable y en pleno estado.<\/p>\n\n\n\n<p><strong>Medidas de prevenci\u00f3n:<\/strong><\/p>\n\n\n\n<ul class=\"wp-block-list\">\n<li>Vigila el estado del suelo y riega cuando sea necesario sin empaparlo.<\/li>\n\n\n\n<li>Coloca la planta en un lugar que no est\u00e9 expuesto directamente al sol.<\/li>\n\n\n\n<li>Aseg\u00farate de tener una temperatura entre 15 y 24 grados para un crecimiento \u00f3ptimo.<\/li>\n\n\n\n<li>Fertiliza tu planta con un fertilizante equilibrado.<\/li>\n\n\n\n<li>Observa regularmente el follaje de tu cordyline. En caso de signos anormales, realiza un tratamiento seg\u00fan los s\u00edntomas.<\/li>\n<\/ul>\n\n\n\n<p><strong>Tratamiento:<\/strong><\/p>\n\n\n\n<ul class=\"wp-block-list\">\n<li>Retira las hojas secas y da\u00f1adas.<\/li>\n\n\n\n<li>En caso de enfermedad f\u00fangica, realiza un tratamiento con fungicida.<\/li>\n\n\n\n<li>Riega tu planta regularmente, vigilando la humedad del suelo.<\/li>\n\n\n\n<li>Elige las mejores ubicaciones que sean adecuadas para tu planta.<\/li>\n<\/ul>\n","protected":false},"excerpt":{"rendered":"<p>Sin embargo, incluso si cuidamos las plantas de la mejor manera posible, a veces sus hojas se vuelven secas y marrones. C\u00f3mo actuar para prevenir este inconveniente? Aqu\u00ed hay algunos &#8230; <\/p>\n<p class=\"read-more-container\"><a title=\"Tu cordyline tiene hojas secas y marrones? \u00a1Esta prevenci\u00f3n evita este inconveniente!\" class=\"read-more button\" href=\"https:\/\/abuelaenlacocina.com\/index.php\/2024\/01\/30\/tu-cordyline-tiene-hojas-secas-y-marrones-esta-prevencion-evita-este-inconveniente\/#more-12187\" aria-label=\"More on Tu cordyline tiene hojas secas y marrones? \u00a1Esta prevenci\u00f3n evita este inconveniente!\">Seguir leyendo<\/a><\/p>\n","protected":false},"author":5,"featured_media":12188,"comment_status":"closed","ping_status":"closed","sticky":false,"template":"","format":"standard","meta":{"footnotes":""},"categories":[3],"tags":[],"class_list":["post-12187","post","type-post","status-publish","format-standard","has-post-thumbnail","hentry","category-jardin-y-consejos","generate-columns","tablet-grid-50","mobile-grid-100","grid-parent","grid-50","no-featured-image-padding"],"_links":{"self":[{"href":"https:\/\/abuelaenlacocina.com\/index.php\/wp-json\/wp\/v2\/posts\/12187","targetHints":{"allow":["GET"]}}],"collection":[{"href":"https:\/\/abuelaenlacocina.com\/index.php\/wp-json\/wp\/v2\/posts"}],"about":[{"href":"https:\/\/abuelaenlacocina.com\/index.php\/wp-json\/wp\/v2\/types\/post"}],"author":[{"embeddable":true,"href":"https:\/\/abuelaenlacocina.com\/index.php\/wp-json\/wp\/v2\/users\/5"}],"replies":[{"embeddable":true,"href":"https:\/\/abuelaenlacocina.com\/index.php\/wp-json\/wp\/v2\/comments?post=12187"}],"version-history":[{"count":1,"href":"https:\/\/abuelaenlacocina.com\/index.php\/wp-json\/wp\/v2\/posts\/12187\/revisions"}],"predecessor-version":[{"id":12190,"href":"https:\/\/abuelaenlacocina.com\/index.php\/wp-json\/wp\/v2\/posts\/12187\/revisions\/12190"}],"wp:featuredmedia":[{"embeddable":true,"href":"https:\/\/abuelaenlacocina.com\/index.php\/wp-json\/wp\/v2\/media\/12188"}],"wp:attachment":[{"href":"https:\/\/abuelaenlacocina.com\/index.php\/wp-json\/wp\/v2\/media?parent=12187"}],"wp:term":[{"taxonomy":"category","embeddable":true,"href":"https:\/\/abuelaenlacocina.com\/index.php\/wp-json\/wp\/v2\/categories?post=12187"},{"taxonomy":"post_tag","embeddable":true,"href":"https:\/\/abuelaenlacocina.com\/index.php\/wp-json\/wp\/v2\/tags?post=12187"}],"curies":[{"name":"wp","href":"https:\/\/api.w.org\/{rel}","templated":true}]}}