{"id":11898,"date":"2024-01-25T07:49:27","date_gmt":"2024-01-25T07:49:27","guid":{"rendered":"https:\/\/abuelaenlacocina.com\/?p=11898"},"modified":"2024-01-25T07:49:30","modified_gmt":"2024-01-25T07:49:30","slug":"cuida-un-poco-mas-de-tus-plantas-floreceran-en-apenas-una-semana","status":"publish","type":"post","link":"https:\/\/abuelaenlacocina.com\/index.php\/2024\/01\/25\/cuida-un-poco-mas-de-tus-plantas-floreceran-en-apenas-una-semana\/","title":{"rendered":"CUIDA UN POCO M\u00c1S DE TUS PLANTAS: FLORECER\u00c1N EN APENAS UNA SEMANA"},"content":{"rendered":"\n<p>Flor marchita y amarilla, \u00bfqu\u00e9 m\u00e9todo sugieren los expertos en horticultura para revitalizarla y hacer que la planta sea m\u00e1s saludable? Aqu\u00ed se describe el m\u00e9todo.<\/p>\n\n\n\n<p><strong>Truco para Revitalizar las Plantas &#8211; Nanopress.it<\/strong><\/p>\n\n\n\n<p>Existen diversas causas y factores que pueden debilitar a las plantas: la falta de vitaminas y minerales, condiciones estacionales, enfermedades, bacterias, hongos, moho, escasez o exceso de agua, entre otros. En resumen, hay numerosos factores y causas externas e internas que pueden afectar la vitalidad de la planta. A menudo, se recurre al uso de fertilizantes qu\u00edmicos, pero no siempre son la soluci\u00f3n m\u00e1s efectiva. Por eso, los expertos en horticultura recomiendan el uso de remedios naturales eficaces. Existe un m\u00e9todo natural y verdaderamente eficaz que fortalece el sistema inmunol\u00f3gico de las plantas utilizando un nutriente curativo verde y econ\u00f3mico. Aqu\u00ed te contamos de qu\u00e9 se trata.<\/p>\n\n\n\n<figure class=\"wp-block-image size-full\"><img loading=\"lazy\" decoding=\"async\" width=\"1000\" height=\"523\" src=\"https:\/\/abuelaenlacocina.com\/wp-content\/uploads\/2024\/01\/image-692.png\" alt=\"\" class=\"wp-image-11900\" srcset=\"https:\/\/abuelaenlacocina.com\/wp-content\/uploads\/2024\/01\/image-692.png 1000w, https:\/\/abuelaenlacocina.com\/wp-content\/uploads\/2024\/01\/image-692-300x157.png 300w, https:\/\/abuelaenlacocina.com\/wp-content\/uploads\/2024\/01\/image-692-768x402.png 768w\" sizes=\"auto, (max-width: 1000px) 100vw, 1000px\" \/><\/figure>\n\n\n\n<p><strong>Planta Debilitada con Hojas Amarillas y Flores Secas: Posibles Causas<\/strong><\/p>\n\n\n\n<p>Hay varias causas y factores que pueden debilitar a una planta con el tiempo. El uso de una maceta inadecuada puede debilitar las ra\u00edces de la planta o ser completamente inapropiada para el crecimiento saludable y vigoroso de la planta. Piensa, por ejemplo, en el cultivo saludable y vigoroso de las orqu\u00eddeas. Esta planta perenne anual requiere ser cultivada en una maceta transparente, no en una maceta de pl\u00e1stico.<\/p>\n\n\n\n<p>La falta de nutrientes, incluyendo vitaminas y minerales, tambi\u00e9n puede ser una de las principales causas del debilitamiento de la planta. Las plantas necesitan diversos tipos de nutrientes que fortalecen su sistema inmunol\u00f3gico. Normalmente, las plantas requieren nutrientes inorg\u00e1nicos, que desempe\u00f1an un papel fundamental en su metabolismo.<\/p>\n\n\n\n<p>Los nutrientes org\u00e1nicos representan el noventa por ciento de la fracci\u00f3n seca de las plantas y consisten en ox\u00edgeno, carbono e hidr\u00f3geno. Los minerales necesarios para el crecimiento saludable y vigoroso de la planta son macronutrientes y micronutrientes. Los micronutrientes consisten en enzimas y son necesarios en menores cantidades. La planta necesita manganeso, hierro, cobre, molibdeno, cloro, zinc y n\u00edquel. Los principales macronutrientes son carbohidratos y l\u00edpidos. Entre los nutrientes esenciales se encuentran el nitr\u00f3geno, calcio, ox\u00edgeno, f\u00f3sforo, potasio, magnesio y carbono. La necesidad de nutrientes depende del pH del sustrato.<\/p>\n\n\n\n<p>Otra causa del debilitamiento de las plantas es la presencia de cochonillas, insectos que se alimentan de la savia de la planta y producen una sustancia azucarada llamada melaza.<\/p>\n\n\n\n<p><strong>Flor Marchita y Amarilla: El Nutriente Curativo para Fortalecer el Sistema Inmunol\u00f3gico<\/strong><\/p>\n\n\n\n<p>Para fortalecer el sistema inmunol\u00f3gico de la planta, es posible preparar un remedio natural y efectivo. Solo necesitas calentar agua y agregar tres o cuatro hojas de laurel. Despu\u00e9s de algunas horas, filtra la soluci\u00f3n acuosa, vi\u00e9rtela en un pulverizador y apl\u00edcala en el suelo, las hojas y las flores. El laurel es una especia beneficiosa no solo para la salud humana, sino tambi\u00e9n para las plantas. Posee varias funciones: act\u00faa como un excelente repelente natural que aleja insectos y par\u00e1sitos, tiene propiedades antis\u00e9pticas, relajantes y antioxidantes.<\/p>\n","protected":false},"excerpt":{"rendered":"<p>Flor marchita y amarilla, \u00bfqu\u00e9 m\u00e9todo sugieren los expertos en horticultura para revitalizarla y hacer que la planta sea m\u00e1s saludable? Aqu\u00ed se describe el m\u00e9todo. Truco para Revitalizar las &#8230; <\/p>\n<p class=\"read-more-container\"><a title=\"CUIDA UN POCO M\u00c1S DE TUS PLANTAS: FLORECER\u00c1N EN APENAS UNA SEMANA\" class=\"read-more button\" href=\"https:\/\/abuelaenlacocina.com\/index.php\/2024\/01\/25\/cuida-un-poco-mas-de-tus-plantas-floreceran-en-apenas-una-semana\/#more-11898\" aria-label=\"More on CUIDA UN POCO M\u00c1S DE TUS PLANTAS: FLORECER\u00c1N EN APENAS UNA SEMANA\">Seguir leyendo<\/a><\/p>\n","protected":false},"author":5,"featured_media":11899,"comment_status":"closed","ping_status":"closed","sticky":false,"template":"","format":"standard","meta":{"footnotes":""},"categories":[3],"tags":[],"class_list":["post-11898","post","type-post","status-publish","format-standard","has-post-thumbnail","hentry","category-jardin-y-consejos","generate-columns","tablet-grid-50","mobile-grid-100","grid-parent","grid-50","no-featured-image-padding"],"_links":{"self":[{"href":"https:\/\/abuelaenlacocina.com\/index.php\/wp-json\/wp\/v2\/posts\/11898","targetHints":{"allow":["GET"]}}],"collection":[{"href":"https:\/\/abuelaenlacocina.com\/index.php\/wp-json\/wp\/v2\/posts"}],"about":[{"href":"https:\/\/abuelaenlacocina.com\/index.php\/wp-json\/wp\/v2\/types\/post"}],"author":[{"embeddable":true,"href":"https:\/\/abuelaenlacocina.com\/index.php\/wp-json\/wp\/v2\/users\/5"}],"replies":[{"embeddable":true,"href":"https:\/\/abuelaenlacocina.com\/index.php\/wp-json\/wp\/v2\/comments?post=11898"}],"version-history":[{"count":1,"href":"https:\/\/abuelaenlacocina.com\/index.php\/wp-json\/wp\/v2\/posts\/11898\/revisions"}],"predecessor-version":[{"id":11901,"href":"https:\/\/abuelaenlacocina.com\/index.php\/wp-json\/wp\/v2\/posts\/11898\/revisions\/11901"}],"wp:featuredmedia":[{"embeddable":true,"href":"https:\/\/abuelaenlacocina.com\/index.php\/wp-json\/wp\/v2\/media\/11899"}],"wp:attachment":[{"href":"https:\/\/abuelaenlacocina.com\/index.php\/wp-json\/wp\/v2\/media?parent=11898"}],"wp:term":[{"taxonomy":"category","embeddable":true,"href":"https:\/\/abuelaenlacocina.com\/index.php\/wp-json\/wp\/v2\/categories?post=11898"},{"taxonomy":"post_tag","embeddable":true,"href":"https:\/\/abuelaenlacocina.com\/index.php\/wp-json\/wp\/v2\/tags?post=11898"}],"curies":[{"name":"wp","href":"https:\/\/api.w.org\/{rel}","templated":true}]}}