{"id":11873,"date":"2024-01-25T06:49:48","date_gmt":"2024-01-25T06:49:48","guid":{"rendered":"https:\/\/abuelaenlacocina.com\/?p=11873"},"modified":"2024-01-25T06:49:49","modified_gmt":"2024-01-25T06:49:49","slug":"parece-un-guisante-pero-es-el-favorito-de-la-habitacion-aprende-a-cultivar-el-seneccio","status":"publish","type":"post","link":"https:\/\/abuelaenlacocina.com\/index.php\/2024\/01\/25\/parece-un-guisante-pero-es-el-favorito-de-la-habitacion-aprende-a-cultivar-el-seneccio\/","title":{"rendered":"&#8220;Parece un guisante, pero es el favorito de la habitaci\u00f3n: \u00a1aprende a cultivar el SENECCIO!&#8221;"},"content":{"rendered":"\n<p>Esta suculenta rastrera es originaria de Sud\u00e1frica y est\u00e1 ganando popularidad. Su nombre com\u00fan es Senecio rowleyanus, pero es mejor conocida como Cuerda de Perlas. Es una hermosa planta suculenta apreciada especialmente por sus hojas en forma de perla, pero pocos saben que tambi\u00e9n puede florecer.<\/p>\n\n\n\n<p>Aprende a cultivar el senecio gracias al portal Remedio Natural. Esta suculenta perenne tiene hojas carnosas que act\u00faan como reservorio de agua, permiti\u00e9ndole sobrevivir en per\u00edodos de sequ\u00eda. Es ideal para estantes o para colgar en macetas. A pesar de su belleza, es t\u00f3xica para ni\u00f1os y mascotas, por lo que es importante colocarla fuera de su alcance.<\/p>\n\n\n\n<figure class=\"wp-block-image size-full\"><img loading=\"lazy\" decoding=\"async\" width=\"570\" height=\"760\" src=\"https:\/\/abuelaenlacocina.com\/wp-content\/uploads\/2024\/01\/image-686.png\" alt=\"\" class=\"wp-image-11876\" srcset=\"https:\/\/abuelaenlacocina.com\/wp-content\/uploads\/2024\/01\/image-686.png 570w, https:\/\/abuelaenlacocina.com\/wp-content\/uploads\/2024\/01\/image-686-225x300.png 225w\" sizes=\"auto, (max-width: 570px) 100vw, 570px\" \/><\/figure>\n\n\n\n<p>Las flores, peque\u00f1as y blancas, tienen forma de estrella y un delicioso aroma a canela. Florecen a finales de primavera o verano. Aunque es f\u00e1cil de cuidar, es probable que nunca florezca si no se replican las condiciones de su h\u00e1bitat natural. Para hacer que la Cuerda de Perlas florezca, sigue los consejos que se presentan a continuaci\u00f3n.<\/p>\n\n\n\n<p><strong>Condiciones de crecimiento:<\/strong><\/p>\n\n\n\n<ol class=\"wp-block-list\">\n<li>Luz adecuada: El senecio requiere luz solar abundante pero indirecta. Col\u00f3quelo cerca de una ventana sombreada para evitar la luz directa del sol.<\/li>\n\n\n\n<li>Drenaje: El senecio no tolera la humedad excesiva. Aseg\u00farate de que la maceta tenga un buen drenaje e riega solo cuando el suelo est\u00e9 completamente seco (cada 10-15 d\u00edas).<\/li>\n\n\n\n<li>Fertilizante: Aplica un fertilizante espec\u00edfico para suculentas mensualmente durante la primavera y el verano para mejorar la apariencia de las flores. Evita fertilizar en invierno.<\/li>\n\n\n\n<li>Poda: Elimina los tallos secos o podridos para mantener la planta saludable.<\/li>\n<\/ol>\n\n\n\n<p><strong>Feng Shui<\/strong>: Seg\u00fan el Feng Shui, el senecio es una planta que atrae la buena suerte al hogar. Col\u00f3cala en el balc\u00f3n, ventana o terraza para proteger la casa de las energ\u00edas negativas. Si tienes una oficina o \u00e1rea de estudio, colocar el senecio puede estimular la actividad cerebral y la creatividad.<\/p>\n\n\n\n<p><strong>Reproducci\u00f3n<\/strong>: La reproducci\u00f3n del senecio es sencilla a trav\u00e9s de esquejes. Corta los brotes individuales y col\u00f3calos en el sustrato, manteniendo la tierra h\u00fameda hasta que los brotes se arraiguen.<\/p>\n\n\n\n<p><strong>\u00a1Buena suerte en el cultivo de tu Senecio!<\/strong><\/p>\n","protected":false},"excerpt":{"rendered":"<p>Esta suculenta rastrera es originaria de Sud\u00e1frica y est\u00e1 ganando popularidad. Su nombre com\u00fan es Senecio rowleyanus, pero es mejor conocida como Cuerda de Perlas. Es una hermosa planta suculenta &#8230; <\/p>\n<p class=\"read-more-container\"><a title=\"&#8220;Parece un guisante, pero es el favorito de la habitaci\u00f3n: \u00a1aprende a cultivar el SENECCIO!&#8221;\" class=\"read-more button\" href=\"https:\/\/abuelaenlacocina.com\/index.php\/2024\/01\/25\/parece-un-guisante-pero-es-el-favorito-de-la-habitacion-aprende-a-cultivar-el-seneccio\/#more-11873\" aria-label=\"More on &#8220;Parece un guisante, pero es el favorito de la habitaci\u00f3n: \u00a1aprende a cultivar el SENECCIO!&#8221;\">Seguir leyendo<\/a><\/p>\n","protected":false},"author":5,"featured_media":11875,"comment_status":"closed","ping_status":"closed","sticky":false,"template":"","format":"standard","meta":{"footnotes":""},"categories":[3],"tags":[],"class_list":["post-11873","post","type-post","status-publish","format-standard","has-post-thumbnail","hentry","category-jardin-y-consejos","generate-columns","tablet-grid-50","mobile-grid-100","grid-parent","grid-50","no-featured-image-padding"],"_links":{"self":[{"href":"https:\/\/abuelaenlacocina.com\/index.php\/wp-json\/wp\/v2\/posts\/11873","targetHints":{"allow":["GET"]}}],"collection":[{"href":"https:\/\/abuelaenlacocina.com\/index.php\/wp-json\/wp\/v2\/posts"}],"about":[{"href":"https:\/\/abuelaenlacocina.com\/index.php\/wp-json\/wp\/v2\/types\/post"}],"author":[{"embeddable":true,"href":"https:\/\/abuelaenlacocina.com\/index.php\/wp-json\/wp\/v2\/users\/5"}],"replies":[{"embeddable":true,"href":"https:\/\/abuelaenlacocina.com\/index.php\/wp-json\/wp\/v2\/comments?post=11873"}],"version-history":[{"count":1,"href":"https:\/\/abuelaenlacocina.com\/index.php\/wp-json\/wp\/v2\/posts\/11873\/revisions"}],"predecessor-version":[{"id":11877,"href":"https:\/\/abuelaenlacocina.com\/index.php\/wp-json\/wp\/v2\/posts\/11873\/revisions\/11877"}],"wp:featuredmedia":[{"embeddable":true,"href":"https:\/\/abuelaenlacocina.com\/index.php\/wp-json\/wp\/v2\/media\/11875"}],"wp:attachment":[{"href":"https:\/\/abuelaenlacocina.com\/index.php\/wp-json\/wp\/v2\/media?parent=11873"}],"wp:term":[{"taxonomy":"category","embeddable":true,"href":"https:\/\/abuelaenlacocina.com\/index.php\/wp-json\/wp\/v2\/categories?post=11873"},{"taxonomy":"post_tag","embeddable":true,"href":"https:\/\/abuelaenlacocina.com\/index.php\/wp-json\/wp\/v2\/tags?post=11873"}],"curies":[{"name":"wp","href":"https:\/\/api.w.org\/{rel}","templated":true}]}}