{"id":11734,"date":"2024-01-24T11:02:40","date_gmt":"2024-01-24T11:02:40","guid":{"rendered":"https:\/\/abuelaenlacocina.com\/?p=11734"},"modified":"2024-03-31T19:41:31","modified_gmt":"2024-03-31T19:41:31","slug":"preserve-una-orquidea-de-machu-picchu-y-no-podia-dejar-de-asombrarme-es-mucho-mas-hermosa-y-saludable","status":"publish","type":"post","link":"https:\/\/abuelaenlacocina.com\/index.php\/2024\/01\/24\/preserve-una-orquidea-de-machu-picchu-y-no-podia-dejar-de-asombrarme-es-mucho-mas-hermosa-y-saludable\/","title":{"rendered":"Preserv\u00e9 una orqu\u00eddea de Machu Picchu y no pod\u00eda dejar de asombrarme. ES MUCHO M\u00c1S HERMOSA Y SALUDABLE."},"content":{"rendered":"\n<p><strong>\u00a1No solo se puede agregar musgo en la parte superior de la maceta, sino que tambi\u00e9n se puede utilizar en lugar de la corteza com\u00fan! \u00a1Transplante su orqu\u00eddea al musgo y d\u00e9jese sorprender por los resultados!<\/strong><\/p>\n\n\n\n<figure class=\"wp-block-image size-full\"><img loading=\"lazy\" decoding=\"async\" width=\"800\" height=\"450\" src=\"https:\/\/abuelaenlacocina.com\/wp-content\/uploads\/2024\/01\/image-639.png\" alt=\"\" class=\"wp-image-11737\" srcset=\"https:\/\/abuelaenlacocina.com\/wp-content\/uploads\/2024\/01\/image-639.png 800w, https:\/\/abuelaenlacocina.com\/wp-content\/uploads\/2024\/01\/image-639-300x169.png 300w, https:\/\/abuelaenlacocina.com\/wp-content\/uploads\/2024\/01\/image-639-768x432.png 768w\" sizes=\"auto, (max-width: 800px) 100vw, 800px\" \/><\/figure>\n\n\n\n<p>El musgo retiene perfectamente la humedad y la suministra gradualmente a las ra\u00edces. Por lo tanto, tendr\u00e1 que regar la orqu\u00eddea mucho menos de lo habitual. Riegue cuando el musgo se aclare y las ra\u00edces adquieran un tono plateado gris\u00e1ceo.<\/p>\n\n\n\n<p>Cuando las ra\u00edces est\u00e9n abundantemente verdes, no ser\u00e1 necesario regar. Lo m\u00e1s adecuado es regar con cuidado desde una jeringa a lo largo del borde para evitar el desbordamiento. \u00a1Basta con empapar el musgo para que cambie de color, eso es todo!<\/p>\n\n\n\n<figure class=\"wp-block-image size-full\"><img loading=\"lazy\" decoding=\"async\" width=\"800\" height=\"450\" src=\"https:\/\/abuelaenlacocina.com\/wp-content\/uploads\/2024\/01\/image-640.png\" alt=\"\" class=\"wp-image-11738\" srcset=\"https:\/\/abuelaenlacocina.com\/wp-content\/uploads\/2024\/01\/image-640.png 800w, https:\/\/abuelaenlacocina.com\/wp-content\/uploads\/2024\/01\/image-640-300x169.png 300w, https:\/\/abuelaenlacocina.com\/wp-content\/uploads\/2024\/01\/image-640-768x432.png 768w\" sizes=\"auto, (max-width: 800px) 100vw, 800px\" \/><\/figure>\n\n\n\n<p>Las ra\u00edces crecer\u00e1n muy r\u00e1pidamente y deber\u00e1 trasplantar la orqu\u00eddea a una maceta m\u00e1s grande.<\/p>\n","protected":false},"excerpt":{"rendered":"<p>\u00a1No solo se puede agregar musgo en la parte superior de la maceta, sino que tambi\u00e9n se puede utilizar en lugar de la corteza com\u00fan! \u00a1Transplante su orqu\u00eddea al musgo &#8230; <\/p>\n<p class=\"read-more-container\"><a title=\"Preserv\u00e9 una orqu\u00eddea de Machu Picchu y no pod\u00eda dejar de asombrarme. ES MUCHO M\u00c1S HERMOSA Y SALUDABLE.\" class=\"read-more button\" href=\"https:\/\/abuelaenlacocina.com\/index.php\/2024\/01\/24\/preserve-una-orquidea-de-machu-picchu-y-no-podia-dejar-de-asombrarme-es-mucho-mas-hermosa-y-saludable\/#more-11734\" aria-label=\"More on Preserv\u00e9 una orqu\u00eddea de Machu Picchu y no pod\u00eda dejar de asombrarme. ES MUCHO M\u00c1S HERMOSA Y SALUDABLE.\">Seguir leyendo<\/a><\/p>\n","protected":false},"author":5,"featured_media":11739,"comment_status":"closed","ping_status":"closed","sticky":false,"template":"","format":"standard","meta":{"footnotes":""},"categories":[3],"tags":[],"class_list":["post-11734","post","type-post","status-publish","format-standard","has-post-thumbnail","hentry","category-jardin-y-consejos","generate-columns","tablet-grid-50","mobile-grid-100","grid-parent","grid-50","no-featured-image-padding"],"_links":{"self":[{"href":"https:\/\/abuelaenlacocina.com\/index.php\/wp-json\/wp\/v2\/posts\/11734","targetHints":{"allow":["GET"]}}],"collection":[{"href":"https:\/\/abuelaenlacocina.com\/index.php\/wp-json\/wp\/v2\/posts"}],"about":[{"href":"https:\/\/abuelaenlacocina.com\/index.php\/wp-json\/wp\/v2\/types\/post"}],"author":[{"embeddable":true,"href":"https:\/\/abuelaenlacocina.com\/index.php\/wp-json\/wp\/v2\/users\/5"}],"replies":[{"embeddable":true,"href":"https:\/\/abuelaenlacocina.com\/index.php\/wp-json\/wp\/v2\/comments?post=11734"}],"version-history":[{"count":2,"href":"https:\/\/abuelaenlacocina.com\/index.php\/wp-json\/wp\/v2\/posts\/11734\/revisions"}],"predecessor-version":[{"id":17497,"href":"https:\/\/abuelaenlacocina.com\/index.php\/wp-json\/wp\/v2\/posts\/11734\/revisions\/17497"}],"wp:featuredmedia":[{"embeddable":true,"href":"https:\/\/abuelaenlacocina.com\/index.php\/wp-json\/wp\/v2\/media\/11739"}],"wp:attachment":[{"href":"https:\/\/abuelaenlacocina.com\/index.php\/wp-json\/wp\/v2\/media?parent=11734"}],"wp:term":[{"taxonomy":"category","embeddable":true,"href":"https:\/\/abuelaenlacocina.com\/index.php\/wp-json\/wp\/v2\/categories?post=11734"},{"taxonomy":"post_tag","embeddable":true,"href":"https:\/\/abuelaenlacocina.com\/index.php\/wp-json\/wp\/v2\/tags?post=11734"}],"curies":[{"name":"wp","href":"https:\/\/api.w.org\/{rel}","templated":true}]}}