{"id":11613,"date":"2024-01-21T18:55:24","date_gmt":"2024-01-21T18:55:24","guid":{"rendered":"https:\/\/abuelaenlacocina.com\/?p=11613"},"modified":"2024-01-21T18:55:25","modified_gmt":"2024-01-21T18:55:25","slug":"presencie-el-crecimiento-de-mi-orquidea-desde-la-semilla-y-no-podia-dejar-de-maravillarme-es-mucho-mas-hermosa-y-saludable","status":"publish","type":"post","link":"https:\/\/abuelaenlacocina.com\/index.php\/2024\/01\/21\/presencie-el-crecimiento-de-mi-orquidea-desde-la-semilla-y-no-podia-dejar-de-maravillarme-es-mucho-mas-hermosa-y-saludable\/","title":{"rendered":"Presenci\u00e9 el crecimiento de mi orqu\u00eddea desde la semilla y no pod\u00eda dejar de maravillarme. ES MUCHO M\u00c1S HERMOSA Y SALUDABLE."},"content":{"rendered":"\n<p>Quiz\u00e1 no solo colocar el musgo en la parte superior de la maceta, sino usarlo en lugar de la corteza com\u00fan. \u00a1Trasplante su orqu\u00eddea a musgo y d\u00e9jese sorprender por el resultado!<\/p>\n\n\n\n<figure class=\"wp-block-image size-full\"><img loading=\"lazy\" decoding=\"async\" width=\"800\" height=\"450\" src=\"https:\/\/abuelaenlacocina.com\/wp-content\/uploads\/2024\/01\/image-600.png\" alt=\"\" class=\"wp-image-11616\" srcset=\"https:\/\/abuelaenlacocina.com\/wp-content\/uploads\/2024\/01\/image-600.png 800w, https:\/\/abuelaenlacocina.com\/wp-content\/uploads\/2024\/01\/image-600-300x169.png 300w, https:\/\/abuelaenlacocina.com\/wp-content\/uploads\/2024\/01\/image-600-768x432.png 768w\" sizes=\"auto, (max-width: 800px) 100vw, 800px\" \/><\/figure>\n\n\n\n<p>El musgo retiene perfectamente la humedad y la libera gradualmente a las ra\u00edces. Por lo tanto, tendr\u00e1 que regar la orqu\u00eddea mucho menos de lo habitual. Riegue cuando el musgo se ilumine y las ra\u00edces cambien de color verde a plateado-gris\u00e1ceo.<\/p>\n\n\n\n<figure class=\"wp-block-image size-full\"><img loading=\"lazy\" decoding=\"async\" width=\"800\" height=\"450\" src=\"https:\/\/abuelaenlacocina.com\/wp-content\/uploads\/2024\/01\/image-599.png\" alt=\"\" class=\"wp-image-11615\" srcset=\"https:\/\/abuelaenlacocina.com\/wp-content\/uploads\/2024\/01\/image-599.png 800w, https:\/\/abuelaenlacocina.com\/wp-content\/uploads\/2024\/01\/image-599-300x169.png 300w, https:\/\/abuelaenlacocina.com\/wp-content\/uploads\/2024\/01\/image-599-768x432.png 768w\" sizes=\"auto, (max-width: 800px) 100vw, 800px\" \/><\/figure>\n\n\n\n<p>Si las ra\u00edces son abundantemente verdes, no es necesario regar. Lo mejor es regar suavemente con una jeringa a lo largo del borde para evitar derrames. \u00a1Basta con mojar el musgo para que cambie de color, eso es todo!<\/p>\n\n\n\n<p>Las ra\u00edces crecer\u00e1n muy r\u00e1pido y deber\u00e1 trasplantar la orqu\u00eddea a una maceta m\u00e1s grande.<\/p>\n","protected":false},"excerpt":{"rendered":"<p>Quiz\u00e1 no solo colocar el musgo en la parte superior de la maceta, sino usarlo en lugar de la corteza com\u00fan. \u00a1Trasplante su orqu\u00eddea a musgo y d\u00e9jese sorprender por &#8230; <\/p>\n<p class=\"read-more-container\"><a title=\"Presenci\u00e9 el crecimiento de mi orqu\u00eddea desde la semilla y no pod\u00eda dejar de maravillarme. ES MUCHO M\u00c1S HERMOSA Y SALUDABLE.\" class=\"read-more button\" href=\"https:\/\/abuelaenlacocina.com\/index.php\/2024\/01\/21\/presencie-el-crecimiento-de-mi-orquidea-desde-la-semilla-y-no-podia-dejar-de-maravillarme-es-mucho-mas-hermosa-y-saludable\/#more-11613\" aria-label=\"More on Presenci\u00e9 el crecimiento de mi orqu\u00eddea desde la semilla y no pod\u00eda dejar de maravillarme. ES MUCHO M\u00c1S HERMOSA Y SALUDABLE.\">Seguir leyendo<\/a><\/p>\n","protected":false},"author":5,"featured_media":11614,"comment_status":"closed","ping_status":"closed","sticky":false,"template":"","format":"standard","meta":{"footnotes":""},"categories":[3],"tags":[],"class_list":["post-11613","post","type-post","status-publish","format-standard","has-post-thumbnail","hentry","category-jardin-y-consejos","generate-columns","tablet-grid-50","mobile-grid-100","grid-parent","grid-50","no-featured-image-padding"],"_links":{"self":[{"href":"https:\/\/abuelaenlacocina.com\/index.php\/wp-json\/wp\/v2\/posts\/11613","targetHints":{"allow":["GET"]}}],"collection":[{"href":"https:\/\/abuelaenlacocina.com\/index.php\/wp-json\/wp\/v2\/posts"}],"about":[{"href":"https:\/\/abuelaenlacocina.com\/index.php\/wp-json\/wp\/v2\/types\/post"}],"author":[{"embeddable":true,"href":"https:\/\/abuelaenlacocina.com\/index.php\/wp-json\/wp\/v2\/users\/5"}],"replies":[{"embeddable":true,"href":"https:\/\/abuelaenlacocina.com\/index.php\/wp-json\/wp\/v2\/comments?post=11613"}],"version-history":[{"count":1,"href":"https:\/\/abuelaenlacocina.com\/index.php\/wp-json\/wp\/v2\/posts\/11613\/revisions"}],"predecessor-version":[{"id":11617,"href":"https:\/\/abuelaenlacocina.com\/index.php\/wp-json\/wp\/v2\/posts\/11613\/revisions\/11617"}],"wp:featuredmedia":[{"embeddable":true,"href":"https:\/\/abuelaenlacocina.com\/index.php\/wp-json\/wp\/v2\/media\/11614"}],"wp:attachment":[{"href":"https:\/\/abuelaenlacocina.com\/index.php\/wp-json\/wp\/v2\/media?parent=11613"}],"wp:term":[{"taxonomy":"category","embeddable":true,"href":"https:\/\/abuelaenlacocina.com\/index.php\/wp-json\/wp\/v2\/categories?post=11613"},{"taxonomy":"post_tag","embeddable":true,"href":"https:\/\/abuelaenlacocina.com\/index.php\/wp-json\/wp\/v2\/tags?post=11613"}],"curies":[{"name":"wp","href":"https:\/\/api.w.org\/{rel}","templated":true}]}}