{"id":11545,"date":"2024-01-21T11:18:50","date_gmt":"2024-01-21T11:18:50","guid":{"rendered":"https:\/\/abuelaenlacocina.com\/?p=11545"},"modified":"2024-01-21T11:18:52","modified_gmt":"2024-01-21T11:18:52","slug":"mi-abuela-me-dio-un-consejo-sobre-como-almacenar-el-ajo-permanecera-fresco-durante-un-ano-y-no-tendras-que-comprarlo-constantemente","status":"publish","type":"post","link":"https:\/\/abuelaenlacocina.com\/index.php\/2024\/01\/21\/mi-abuela-me-dio-un-consejo-sobre-como-almacenar-el-ajo-permanecera-fresco-durante-un-ano-y-no-tendras-que-comprarlo-constantemente\/","title":{"rendered":"&#8220;Mi abuela me dio un consejo sobre c\u00f3mo almacenar el ajo. Permanecer\u00e1 fresco durante un a\u00f1o y no tendr\u00e1s que comprarlo constantemente.&#8221;"},"content":{"rendered":"\n<p><strong>&#8220;Los beneficios del ajo son conocidos desde hace varios siglos y es uno de los ingredientes b\u00e1sicos que siempre deber\u00edas tener a mano. Sin embargo, no todos saben c\u00f3mo almacenarlo.<\/strong><\/p>\n\n\n\n<p>El almacenamiento del ajo es un tema crucial. Si cuenta con las condiciones de almacenamiento adecuadas, puede durar hasta la pr\u00f3xima temporada. De lo contrario, comenzar\u00e1 a pudrirse o a germinar. Si desea evitarlo y aprender c\u00f3mo crear las condiciones ideales para almacenar el ajo, contin\u00fae leyendo este art\u00edculo&#8230;&#8221;<\/p>\n\n\n\n<figure class=\"wp-block-image size-full\"><img loading=\"lazy\" decoding=\"async\" width=\"500\" height=\"750\" src=\"https:\/\/abuelaenlacocina.com\/wp-content\/uploads\/2024\/01\/image-574.png\" alt=\"\" class=\"wp-image-11546\" srcset=\"https:\/\/abuelaenlacocina.com\/wp-content\/uploads\/2024\/01\/image-574.png 500w, https:\/\/abuelaenlacocina.com\/wp-content\/uploads\/2024\/01\/image-574-200x300.png 200w\" sizes=\"auto, (max-width: 500px) 100vw, 500px\" \/><\/figure>\n\n\n\n<p>&#8220;Las propiedades beneficiosas del ajo se explican en gran medida por el hecho de que es un bulbo que contiene tantos nutrientes por s\u00ed mismo que podr\u00eda crecer en el futuro. <strong>Tan pronto como el ajo comienza a germinar (lo cual suele ocurrir debido a la alta humedad), el contenido de vitaminas comienza a disminuir r\u00e1pidamente. Empieza a verse marchito, sin sabor y se estropea r\u00e1pidamente<\/strong>.<\/p>\n\n\n\n<p>La putrefacci\u00f3n convierte al ajo en una cosecha que no debe consumirse. Antes de almacenar el ajo, debe clasificarse cuidadosamente y eliminarse cualquier cabeza con manchas, agujeros o \u00e1reas oscuras.<\/p>\n\n\n\n<p><strong>M\u00c9TODO ANTIGUO DE ALMACENAMIENTO<\/strong><\/p>\n\n\n\n<p>Antes de la invenci\u00f3n de los refrigeradores, el ajo se trenzaba y colgaba en un lugar fresco y oscuro, como un desv\u00e1n o s\u00f3tano. Pod\u00eda almacenarse as\u00ed durante varios meses sin germinar. Pero qu\u00e9 hacer si sus condiciones no permiten almacenar el ajo de esta manera en casa?<\/p>\n\n\n\n<p><strong>QUEMAR LAS RA\u00cdCES<\/strong><\/p>\n\n\n\n<p>Todo ajo reci\u00e9n recolectado o comprado tiene ra\u00edces. S\u00ed, no son muy visibles, pero son responsables de si el ajo germina o no. Para evitarlo, deben quemarse con f\u00f3sforos, un encendedor o una llama en la estufa.<\/p>\n\n\n\n<p><strong>Hierbas, hierbas, frescura PEXELS<\/strong><\/p>\n\n\n\n<figure class=\"wp-block-image size-full\"><img loading=\"lazy\" decoding=\"async\" width=\"500\" height=\"750\" src=\"https:\/\/abuelaenlacocina.com\/wp-content\/uploads\/2024\/01\/image-575.png\" alt=\"\" class=\"wp-image-11547\" srcset=\"https:\/\/abuelaenlacocina.com\/wp-content\/uploads\/2024\/01\/image-575.png 500w, https:\/\/abuelaenlacocina.com\/wp-content\/uploads\/2024\/01\/image-575-200x300.png 200w\" sizes=\"auto, (max-width: 500px) 100vw, 500px\" \/><\/figure>\n\n\n\n<p><strong>Enterrar en sal<\/strong><\/p>\n\n\n\n<p>Este m\u00e9todo requiere una caja de madera o un recipiente de tres litros. Las capas de sal se alternan con las cabezas de ajo y las rodean firmemente. De esta manera, los dientes de ajo permanecen frescos durante mucho tiempo y no pueden pudrirse ni empezar a germinar: es como si estuvieran conservados en sal.<\/p>\n\n\n\n<p>Otra forma de proteger el ajo contra la humedad es utilizar aserr\u00edn, granos, ceniza o harina en lugar de sal, siempre que la capa superior del producto suelto tenga un grosor de al menos <strong>2 cm.<\/strong><\/p>\n\n\n\n<p><strong>Parafina derretida<\/strong><\/p>\n\n\n\n<p>Antiguamente, el ajo reci\u00e9n recolectado se sumerg\u00eda en parafina derretida, se dejaba escurrir y se endurec\u00eda. De esta manera, no pod\u00eda perder humedad y no corr\u00eda el riesgo de estropearse.<\/p>\n\n\n\n<p>\u00a1Comparte este art\u00edculo con aquellos que no saben c\u00f3mo almacenar correctamente el ajo en condiciones dom\u00e9sticas!&#8221;<\/p>\n","protected":false},"excerpt":{"rendered":"<p>&#8220;Los beneficios del ajo son conocidos desde hace varios siglos y es uno de los ingredientes b\u00e1sicos que siempre deber\u00edas tener a mano. Sin embargo, no todos saben c\u00f3mo almacenarlo. &#8230; <\/p>\n<p class=\"read-more-container\"><a title=\"&#8220;Mi abuela me dio un consejo sobre c\u00f3mo almacenar el ajo. Permanecer\u00e1 fresco durante un a\u00f1o y no tendr\u00e1s que comprarlo constantemente.&#8221;\" class=\"read-more button\" href=\"https:\/\/abuelaenlacocina.com\/index.php\/2024\/01\/21\/mi-abuela-me-dio-un-consejo-sobre-como-almacenar-el-ajo-permanecera-fresco-durante-un-ano-y-no-tendras-que-comprarlo-constantemente\/#more-11545\" aria-label=\"More on &#8220;Mi abuela me dio un consejo sobre c\u00f3mo almacenar el ajo. Permanecer\u00e1 fresco durante un a\u00f1o y no tendr\u00e1s que comprarlo constantemente.&#8221;\">Seguir leyendo<\/a><\/p>\n","protected":false},"author":5,"featured_media":11548,"comment_status":"closed","ping_status":"closed","sticky":false,"template":"","format":"standard","meta":{"footnotes":""},"categories":[3],"tags":[],"class_list":["post-11545","post","type-post","status-publish","format-standard","has-post-thumbnail","hentry","category-jardin-y-consejos","generate-columns","tablet-grid-50","mobile-grid-100","grid-parent","grid-50","no-featured-image-padding"],"_links":{"self":[{"href":"https:\/\/abuelaenlacocina.com\/index.php\/wp-json\/wp\/v2\/posts\/11545","targetHints":{"allow":["GET"]}}],"collection":[{"href":"https:\/\/abuelaenlacocina.com\/index.php\/wp-json\/wp\/v2\/posts"}],"about":[{"href":"https:\/\/abuelaenlacocina.com\/index.php\/wp-json\/wp\/v2\/types\/post"}],"author":[{"embeddable":true,"href":"https:\/\/abuelaenlacocina.com\/index.php\/wp-json\/wp\/v2\/users\/5"}],"replies":[{"embeddable":true,"href":"https:\/\/abuelaenlacocina.com\/index.php\/wp-json\/wp\/v2\/comments?post=11545"}],"version-history":[{"count":1,"href":"https:\/\/abuelaenlacocina.com\/index.php\/wp-json\/wp\/v2\/posts\/11545\/revisions"}],"predecessor-version":[{"id":11549,"href":"https:\/\/abuelaenlacocina.com\/index.php\/wp-json\/wp\/v2\/posts\/11545\/revisions\/11549"}],"wp:featuredmedia":[{"embeddable":true,"href":"https:\/\/abuelaenlacocina.com\/index.php\/wp-json\/wp\/v2\/media\/11548"}],"wp:attachment":[{"href":"https:\/\/abuelaenlacocina.com\/index.php\/wp-json\/wp\/v2\/media?parent=11545"}],"wp:term":[{"taxonomy":"category","embeddable":true,"href":"https:\/\/abuelaenlacocina.com\/index.php\/wp-json\/wp\/v2\/categories?post=11545"},{"taxonomy":"post_tag","embeddable":true,"href":"https:\/\/abuelaenlacocina.com\/index.php\/wp-json\/wp\/v2\/tags?post=11545"}],"curies":[{"name":"wp","href":"https:\/\/api.w.org\/{rel}","templated":true}]}}