{"id":11315,"date":"2024-01-20T09:49:39","date_gmt":"2024-01-20T09:49:39","guid":{"rendered":"https:\/\/abuelaenlacocina.com\/?p=11315"},"modified":"2024-01-20T09:49:42","modified_gmt":"2024-01-20T09:49:42","slug":"jabon-para-la-colada-lo-uso-en-el-jardin-todos-envidian-esta-idea-mia","status":"publish","type":"post","link":"https:\/\/abuelaenlacocina.com\/index.php\/2024\/01\/20\/jabon-para-la-colada-lo-uso-en-el-jardin-todos-envidian-esta-idea-mia\/","title":{"rendered":"Jab\u00f3n para la colada lo uso en el jard\u00edn. TODOS ENVIDIAN esta idea m\u00eda."},"content":{"rendered":"\n<p>El jab\u00f3n para la colada puede resolver muchos problemas en el jard\u00edn y en las plantas. Y lo mejor de todo, \u00a1no necesitas usar ning\u00fan producto qu\u00edmico! Simplemente, aplica una soluci\u00f3n de jab\u00f3n para la colada en el \u00e1rea afectada y olv\u00eddate de los problemas.<\/p>\n\n\n\n<p>El jab\u00f3n para la colada es conocido por sus propiedades protectoras contra los pulgones. Pueden aparecer en diversas plantas, no solo en rosales. Si detectas pulgones en alguna de tus plantas, ten por seguro que pronto los encontrar\u00e1s en otras.<\/p>\n\n\n\n<figure class=\"wp-block-image size-full\"><img loading=\"lazy\" decoding=\"async\" width=\"1020\" height=\"534\" src=\"https:\/\/abuelaenlacocina.com\/wp-content\/uploads\/2024\/01\/image-495.png\" alt=\"\" class=\"wp-image-11317\" srcset=\"https:\/\/abuelaenlacocina.com\/wp-content\/uploads\/2024\/01\/image-495.png 1020w, https:\/\/abuelaenlacocina.com\/wp-content\/uploads\/2024\/01\/image-495-300x157.png 300w, https:\/\/abuelaenlacocina.com\/wp-content\/uploads\/2024\/01\/image-495-768x402.png 768w\" sizes=\"auto, (max-width: 1020px) 100vw, 1020px\" \/><\/figure>\n\n\n\n<p>Toma 100 g de jab\u00f3n para la colada, r\u00e1llalo finamente y disu\u00e9lvelo en un litro de agua caliente. Vierte esto en 10 litros de agua a temperatura ambiente (como m\u00e1ximo), col\u00f3calo en un pulverizador y apl\u00edcalo. El jab\u00f3n para la colada no es perjudicial para las plantas ornamentales ni para los cultivos frutales.<\/p>\n\n\n\n<p>Si en el jard\u00edn surge un problema como el o\u00eddio, nuevamente el jab\u00f3n para la colada puede ayudar.<\/p>\n\n\n\n<p>Al igual que en el primer caso, ralla 100 g de jab\u00f3n, disu\u00e9lvelo en agua caliente y agrega una cucharada de bicarbonato de sodio.<\/p>\n\n\n\n<p>Vierte la soluci\u00f3n en 10 litros de agua, col\u00f3cala en un pulverizador y roc\u00eda sobre todas las plantas afectadas por el o\u00eddio. El efecto ser\u00e1 excelente y, lo m\u00e1s importante, \u00a1sin usar productos qu\u00edmicos!<\/p>\n","protected":false},"excerpt":{"rendered":"<p>El jab\u00f3n para la colada puede resolver muchos problemas en el jard\u00edn y en las plantas. Y lo mejor de todo, \u00a1no necesitas usar ning\u00fan producto qu\u00edmico! Simplemente, aplica una &#8230; <\/p>\n<p class=\"read-more-container\"><a title=\"Jab\u00f3n para la colada lo uso en el jard\u00edn. TODOS ENVIDIAN esta idea m\u00eda.\" class=\"read-more button\" href=\"https:\/\/abuelaenlacocina.com\/index.php\/2024\/01\/20\/jabon-para-la-colada-lo-uso-en-el-jardin-todos-envidian-esta-idea-mia\/#more-11315\" aria-label=\"More on Jab\u00f3n para la colada lo uso en el jard\u00edn. TODOS ENVIDIAN esta idea m\u00eda.\">Seguir leyendo<\/a><\/p>\n","protected":false},"author":5,"featured_media":11316,"comment_status":"closed","ping_status":"closed","sticky":false,"template":"","format":"standard","meta":{"footnotes":""},"categories":[3],"tags":[],"class_list":["post-11315","post","type-post","status-publish","format-standard","has-post-thumbnail","hentry","category-jardin-y-consejos","generate-columns","tablet-grid-50","mobile-grid-100","grid-parent","grid-50","no-featured-image-padding"],"_links":{"self":[{"href":"https:\/\/abuelaenlacocina.com\/index.php\/wp-json\/wp\/v2\/posts\/11315","targetHints":{"allow":["GET"]}}],"collection":[{"href":"https:\/\/abuelaenlacocina.com\/index.php\/wp-json\/wp\/v2\/posts"}],"about":[{"href":"https:\/\/abuelaenlacocina.com\/index.php\/wp-json\/wp\/v2\/types\/post"}],"author":[{"embeddable":true,"href":"https:\/\/abuelaenlacocina.com\/index.php\/wp-json\/wp\/v2\/users\/5"}],"replies":[{"embeddable":true,"href":"https:\/\/abuelaenlacocina.com\/index.php\/wp-json\/wp\/v2\/comments?post=11315"}],"version-history":[{"count":1,"href":"https:\/\/abuelaenlacocina.com\/index.php\/wp-json\/wp\/v2\/posts\/11315\/revisions"}],"predecessor-version":[{"id":11318,"href":"https:\/\/abuelaenlacocina.com\/index.php\/wp-json\/wp\/v2\/posts\/11315\/revisions\/11318"}],"wp:featuredmedia":[{"embeddable":true,"href":"https:\/\/abuelaenlacocina.com\/index.php\/wp-json\/wp\/v2\/media\/11316"}],"wp:attachment":[{"href":"https:\/\/abuelaenlacocina.com\/index.php\/wp-json\/wp\/v2\/media?parent=11315"}],"wp:term":[{"taxonomy":"category","embeddable":true,"href":"https:\/\/abuelaenlacocina.com\/index.php\/wp-json\/wp\/v2\/categories?post=11315"},{"taxonomy":"post_tag","embeddable":true,"href":"https:\/\/abuelaenlacocina.com\/index.php\/wp-json\/wp\/v2\/tags?post=11315"}],"curies":[{"name":"wp","href":"https:\/\/api.w.org\/{rel}","templated":true}]}}