{"id":11123,"date":"2024-01-18T21:44:54","date_gmt":"2024-01-18T21:44:54","guid":{"rendered":"https:\/\/abuelaenlacocina.com\/?p=11123"},"modified":"2024-01-18T21:44:57","modified_gmt":"2024-01-18T21:44:57","slug":"consejo-de-esta-manera-las-semillas-de-melocoton-germinaran-en-tan-solo-2-semanas-probado-y-funciona","status":"publish","type":"post","link":"https:\/\/abuelaenlacocina.com\/index.php\/2024\/01\/18\/consejo-de-esta-manera-las-semillas-de-melocoton-germinaran-en-tan-solo-2-semanas-probado-y-funciona\/","title":{"rendered":"Consejo: \u00a1De esta manera, las semillas de melocot\u00f3n germinar\u00e1n en tan solo 2 semanas! \u00a1PROBADO Y FUNCIONA!"},"content":{"rendered":"\n<p>Najprv si vyberte ve\u013emi zrel\u00fa brosky\u0148u \u2013 na hranici rozkladu.<\/p>\n\n\n\n<p>Pr\u00e1ve v takejto brosky\u0148i u\u017e bude k\u00f4stka otvoren\u00e1. Brosky\u0148u nakr\u00e1jajte a zbavte k\u00f4stky. Ak nem\u00f4\u017eete n\u00e1js\u0165 tak\u00fa brosky\u0148u, potom t\u00fa k\u00f4stku opatrne rozbite kladivom. D\u00e1vajte pozor, aby ste nepo\u0161kodili semienko!<\/p>\n\n\n\n<figure class=\"wp-block-image size-full\"><img loading=\"lazy\" decoding=\"async\" width=\"854\" height=\"480\" src=\"https:\/\/abuelaenlacocina.com\/wp-content\/uploads\/2024\/01\/image-428.png\" alt=\"\" class=\"wp-image-11124\" srcset=\"https:\/\/abuelaenlacocina.com\/wp-content\/uploads\/2024\/01\/image-428.png 854w, https:\/\/abuelaenlacocina.com\/wp-content\/uploads\/2024\/01\/image-428-300x169.png 300w, https:\/\/abuelaenlacocina.com\/wp-content\/uploads\/2024\/01\/image-428-768x432.png 768w\" sizes=\"auto, (max-width: 854px) 100vw, 854px\" \/><\/figure>\n\n\n\n<p>Semienka vlo\u017ete do misky s pr\u00edrodnou tkaninou tak, aby do nej prenikalo slne\u010dn\u00e9 svetlo.<\/p>\n\n\n\n<p>Semienka navlh\u010dite vodou z rozpra\u0161ova\u010da a prikryte utierkou. Nie je potrebn\u00e9 nalieva\u0165 ve\u013ea vody. Zatvorte veko n\u00e1doby. Nechajte to 2 t\u00fd\u017edne na slne\u010dnom mieste, av\u0161ak bez priameho slne\u010dn\u00e9ho \u017eiarenia. Pravidelne ich m\u00f4\u017eete otvori\u0165 a skontrolova\u0165, trochu navlh\u010di\u0165 (nepreh\u00e1\u0148ajte to!).<\/p>\n\n\n\n<figure class=\"wp-block-image size-full\"><img loading=\"lazy\" decoding=\"async\" width=\"854\" height=\"480\" src=\"https:\/\/abuelaenlacocina.com\/wp-content\/uploads\/2024\/01\/image-429.png\" alt=\"\" class=\"wp-image-11125\" srcset=\"https:\/\/abuelaenlacocina.com\/wp-content\/uploads\/2024\/01\/image-429.png 854w, https:\/\/abuelaenlacocina.com\/wp-content\/uploads\/2024\/01\/image-429-300x169.png 300w, https:\/\/abuelaenlacocina.com\/wp-content\/uploads\/2024\/01\/image-429-768x432.png 768w\" sizes=\"auto, (max-width: 854px) 100vw, 854px\" \/><\/figure>\n\n\n\n<p>Po 2 t\u00fd\u017ed\u0148och niektor\u00e9 semienka vykl\u00ed\u010dia. Navlh\u010dite ich takto a nechajte \u010fal\u0161ie 2 t\u00fd\u017edne.<\/p>\n\n\n\n<p>Ke\u010f u\u017e maj\u00fa tak\u00e9to dlh\u00e9 kl\u00ed\u010dky, m\u00f4\u017eu sa bezpe\u010dne zasadi\u0165 a je vysok\u00e1 pravdepodobnos\u0165, \u017ee sa im podar\u00ed zakoreni\u0165!<\/p>\n\n\n\n<p>Brosky\u0148ov\u00fd strom pestovan\u00fd zo semien za tak\u00fdchto podmienok bude r\u00e1s\u0165 r\u00fdchlo a s istotou sa m\u00f4\u017eete te\u0161i\u0165 na bohat\u00fa \u00farodu.<\/p>\n","protected":false},"excerpt":{"rendered":"<p>Najprv si vyberte ve\u013emi zrel\u00fa brosky\u0148u \u2013 na hranici rozkladu. Pr\u00e1ve v takejto brosky\u0148i u\u017e bude k\u00f4stka otvoren\u00e1. Brosky\u0148u nakr\u00e1jajte a zbavte k\u00f4stky. Ak nem\u00f4\u017eete n\u00e1js\u0165 tak\u00fa brosky\u0148u, potom t\u00fa &#8230; <\/p>\n<p class=\"read-more-container\"><a title=\"Consejo: \u00a1De esta manera, las semillas de melocot\u00f3n germinar\u00e1n en tan solo 2 semanas! \u00a1PROBADO Y FUNCIONA!\" class=\"read-more button\" href=\"https:\/\/abuelaenlacocina.com\/index.php\/2024\/01\/18\/consejo-de-esta-manera-las-semillas-de-melocoton-germinaran-en-tan-solo-2-semanas-probado-y-funciona\/#more-11123\" aria-label=\"More on Consejo: \u00a1De esta manera, las semillas de melocot\u00f3n germinar\u00e1n en tan solo 2 semanas! \u00a1PROBADO Y FUNCIONA!\">Seguir leyendo<\/a><\/p>\n","protected":false},"author":5,"featured_media":11126,"comment_status":"closed","ping_status":"closed","sticky":false,"template":"","format":"standard","meta":{"footnotes":""},"categories":[3],"tags":[],"class_list":["post-11123","post","type-post","status-publish","format-standard","has-post-thumbnail","hentry","category-jardin-y-consejos","generate-columns","tablet-grid-50","mobile-grid-100","grid-parent","grid-50","no-featured-image-padding"],"_links":{"self":[{"href":"https:\/\/abuelaenlacocina.com\/index.php\/wp-json\/wp\/v2\/posts\/11123","targetHints":{"allow":["GET"]}}],"collection":[{"href":"https:\/\/abuelaenlacocina.com\/index.php\/wp-json\/wp\/v2\/posts"}],"about":[{"href":"https:\/\/abuelaenlacocina.com\/index.php\/wp-json\/wp\/v2\/types\/post"}],"author":[{"embeddable":true,"href":"https:\/\/abuelaenlacocina.com\/index.php\/wp-json\/wp\/v2\/users\/5"}],"replies":[{"embeddable":true,"href":"https:\/\/abuelaenlacocina.com\/index.php\/wp-json\/wp\/v2\/comments?post=11123"}],"version-history":[{"count":1,"href":"https:\/\/abuelaenlacocina.com\/index.php\/wp-json\/wp\/v2\/posts\/11123\/revisions"}],"predecessor-version":[{"id":11127,"href":"https:\/\/abuelaenlacocina.com\/index.php\/wp-json\/wp\/v2\/posts\/11123\/revisions\/11127"}],"wp:featuredmedia":[{"embeddable":true,"href":"https:\/\/abuelaenlacocina.com\/index.php\/wp-json\/wp\/v2\/media\/11126"}],"wp:attachment":[{"href":"https:\/\/abuelaenlacocina.com\/index.php\/wp-json\/wp\/v2\/media?parent=11123"}],"wp:term":[{"taxonomy":"category","embeddable":true,"href":"https:\/\/abuelaenlacocina.com\/index.php\/wp-json\/wp\/v2\/categories?post=11123"},{"taxonomy":"post_tag","embeddable":true,"href":"https:\/\/abuelaenlacocina.com\/index.php\/wp-json\/wp\/v2\/tags?post=11123"}],"curies":[{"name":"wp","href":"https:\/\/api.w.org\/{rel}","templated":true}]}}