{"id":11100,"date":"2024-01-18T10:39:16","date_gmt":"2024-01-18T10:39:16","guid":{"rendered":"https:\/\/abuelaenlacocina.com\/?p=11100"},"modified":"2024-01-18T10:39:18","modified_gmt":"2024-01-18T10:39:18","slug":"la-amiga-me-aconsejo-que-cultivara-la-orquidea-en-agua-se-ven-hermosas","status":"publish","type":"post","link":"https:\/\/abuelaenlacocina.com\/index.php\/2024\/01\/18\/la-amiga-me-aconsejo-que-cultivara-la-orquidea-en-agua-se-ven-hermosas\/","title":{"rendered":"La amiga me aconsej\u00f3 que cultivara la orqu\u00eddea en agua. SE VEN HERMOSAS."},"content":{"rendered":"\n<p>Cuando se cuida adecuadamente, la orqu\u00eddea deleita con hermosas flores, y al mirarlas, f\u00e1cilmente olvidar\u00e1s todo el esfuerzo invertido en su cultivo.<\/p>\n\n\n\n<p>Para facilitar este proceso de cuidado de las orqu\u00eddeas, puedes utilizar un m\u00e9todo de cultivo inusual: en agua.<\/p>\n\n\n\n<figure class=\"wp-block-image size-full\"><img loading=\"lazy\" decoding=\"async\" width=\"351\" height=\"422\" src=\"https:\/\/abuelaenlacocina.com\/wp-content\/uploads\/2024\/01\/image-420.png\" alt=\"\" class=\"wp-image-11102\" srcset=\"https:\/\/abuelaenlacocina.com\/wp-content\/uploads\/2024\/01\/image-420.png 351w, https:\/\/abuelaenlacocina.com\/wp-content\/uploads\/2024\/01\/image-420-250x300.png 250w\" sizes=\"auto, (max-width: 351px) 100vw, 351px\" \/><\/figure>\n\n\n\n<p>Cualquier recipiente es adecuado para el cultivo, pero es mejor usar un recipiente de vidrio transparente o un jarr\u00f3n, ya que ser\u00e1 m\u00e1s f\u00e1cil controlar el estado del sistema de ra\u00edces. Otro punto importante es que el recipiente no debe ser profundo.<\/p>\n\n\n\n<p>En el cultivo de orqu\u00eddeas de esta manera, la calidad del agua juega un papel importante. No se recomienda usar agua corriente del grifo, ya que puede contener una gran cantidad de productos qu\u00edmicos que son perjudiciales para esta flor. Lo mejor es utilizar agua de lluvia fresca o destilada.<\/p>\n\n\n\n<figure class=\"wp-block-image size-full\"><img loading=\"lazy\" decoding=\"async\" width=\"473\" height=\"632\" src=\"https:\/\/abuelaenlacocina.com\/wp-content\/uploads\/2024\/01\/image-421.png\" alt=\"\" class=\"wp-image-11103\" srcset=\"https:\/\/abuelaenlacocina.com\/wp-content\/uploads\/2024\/01\/image-421.png 473w, https:\/\/abuelaenlacocina.com\/wp-content\/uploads\/2024\/01\/image-421-225x300.png 225w\" sizes=\"auto, (max-width: 473px) 100vw, 473px\" \/><\/figure>\n\n\n\n<p>Aseg\u00farate de que el nivel del agua no est\u00e9 por debajo del comienzo del sistema de ra\u00edces.<\/p>\n\n\n\n<p>El agua debe cambiarse una vez a la semana, y el recipiente debe lavarse una vez al mes, al igual que las ra\u00edces, que se dejan secar durante 6 minutos.<\/p>\n\n\n\n<p>No temas cultivar la orqu\u00eddea sin sustrato, ya que en la naturaleza crecen en los \u00e1rboles.<\/p>\n","protected":false},"excerpt":{"rendered":"<p>Cuando se cuida adecuadamente, la orqu\u00eddea deleita con hermosas flores, y al mirarlas, f\u00e1cilmente olvidar\u00e1s todo el esfuerzo invertido en su cultivo. Para facilitar este proceso de cuidado de las &#8230; <\/p>\n<p class=\"read-more-container\"><a title=\"La amiga me aconsej\u00f3 que cultivara la orqu\u00eddea en agua. SE VEN HERMOSAS.\" class=\"read-more button\" href=\"https:\/\/abuelaenlacocina.com\/index.php\/2024\/01\/18\/la-amiga-me-aconsejo-que-cultivara-la-orquidea-en-agua-se-ven-hermosas\/#more-11100\" aria-label=\"More on La amiga me aconsej\u00f3 que cultivara la orqu\u00eddea en agua. SE VEN HERMOSAS.\">Seguir leyendo<\/a><\/p>\n","protected":false},"author":5,"featured_media":11101,"comment_status":"closed","ping_status":"closed","sticky":false,"template":"","format":"standard","meta":{"footnotes":""},"categories":[3],"tags":[],"class_list":["post-11100","post","type-post","status-publish","format-standard","has-post-thumbnail","hentry","category-jardin-y-consejos","generate-columns","tablet-grid-50","mobile-grid-100","grid-parent","grid-50","no-featured-image-padding"],"_links":{"self":[{"href":"https:\/\/abuelaenlacocina.com\/index.php\/wp-json\/wp\/v2\/posts\/11100","targetHints":{"allow":["GET"]}}],"collection":[{"href":"https:\/\/abuelaenlacocina.com\/index.php\/wp-json\/wp\/v2\/posts"}],"about":[{"href":"https:\/\/abuelaenlacocina.com\/index.php\/wp-json\/wp\/v2\/types\/post"}],"author":[{"embeddable":true,"href":"https:\/\/abuelaenlacocina.com\/index.php\/wp-json\/wp\/v2\/users\/5"}],"replies":[{"embeddable":true,"href":"https:\/\/abuelaenlacocina.com\/index.php\/wp-json\/wp\/v2\/comments?post=11100"}],"version-history":[{"count":1,"href":"https:\/\/abuelaenlacocina.com\/index.php\/wp-json\/wp\/v2\/posts\/11100\/revisions"}],"predecessor-version":[{"id":11104,"href":"https:\/\/abuelaenlacocina.com\/index.php\/wp-json\/wp\/v2\/posts\/11100\/revisions\/11104"}],"wp:featuredmedia":[{"embeddable":true,"href":"https:\/\/abuelaenlacocina.com\/index.php\/wp-json\/wp\/v2\/media\/11101"}],"wp:attachment":[{"href":"https:\/\/abuelaenlacocina.com\/index.php\/wp-json\/wp\/v2\/media?parent=11100"}],"wp:term":[{"taxonomy":"category","embeddable":true,"href":"https:\/\/abuelaenlacocina.com\/index.php\/wp-json\/wp\/v2\/categories?post=11100"},{"taxonomy":"post_tag","embeddable":true,"href":"https:\/\/abuelaenlacocina.com\/index.php\/wp-json\/wp\/v2\/tags?post=11100"}],"curies":[{"name":"wp","href":"https:\/\/api.w.org\/{rel}","templated":true}]}}