{"id":11029,"date":"2024-01-17T11:37:39","date_gmt":"2024-01-17T11:37:39","guid":{"rendered":"https:\/\/abuelaenlacocina.com\/?p=11029"},"modified":"2024-01-17T11:37:42","modified_gmt":"2024-01-17T11:37:42","slug":"anada-estas-dos-tabletas-a-las-flores-y-su-ramo-festivo-durara-hasta-7-dias-mas","status":"publish","type":"post","link":"https:\/\/abuelaenlacocina.com\/index.php\/2024\/01\/17\/anada-estas-dos-tabletas-a-las-flores-y-su-ramo-festivo-durara-hasta-7-dias-mas\/","title":{"rendered":"A\u00f1ada estas dos tabletas a las flores y su ramo FESTIVO durar\u00e1 hasta 7 d\u00edas m\u00e1s."},"content":{"rendered":"\n<p><strong>Descubre c\u00f3mo prolongar la vida de las flores y asegurarte de que tu ramo de San Valent\u00edn deleite la vista durante mucho m\u00e1s tiempo. Aqu\u00ed tienes un truco sencillo.<\/strong><\/p>\n\n\n\n<p>Casi toda mujer desea que el ramo que recibe en San Valent\u00edn u otra ocasi\u00f3n permanezca fresco en el jarr\u00f3n el mayor tiempo posible. Sin embargo, las habitaciones con calefacci\u00f3n y el aire seco no son beneficiosos para las plantas. Con un poco de ingenio, sin embargo, puedes mantenerlas vivas por un tiempo m\u00e1s prolongado.<\/p>\n\n\n\n<p><strong>QU\u00c9 PUEDES HACER PARA QUE TUS FLORES CORTADAS PERDUREN M\u00c1S TIEMPO FRESCAS?<\/strong><\/p>\n\n\n\n<p>En primer lugar, corta los tallos de todas las plantas en el ramo. Ac\u00f3rtalos aproximadamente 2-3 cm. No olvides cortar en diagonal (a un \u00e1ngulo de 45 grados), no recto.<\/p>\n\n\n\n<p><strong>Utiliza un cuchillo o unas tijeras para ello<\/strong>. Las tijeras de jard\u00edn pueden aplastar innecesariamente los tallos. Aseg\u00farate de desinfectar la herramienta primero para garantizar que las plantas no se infecten con ninguna enfermedad.<\/p>\n\n\n\n<figure class=\"wp-block-image size-large\"><img loading=\"lazy\" decoding=\"async\" width=\"683\" height=\"1024\" src=\"https:\/\/abuelaenlacocina.com\/wp-content\/uploads\/2024\/01\/image-393-683x1024.png\" alt=\"\" class=\"wp-image-11030\" srcset=\"https:\/\/abuelaenlacocina.com\/wp-content\/uploads\/2024\/01\/image-393-683x1024.png 683w, https:\/\/abuelaenlacocina.com\/wp-content\/uploads\/2024\/01\/image-393-200x300.png 200w, https:\/\/abuelaenlacocina.com\/wp-content\/uploads\/2024\/01\/image-393-768x1152.png 768w, https:\/\/abuelaenlacocina.com\/wp-content\/uploads\/2024\/01\/image-393-1024x1536.png 1024w, https:\/\/abuelaenlacocina.com\/wp-content\/uploads\/2024\/01\/image-393-1365x2048.png 1365w\" sizes=\"auto, (max-width: 683px) 100vw, 683px\" \/><\/figure>\n\n\n\n<p>Elimina todas las hojas de la parte inferior de los tallos. <strong>El objetivo es que las hojas no est\u00e9n sumergidas en agua,<\/strong> ya que se descompondr\u00edan m\u00e1s r\u00e1pidamente y contaminar\u00edan el l\u00edquido. Vierte agua en el jarr\u00f3n. No lo llenes por completo. Es suficiente con que el agua ocupe aproximadamente una cuarta parte de su volumen.<\/p>\n\n\n\n<p>Luego, agrega dos aspirinas efervescentes al agua y mezcla bien todo. Estas prolongar\u00e1n la vida de las flores y reducir\u00e1n el crecimiento de microorganismos en el agua.<\/p>\n\n\n\n<p>No coloques el jarr\u00f3n cerca de una fuente de calor ni a la luz solar directa. Al segundo o tercer d\u00eda, cambia el agua en el jarr\u00f3n y vuelve a cortar los tallos.<\/p>\n\n\n\n<p><strong>C\u00d3MO REVIVIR ROSAS QUE SE MARCHITAN? <\/strong><\/p>\n\n\n\n<p>Si ves que los p\u00e9talos de las rosas comienzan a marchitarse y a doblarse hacia abajo, es necesario cortarlos. Col\u00f3calos en un recipiente bajo (vaso, taza) y vierte agua fr\u00eda sobre ellos. Despu\u00e9s de 30 minutos, las flores se revitalizar\u00e1n y levantar\u00e1n los p\u00e9talos hacia arriba.<\/p>\n\n\n\n<p>Tambi\u00e9n puedes probar un ba\u00f1o intensivo. Llena la ba\u00f1era con agua fr\u00eda y sumerge las flores completas (incluyendo los tallos) durante la noche. Adem\u00e1s, puedes humedecerlas con agua de un rociador (rociado suave). A las rosas les gusta mucha agua, que debe ser limpia, fr\u00eda y fresca.<\/p>\n","protected":false},"excerpt":{"rendered":"<p>Descubre c\u00f3mo prolongar la vida de las flores y asegurarte de que tu ramo de San Valent\u00edn deleite la vista durante mucho m\u00e1s tiempo. Aqu\u00ed tienes un truco sencillo. Casi &#8230; <\/p>\n<p class=\"read-more-container\"><a title=\"A\u00f1ada estas dos tabletas a las flores y su ramo FESTIVO durar\u00e1 hasta 7 d\u00edas m\u00e1s.\" class=\"read-more button\" href=\"https:\/\/abuelaenlacocina.com\/index.php\/2024\/01\/17\/anada-estas-dos-tabletas-a-las-flores-y-su-ramo-festivo-durara-hasta-7-dias-mas\/#more-11029\" aria-label=\"More on A\u00f1ada estas dos tabletas a las flores y su ramo FESTIVO durar\u00e1 hasta 7 d\u00edas m\u00e1s.\">Seguir leyendo<\/a><\/p>\n","protected":false},"author":5,"featured_media":11031,"comment_status":"closed","ping_status":"closed","sticky":false,"template":"","format":"standard","meta":{"footnotes":""},"categories":[3],"tags":[],"class_list":["post-11029","post","type-post","status-publish","format-standard","has-post-thumbnail","hentry","category-jardin-y-consejos","generate-columns","tablet-grid-50","mobile-grid-100","grid-parent","grid-50","no-featured-image-padding"],"_links":{"self":[{"href":"https:\/\/abuelaenlacocina.com\/index.php\/wp-json\/wp\/v2\/posts\/11029","targetHints":{"allow":["GET"]}}],"collection":[{"href":"https:\/\/abuelaenlacocina.com\/index.php\/wp-json\/wp\/v2\/posts"}],"about":[{"href":"https:\/\/abuelaenlacocina.com\/index.php\/wp-json\/wp\/v2\/types\/post"}],"author":[{"embeddable":true,"href":"https:\/\/abuelaenlacocina.com\/index.php\/wp-json\/wp\/v2\/users\/5"}],"replies":[{"embeddable":true,"href":"https:\/\/abuelaenlacocina.com\/index.php\/wp-json\/wp\/v2\/comments?post=11029"}],"version-history":[{"count":1,"href":"https:\/\/abuelaenlacocina.com\/index.php\/wp-json\/wp\/v2\/posts\/11029\/revisions"}],"predecessor-version":[{"id":11032,"href":"https:\/\/abuelaenlacocina.com\/index.php\/wp-json\/wp\/v2\/posts\/11029\/revisions\/11032"}],"wp:featuredmedia":[{"embeddable":true,"href":"https:\/\/abuelaenlacocina.com\/index.php\/wp-json\/wp\/v2\/media\/11031"}],"wp:attachment":[{"href":"https:\/\/abuelaenlacocina.com\/index.php\/wp-json\/wp\/v2\/media?parent=11029"}],"wp:term":[{"taxonomy":"category","embeddable":true,"href":"https:\/\/abuelaenlacocina.com\/index.php\/wp-json\/wp\/v2\/categories?post=11029"},{"taxonomy":"post_tag","embeddable":true,"href":"https:\/\/abuelaenlacocina.com\/index.php\/wp-json\/wp\/v2\/tags?post=11029"}],"curies":[{"name":"wp","href":"https:\/\/api.w.org\/{rel}","templated":true}]}}