{"id":10856,"date":"2024-01-15T15:35:38","date_gmt":"2024-01-15T15:35:38","guid":{"rendered":"https:\/\/abuelaenlacocina.com\/?p=10856"},"modified":"2024-01-15T15:35:41","modified_gmt":"2024-01-15T15:35:41","slug":"una-hoja-de-laurel-en-la-nevera-mi-abuela-siempre-lo-hacia-he-aqui-por-que-y-como","status":"publish","type":"post","link":"https:\/\/abuelaenlacocina.com\/index.php\/2024\/01\/15\/una-hoja-de-laurel-en-la-nevera-mi-abuela-siempre-lo-hacia-he-aqui-por-que-y-como\/","title":{"rendered":"Una hoja de laurel en la nevera? Mi abuela siempre lo hac\u00eda. He aqu\u00ed por qu\u00e9 y c\u00f3mo."},"content":{"rendered":"\n<p id=\"block-0975a727-5aab-4f0e-b7fc-db2d5918866b\">Entre las plantas m\u00e1s extendidas en nuestro pa\u00eds, encabeza la lista&nbsp;<strong>el laurel.<\/strong>&nbsp;Es&nbsp;<strong>una planta espec\u00edfica<\/strong>&nbsp;utilizada desde hace siglos en la cocina, pero tambi\u00e9n para otros fines \u00fatiles.<\/p>\n\n\n\n<p id=\"block-1d577531-4b83-46f5-9c15-72a4cd0b0693\">En este art\u00edculo, vamos a revelar&nbsp;<strong>algunas caracter\u00edsticas notables de las hojas de laurel<\/strong>&nbsp;y&nbsp;<strong>un uso particular en la nevera.<\/strong>&nbsp;Aqu\u00ed est\u00e1n todos los detalles.<\/p>\n\n\n\n<h2 class=\"wp-block-heading\" id=\"block-e14582c1-de50-43e9-9f52-7bb22c7e34a8\"><strong>Laurel: una planta sin igual<\/strong><\/h2>\n\n\n\n<p id=\"block-42d7bbdf-2601-4d23-9ee8-9f1ff16e3815\">Si&nbsp;las hojas de laurel&nbsp;se llaman&nbsp;<strong>una planta magn\u00edfica<\/strong>, es por sus muchas propiedades. Puedes utilizar las hojas de laurel para&nbsp;<strong>preparar infusiones y tisanas<\/strong>&nbsp;que combaten el dolor abdominal.<\/p>\n\n\n\n<p id=\"block-95191a9e-9b83-42d8-8ade-a1af2ae6d2d6\">Gracias a su original fragancia, puedes\u00a0<strong>utilizar las hojas para perfumar toda la casa<\/strong>\u00a0y para condimentar distintos tipos de recetas.<\/p>\n\n\n\n<figure class=\"wp-block-image size-full\"><img loading=\"lazy\" decoding=\"async\" width=\"480\" height=\"320\" src=\"https:\/\/abuelaenlacocina.com\/wp-content\/uploads\/2024\/01\/image-329.png\" alt=\"\" class=\"wp-image-10859\" srcset=\"https:\/\/abuelaenlacocina.com\/wp-content\/uploads\/2024\/01\/image-329.png 480w, https:\/\/abuelaenlacocina.com\/wp-content\/uploads\/2024\/01\/image-329-300x200.png 300w\" sizes=\"auto, (max-width: 480px) 100vw, 480px\" \/><\/figure>\n\n\n\n<h2 class=\"wp-block-heading\" id=\"block-027b7334-0ae1-49e5-993e-a87d465724f7\"><strong>Por qu\u00e9 utilizar hojas de laurel en la nevera?<\/strong><\/h2>\n\n\n\n<p id=\"block-2e0cde14-2cfd-4d0c-8768-38fb3056dbcd\"><strong>Ha utilizado alguna vez esta planta en la nevera?<\/strong><\/p>\n\n\n\n<p id=\"block-2e0cde14-2cfd-4d0c-8768-38fb3056dbcd\">De hecho, el laurel se utiliza en el frigor\u00edfico por una raz\u00f3n muy sencilla. La planta del laurel es capaz de\u00a0<strong>parfumar todo el interior de su electrodom\u00e9stico.<\/strong><\/p>\n\n\n\n<p>Si ha notado que cuando abre la puerta del frigor\u00edfico salen malos olores, significa que algo va mal.<\/p>\n\n\n\n<p id=\"block-94e23e28-58f8-406f-b5d4-d699ef0f528f\">En su frigor\u00edfico, hay ciertos alimentos que desprenden un olor muy intenso m\u00e1s que otros, como el queso, por ejemplo. Por ello, los olores desagradables no est\u00e1n necesariamente relacionados con el estado de conservaci\u00f3n.<\/p>\n\n\n\n<p id=\"block-467995c6-6997-4ada-8660-af90be41e954\">Para solucionar este problema, puede&nbsp;<strong>utilizar hojas de laurel.<\/strong>&nbsp;Simplemente&nbsp;<strong>esparza unas cuantas hojas en los distintos estantes de su frigor\u00edfico<\/strong>&nbsp;y d\u00e9jelas durante varios d\u00edas.<\/p>\n\n\n\n<p id=\"block-30c6791b-8486-41bf-b8a2-5fafe5036ebb\">Puede&nbsp;<strong>asociar las hojas de laurel con la acci\u00f3n del bicarbonato s\u00f3dico<\/strong>. Este producto tambi\u00e9n es muy \u00fatil contra&nbsp;los malos olores&nbsp;gracias a su propiedad absorbente.<\/p>\n\n\n\n<h2 class=\"wp-block-heading\" id=\"block-cebd7770-d05b-4650-8789-92be5e6855e7\"><strong>Otros usos muy interesantes que puedes darle al laurel<\/strong><\/h2>\n\n\n\n<p id=\"block-cece5ee6-33fc-478e-82f4-c7272180807a\">Existen\u00a0<strong>otras opciones muy \u00fatiles para utilizar el laurel a diario<\/strong>. Por ejemplo, puedes\u00a0<strong>preparar una infusi\u00f3n para perfumar la casa y todas las superficies<\/strong>. Para ello, hierve unas cuantas hojas en un cazo y esparce el vapor por todas las habitaciones de la casa.<\/p>\n\n\n\n<figure class=\"wp-block-image size-full\"><img loading=\"lazy\" decoding=\"async\" width=\"880\" height=\"495\" src=\"https:\/\/abuelaenlacocina.com\/wp-content\/uploads\/2024\/01\/image-331.png\" alt=\"\" class=\"wp-image-10861\" srcset=\"https:\/\/abuelaenlacocina.com\/wp-content\/uploads\/2024\/01\/image-331.png 880w, https:\/\/abuelaenlacocina.com\/wp-content\/uploads\/2024\/01\/image-331-300x169.png 300w, https:\/\/abuelaenlacocina.com\/wp-content\/uploads\/2024\/01\/image-331-768x432.png 768w\" sizes=\"auto, (max-width: 880px) 100vw, 880px\" \/><\/figure>\n\n\n\n<p id=\"block-0ebd18c5-2c45-497e-80e2-9572e3e510ec\">Sab\u00edas, entonces, que tambi\u00e9n puedes\u00a0<strong>colocar las hojas de esta planta m\u00e1gica directamente en la bolsa de la aspiradora<\/strong>\u00a0para perfumar toda la casa cuando utilices tu electrodom\u00e9stico? Es incre\u00edble.<\/p>\n\n\n\n<p id=\"block-39aa108e-ca85-4548-a1e6-a149737122da\">Considere tambi\u00e9n&nbsp;<strong>hacer bolsitas llenas de hojas de laurel<\/strong>&nbsp;y colocarlas en cajones y armarios. De esta forma, eliminar\u00e1s insectos indeseados y perfumar\u00e1s todo el ambiente al mismo tiempo. \u00a1Incluso tu ropa estar\u00e1 completamente perfumada!<\/p>\n","protected":false},"excerpt":{"rendered":"<p>Entre las plantas m\u00e1s extendidas en nuestro pa\u00eds, encabeza la lista&nbsp;el laurel.&nbsp;Es&nbsp;una planta espec\u00edfica&nbsp;utilizada desde hace siglos en la cocina, pero tambi\u00e9n para otros fines \u00fatiles. En este art\u00edculo, vamos &#8230; <\/p>\n<p class=\"read-more-container\"><a title=\"Una hoja de laurel en la nevera? Mi abuela siempre lo hac\u00eda. He aqu\u00ed por qu\u00e9 y c\u00f3mo.\" class=\"read-more button\" href=\"https:\/\/abuelaenlacocina.com\/index.php\/2024\/01\/15\/una-hoja-de-laurel-en-la-nevera-mi-abuela-siempre-lo-hacia-he-aqui-por-que-y-como\/#more-10856\" aria-label=\"More on Una hoja de laurel en la nevera? Mi abuela siempre lo hac\u00eda. He aqu\u00ed por qu\u00e9 y c\u00f3mo.\">Seguir leyendo<\/a><\/p>\n","protected":false},"author":5,"featured_media":10857,"comment_status":"closed","ping_status":"closed","sticky":false,"template":"","format":"standard","meta":{"footnotes":""},"categories":[3],"tags":[],"class_list":["post-10856","post","type-post","status-publish","format-standard","has-post-thumbnail","hentry","category-jardin-y-consejos","generate-columns","tablet-grid-50","mobile-grid-100","grid-parent","grid-50","no-featured-image-padding"],"_links":{"self":[{"href":"https:\/\/abuelaenlacocina.com\/index.php\/wp-json\/wp\/v2\/posts\/10856","targetHints":{"allow":["GET"]}}],"collection":[{"href":"https:\/\/abuelaenlacocina.com\/index.php\/wp-json\/wp\/v2\/posts"}],"about":[{"href":"https:\/\/abuelaenlacocina.com\/index.php\/wp-json\/wp\/v2\/types\/post"}],"author":[{"embeddable":true,"href":"https:\/\/abuelaenlacocina.com\/index.php\/wp-json\/wp\/v2\/users\/5"}],"replies":[{"embeddable":true,"href":"https:\/\/abuelaenlacocina.com\/index.php\/wp-json\/wp\/v2\/comments?post=10856"}],"version-history":[{"count":1,"href":"https:\/\/abuelaenlacocina.com\/index.php\/wp-json\/wp\/v2\/posts\/10856\/revisions"}],"predecessor-version":[{"id":10862,"href":"https:\/\/abuelaenlacocina.com\/index.php\/wp-json\/wp\/v2\/posts\/10856\/revisions\/10862"}],"wp:featuredmedia":[{"embeddable":true,"href":"https:\/\/abuelaenlacocina.com\/index.php\/wp-json\/wp\/v2\/media\/10857"}],"wp:attachment":[{"href":"https:\/\/abuelaenlacocina.com\/index.php\/wp-json\/wp\/v2\/media?parent=10856"}],"wp:term":[{"taxonomy":"category","embeddable":true,"href":"https:\/\/abuelaenlacocina.com\/index.php\/wp-json\/wp\/v2\/categories?post=10856"},{"taxonomy":"post_tag","embeddable":true,"href":"https:\/\/abuelaenlacocina.com\/index.php\/wp-json\/wp\/v2\/tags?post=10856"}],"curies":[{"name":"wp","href":"https:\/\/api.w.org\/{rel}","templated":true}]}}